{"id":22549,"date":"2015-08-31T07:58:07","date_gmt":"2015-08-31T05:58:07","guid":{"rendered":"http:\/\/www.invarena.cz\/?p=22549"},"modified":"2015-08-31T07:58:07","modified_gmt":"2015-08-31T05:58:07","slug":"deti-zachranene-v-rakousku-pred-smrti-zizni-opustily-nemocnici","status":"publish","type":"post","link":"https:\/\/www.invarena.cz\/?p=22549","title":{"rendered":"D\u011bti zachr\u00e1n\u011bn\u00e9 v Rakousku p\u0159ed smrt\u00ed \u017e\u00edzn\u00ed opustily nemocnici"},"content":{"rendered":"<p><strong>T\u0159i syrsk\u00e9 d\u011bti z n\u00e1kladn\u00edho automobilu s uprchl\u00edky zadr\u017een\u00e9ho v p\u00e1tek v Horn\u00edch Rakousech, kter\u00e9 m\u00e1lem zem\u0159ely \u017e\u00edzn\u00ed, opustily v sobotu nemocnici v doprovodu sv\u00fdch rodi\u010d\u016f. <\/strong><!--more--><\/p>\n<p>Jejich sou\u010dasn\u00fd pobyt nen\u00ed zn\u00e1m\u00fd, pravd\u011bpodobn\u011b v\u0161ak m\u00ed\u0159\u00ed do N\u011bmecka, uvedla dnes podle agentury AFP rakousk\u00e1 policie.<br \/>\n    Dv\u011b p\u011btilet\u00e1 d\u011bv\u010d\u00e1tka a \u0161estilet\u00fd chlapec byli hospitalizov\u00e1ni &#8222;v extr\u00e9mn\u011b \u0161patn\u00e9m zdravotn\u00edm stavu&#8220;. &#8222;Zjistili jsme, \u017ee v sobotu se sv\u00fdmi rodi\u010di opustili nemocnici. Pot\u00e9 zmizeli. Domn\u00edv\u00e1me se, \u017ee se vydali do N\u011bmecka,&#8220; citovala AFP policejn\u00edho mluv\u010d\u00edho Davida Furtnera. Podle jednoho z l\u00e9ka\u0159\u016f pr\u00fd ji\u017e d\u011bti nebyly ze zdravotn\u00edho hlediska v nebezpe\u010d\u00ed.<br \/>\n    V zadr\u017een\u00e9m n\u00e1kladn\u00edm automobilu bylo celkem 26 uprchl\u00edk\u016f. Podez\u0159el\u00fd v\u016fz policie objevila na silnici B148 u obce Sankt Peter am Hart u hranic s N\u011bmeckem. Uprchl\u00edci ze S\u00fdrie, Afgh\u00e1nist\u00e1nu a Banglad\u00e9\u0161e se kr\u010dili ve velmi t\u011bsn\u00e9m prostoru. Zdravotn\u00ed stav d\u011bt\u00ed u\u017e byl velmi \u0161patn\u00fd a kv\u016fli nedostatku tekutin byly zna\u010dn\u011b otup\u011bl\u00e9.<br \/>\n    Dev\u011btadvacetilet\u00fd p\u0159ev\u00e1d\u011b\u010d z Rumunska se zprvu sna\u017eil zadr\u017een\u00ed uniknout. Kdy\u017e spat\u0159il modr\u00e1 sv\u011btla policejn\u00edho vozu, pokusil se ujet. Nakonec byl ale zadr\u017een a dopraven do cely p\u0159edb\u011b\u017en\u00e9ho zadr\u017een\u00ed v Riedu.<br \/>\n    V Ma\u010farsku a v Rakousku mezit\u00edm pokra\u010duje vy\u0161et\u0159ov\u00e1n\u00ed n\u00e1lezu 71 t\u011bl migrant\u016f z n\u00e1kladn\u00edho automobilu, kter\u00fd byl objeven ve \u010dtvrtek v odstavn\u00e9m pruhu d\u00e1lnice A4 u rakousko-ma\u010farsk\u00fdch hranic. <\/p>\n","protected":false},"excerpt":{"rendered":"<div class=\"mh-excerpt\"><p>T\u0159i syrsk\u00e9 d\u011bti z n\u00e1kladn\u00edho automobilu s uprchl\u00edky zadr\u017een\u00e9ho v p\u00e1tek v Horn\u00edch Rakousech, kter\u00e9 m\u00e1lem zem\u0159ely \u017e\u00edzn\u00ed, opustily v sobotu nemocnici v doprovodu sv\u00fdch <a class=\"mh-excerpt-more\" href=\"https:\/\/www.invarena.cz\/?p=22549\" title=\"D\u011bti zachr\u00e1n\u011bn\u00e9 v Rakousku p\u0159ed smrt\u00ed \u017e\u00edzn\u00ed opustily nemocnici\">[&#8230;]<\/a><\/p>\n<\/div>","protected":false},"author":1,"featured_media":0,"comment_status":"open","ping_status":"closed","sticky":false,"template":"","format":"standard","meta":{"footnotes":""},"categories":[9],"tags":[],"class_list":["post-22549","post","type-post","status-publish","format-standard","hentry","category-zpravy"],"_links":{"self":[{"href":"https:\/\/www.invarena.cz\/index.php?rest_route=\/wp\/v2\/posts\/22549","targetHints":{"allow":["GET"]}}],"collection":[{"href":"https:\/\/www.invarena.cz\/index.php?rest_route=\/wp\/v2\/posts"}],"about":[{"href":"https:\/\/www.invarena.cz\/index.php?rest_route=\/wp\/v2\/types\/post"}],"author":[{"embeddable":true,"href":"https:\/\/www.invarena.cz\/index.php?rest_route=\/wp\/v2\/users\/1"}],"replies":[{"embeddable":true,"href":"https:\/\/www.invarena.cz\/index.php?rest_route=%2Fwp%2Fv2%2Fcomments&post=22549"}],"version-history":[{"count":0,"href":"https:\/\/www.invarena.cz\/index.php?rest_route=\/wp\/v2\/posts\/22549\/revisions"}],"wp:attachment":[{"href":"https:\/\/www.invarena.cz\/index.php?rest_route=%2Fwp%2Fv2%2Fmedia&parent=22549"}],"wp:term":[{"taxonomy":"category","embeddable":true,"href":"https:\/\/www.invarena.cz\/index.php?rest_route=%2Fwp%2Fv2%2Fcategories&post=22549"},{"taxonomy":"post_tag","embeddable":true,"href":"https:\/\/www.invarena.cz\/index.php?rest_route=%2Fwp%2Fv2%2Ftags&post=22549"}],"curies":[{"name":"wp","href":"https:\/\/api.w.org\/{rel}","templated":true}]}}