{"id":22554,"date":"2015-08-31T11:59:09","date_gmt":"2015-08-31T09:59:09","guid":{"rendered":"http:\/\/www.invarena.cz\/?p=22554"},"modified":"2015-08-31T11:59:09","modified_gmt":"2015-08-31T09:59:09","slug":"vybehnete-do-ulic-kladna-s-rene-kujanem","status":"publish","type":"post","link":"https:\/\/www.invarena.cz\/?p=22554","title":{"rendered":"Vyb\u011bhn\u011bte do ulic Kladna s Ren\u00e9 Kujanem"},"content":{"rendered":"<p><strong>B\u011bh\u00e1te r\u00e1di? Tak nyn\u00ed m\u00e1te skv\u011blou p\u0159\u00edle\u017eitost zab\u011bhat si v Kladn\u011b s ultramaratoncem Ren\u00e9m Kujanem. Akce s charitativn\u00edm podtextem se uskute\u010dn\u00ed ve \u010dtvrtek 10.z\u00e1\u0159\u00ed.<\/strong> <!--more--><\/p>\n<p>Kladno \u2013 Start je v 16 hodin p\u0159ed pobo\u010dkou banky v Italsk\u00e9 ulici v Kladn\u011b. Registraci a platbu startovn\u00e9ho je mo\u017en\u00e9 prov\u00e9st na m\u00edst\u011b. &#8222;Spole\u010dn\u011b se prob\u011bhneme na p\u0159ibli\u017en\u011b desetikilometrov\u00e9 trati v pohodov\u00e9m tempu. Po dob\u011bhu v\u00e1s provedu po Islandu a znovu si zab\u011bh\u00e1me. Tentokr\u00e1t ov\u0161em obrazn\u011b. \u0158e\u010d bude o t\u0159ech sv\u011btov\u00fdch b\u011b\u017eeck\u00fdch prvenstv\u00edch, o ob\u011bhnut\u00ed ostrova \u010di o jeho p\u0159eb\u011bhnut\u00ed nap\u0159\u00ed\u010d i pod\u00e9ln\u011b,&#8220; l\u00e1k\u00e1 Ren\u00e9 Kujan. Cel\u00e1 akce je v\u011bnov\u00e1na na podporu handicapovan\u00fdch sportovc\u016f ze Sportovn\u00edho klubu voz\u00ed\u010dk\u00e1\u0159\u016f.<\/p>\n<p>Kladensk\u00fd den\u00edk<br \/>\n<a href=\"http:\/\/www.kladensky.denik.cz\/\">http:\/\/www.kladensky.denik.cz\/<\/a><\/p>\n","protected":false},"excerpt":{"rendered":"<div class=\"mh-excerpt\"><p>B\u011bh\u00e1te r\u00e1di? Tak nyn\u00ed m\u00e1te skv\u011blou p\u0159\u00edle\u017eitost zab\u011bhat si v Kladn\u011b s ultramaratoncem Ren\u00e9m Kujanem. Akce s charitativn\u00edm podtextem se uskute\u010dn\u00ed ve \u010dtvrtek 10.z\u00e1\u0159\u00ed.<\/p>\n<\/div>","protected":false},"author":1,"featured_media":21657,"comment_status":"open","ping_status":"closed","sticky":false,"template":"","format":"standard","meta":{"footnotes":""},"categories":[9],"tags":[],"class_list":["post-22554","post","type-post","status-publish","format-standard","has-post-thumbnail","hentry","category-zpravy"],"_links":{"self":[{"href":"https:\/\/www.invarena.cz\/index.php?rest_route=\/wp\/v2\/posts\/22554","targetHints":{"allow":["GET"]}}],"collection":[{"href":"https:\/\/www.invarena.cz\/index.php?rest_route=\/wp\/v2\/posts"}],"about":[{"href":"https:\/\/www.invarena.cz\/index.php?rest_route=\/wp\/v2\/types\/post"}],"author":[{"embeddable":true,"href":"https:\/\/www.invarena.cz\/index.php?rest_route=\/wp\/v2\/users\/1"}],"replies":[{"embeddable":true,"href":"https:\/\/www.invarena.cz\/index.php?rest_route=%2Fwp%2Fv2%2Fcomments&post=22554"}],"version-history":[{"count":0,"href":"https:\/\/www.invarena.cz\/index.php?rest_route=\/wp\/v2\/posts\/22554\/revisions"}],"wp:featuredmedia":[{"embeddable":true,"href":"https:\/\/www.invarena.cz\/index.php?rest_route=\/wp\/v2\/media\/21657"}],"wp:attachment":[{"href":"https:\/\/www.invarena.cz\/index.php?rest_route=%2Fwp%2Fv2%2Fmedia&parent=22554"}],"wp:term":[{"taxonomy":"category","embeddable":true,"href":"https:\/\/www.invarena.cz\/index.php?rest_route=%2Fwp%2Fv2%2Fcategories&post=22554"},{"taxonomy":"post_tag","embeddable":true,"href":"https:\/\/www.invarena.cz\/index.php?rest_route=%2Fwp%2Fv2%2Ftags&post=22554"}],"curies":[{"name":"wp","href":"https:\/\/api.w.org\/{rel}","templated":true}]}}