{"id":22571,"date":"2015-09-05T08:41:56","date_gmt":"2015-09-05T06:41:56","guid":{"rendered":"http:\/\/www.invarena.cz\/?p=22571"},"modified":"2015-09-05T08:41:56","modified_gmt":"2015-09-05T06:41:56","slug":"handicapovani-atleti-z-celeho-sveta-soutezili-na-hane","status":"publish","type":"post","link":"https:\/\/www.invarena.cz\/?p=22571","title":{"rendered":"Handicapovan\u00ed atleti z cel\u00e9ho sv\u011bta sout\u011b\u017eili na Han\u00e9"},"content":{"rendered":"<p><strong>V\u00edce ne\u017e 160 t\u011blesn\u011b posti\u017een\u00fdch atlet\u016f z 15 zem\u00ed sv\u011bta zm\u011b\u0159ilo sv\u00e9 s\u00edly na 9. ro\u010dn\u00edku m\u00edtinku Czech Open handicapovan\u00fdch sportovc\u016f, kter\u00fd se konal v Olomouci. <\/strong><!--more--><\/p>\n<p>Z\u00e1vodn\u00edci p\u0159edv\u00e1d\u011bli vynikaj\u00edc\u00ed v\u00fdkony v celkem jeden\u00e1cti atletick\u00fdch discipl\u00edn\u00e1ch, mezi kter\u00fdmi nechyb\u011bly sprinty ani b\u011bhy na st\u0159edn\u00ed trat\u011b, hody diskem a o\u0161t\u011bpem, skoky do d\u00e1lky \u010di vrh koul\u00ed.<br \/>\n&#8222;Do Olomouce letos p\u0159ijeli vynikaj\u00edc\u00ed borci z cel\u00e9ho sv\u011bta v\u010detn\u011b n\u011bkter\u00fdch pravideln\u00fdch \u00fa\u010dastn\u00edk\u016f a medailist\u016f z paralympi\u00e1d. K vid\u011bn\u00ed byly kr\u00e1sn\u00e9 v\u00fdkony. Ty v\u0161ak na akc\u00edch tohoto typu neb\u00fdvaj\u00ed zdaleka nejd\u016fle\u017eit\u011bj\u0161\u00ed. Czech Open se vymyk\u00e1 jedine\u010dnou atmosf\u00e9rou m\u00edtinku, na n\u011bj\u017e se sj\u00ed\u017ed\u011bj\u00ed sportovci se spole\u010dnou touhou p\u0159ekon\u00e1vat sv\u016fj fyzick\u00fd handicap a hranice. A ta formuje opravdu siln\u00e1 p\u0159\u00e1telstv\u00ed a vz\u00e1jemnou podporu,&#8220; konstatoval p\u0159edseda po\u0159\u00e1daj\u00edc\u00edho Atletick\u00e9ho klubu Olomouc Miroslav Hrabal.<br \/>\nNa Czech Open padl i jeden sv\u011btov\u00fd rekord, a to v hodu o\u0161t\u011bpem, o kter\u00fd se postaral ir\u00e1ck\u00fd atlet Abdulraheem Kovan. Hodn\u011b nap\u00ednav\u00fd byl mu\u017esk\u00fd vrh koul\u00ed, kde se nakonec Ale\u0161 Kis\u00fd postaral o zisk titulu pro dom\u00e1c\u00ed publikum.<\/p>\n<p>Pr\u00e1vo<\/p>\n","protected":false},"excerpt":{"rendered":"<div class=\"mh-excerpt\"><p>V\u00edce ne\u017e 160 t\u011blesn\u011b posti\u017een\u00fdch atlet\u016f z 15 zem\u00ed sv\u011bta zm\u011b\u0159ilo sv\u00e9 s\u00edly na 9. ro\u010dn\u00edku m\u00edtinku Czech Open handicapovan\u00fdch sportovc\u016f, kter\u00fd se konal v <a class=\"mh-excerpt-more\" href=\"https:\/\/www.invarena.cz\/?p=22571\" title=\"Handicapovan\u00ed atleti z cel\u00e9ho sv\u011bta sout\u011b\u017eili na Han\u00e9\">[&#8230;]<\/a><\/p>\n<\/div>","protected":false},"author":1,"featured_media":21719,"comment_status":"open","ping_status":"closed","sticky":false,"template":"","format":"standard","meta":{"footnotes":""},"categories":[9],"tags":[],"class_list":["post-22571","post","type-post","status-publish","format-standard","has-post-thumbnail","hentry","category-zpravy"],"_links":{"self":[{"href":"https:\/\/www.invarena.cz\/index.php?rest_route=\/wp\/v2\/posts\/22571","targetHints":{"allow":["GET"]}}],"collection":[{"href":"https:\/\/www.invarena.cz\/index.php?rest_route=\/wp\/v2\/posts"}],"about":[{"href":"https:\/\/www.invarena.cz\/index.php?rest_route=\/wp\/v2\/types\/post"}],"author":[{"embeddable":true,"href":"https:\/\/www.invarena.cz\/index.php?rest_route=\/wp\/v2\/users\/1"}],"replies":[{"embeddable":true,"href":"https:\/\/www.invarena.cz\/index.php?rest_route=%2Fwp%2Fv2%2Fcomments&post=22571"}],"version-history":[{"count":0,"href":"https:\/\/www.invarena.cz\/index.php?rest_route=\/wp\/v2\/posts\/22571\/revisions"}],"wp:featuredmedia":[{"embeddable":true,"href":"https:\/\/www.invarena.cz\/index.php?rest_route=\/wp\/v2\/media\/21719"}],"wp:attachment":[{"href":"https:\/\/www.invarena.cz\/index.php?rest_route=%2Fwp%2Fv2%2Fmedia&parent=22571"}],"wp:term":[{"taxonomy":"category","embeddable":true,"href":"https:\/\/www.invarena.cz\/index.php?rest_route=%2Fwp%2Fv2%2Fcategories&post=22571"},{"taxonomy":"post_tag","embeddable":true,"href":"https:\/\/www.invarena.cz\/index.php?rest_route=%2Fwp%2Fv2%2Ftags&post=22571"}],"curies":[{"name":"wp","href":"https:\/\/api.w.org\/{rel}","templated":true}]}}