{"id":22581,"date":"2015-09-06T10:05:39","date_gmt":"2015-09-06T08:05:39","guid":{"rendered":"http:\/\/www.invarena.cz\/?p=22581"},"modified":"2015-09-06T10:05:39","modified_gmt":"2015-09-06T08:05:39","slug":"dna-ochrani-i-invalidni-voziky","status":"publish","type":"post","link":"https:\/\/www.invarena.cz\/?p=22581","title":{"rendered":"DNA ochr\u00e1n\u00ed i invalidn\u00ed voz\u00edky"},"content":{"rendered":"<p>Ozna\u010den\u00ed voz\u00edku forenzn\u00ed DNA a p\u0159id\u011blen\u00ed unik\u00e1tn\u00edho k\u00f3du znesnadn\u00ed pr\u00e1ci zlod\u011bj\u016fm<strong><!--more--><\/p>\n<p>Doma\u017elice \u2013 Novou ochranou pomoc\u00ed forenzn\u00ed DNA se mohou zna\u010dit nejen j\u00edzdn\u00ed kola. Jist\u011bj\u0161\u00edby tak mohli b\u00fdt t\u0159eba majitel\u00e9 invalidn\u00edch voz\u00edk\u016f.<br \/>\nDoma\u017eli\u010dt\u00ed str\u00e1\u017en\u00edci d\u00edky z\u00edskan\u00e9 dotaci v leto\u0161n\u00edm roce ozna\u010d\u00ed sto j\u00edzdn\u00edch kol speci\u00e1ln\u00edm n\u00e1t\u011brem na deseti m\u00edstech kola.<br \/>\n&#8222;Mikrote\u010dky o velikosti jednoho milimetru v sob\u011b nesou jedine\u010dn\u00fd k\u00f3d DataDot\u00ac DNA technologie. Jsou obsa\u017eeny v roztoku lepidla a ultrafialov\u00e9 slo\u017eky, tak\u017ee je lze vid\u011bt jen pod ultrafialov\u00fdm sv\u011btlem,&#8220; vysv\u011btlil str\u00e1\u017en\u00edk Kamil Veverka. Ka\u017ed\u00fd z\u00e1jemce o zna\u010den\u00ed mus\u00ed p\u0159edlo\u017eit doklad toto\u017enosti a tak\u00e9 doklad o koupi kola. Ozna\u010den\u00ed jednoho j\u00edzdn\u00edho kola trv\u00e1 zhruba 30 minut. Kolo je detailn\u011b vyfotografov\u00e1no a pops\u00e1no pro pot\u0159eby n\u00e1rodn\u00ed datab\u00e1ze. P\u0159i p\u0159\u00edpadn\u00e9m odcizen\u00ed je pak snadn\u011bji dohledateln\u00e9. &#8222;Ve \u010dtvrtek a v sobotu dozna\u010d\u00edme zb\u00fdvaj\u00edc\u00edch \u010dty\u0159icet kol z leto\u0161n\u00ed stovky z\u00e1jemc\u016f. Budou\u00acli dal\u0161\u00ed z\u00e1jemci, pros\u00edme, aby se n\u00e1m ozvali, d\u00e1me si je do na\u0161\u00ed datab\u00e1ze a v p\u0159\u00edpad\u011b, \u017ee o tuto na\u0161i slu\u017ebu bude z\u00e1jem, pokus\u00edme se sehnat dotaci pro zna\u010den\u00ed forenzn\u00ed DNA i pro p\u0159\u00ed\u0161t\u00ed rok,&#8220; slibuje velitel M\u011bstsk\u00e9 policie Doma\u017elice Petr Kubal.<br \/>\n&#8222;Tato nov\u00e1 technologie nen\u00ed ur\u010dena jen pro klasick\u00e1 j\u00edzdn\u00ed kola. Ozna\u010dit m\u016f\u017eeme i elektrokola, dra\u017e\u0161\u00ed kolob\u011b\u017eky, \u010d\u00e1sti m\u011bstsk\u00e9ho mobili\u00e1\u0159e nebo invalidn\u00ed voz\u00edky. Pr\u00e1v\u011b jejich po\u0159izovac\u00ed cena je vysok\u00e1 a v p\u0159\u00edpad\u011b jejich odcizen\u00ed nast\u00e1v\u00e1 pro majitele, kte\u0159\u00ed jsou na n\u011b odk\u00e1z\u00e1ni, velk\u00fd probl\u00e9m,&#8220; upozor\u0148uje Kubal.<br \/>\nVe \u010dtvrtek a v sobotu budou str\u00e1\u017en\u00edci zna\u010dit kola objednan\u00fdch z\u00e1jemc\u016f na doma\u017elick\u00e9m dopravn\u00edm h\u0159i\u0161ti.<\/p>\n<p>JOSEF BABOR<br \/>\nDoma\u017elick\u00fd den\u00edk<br \/>\n<a href=\"http:\/\/domazlicky.denik.cz\/\">http:\/\/domazlicky.denik.cz\/<\/a><\/p>\n","protected":false},"excerpt":{"rendered":"<div class=\"mh-excerpt\"><p>Ozna\u010den\u00ed voz\u00edku forenzn\u00ed DNA a p\u0159id\u011blen\u00ed unik\u00e1tn\u00edho k\u00f3du znesnadn\u00ed pr\u00e1ci zlod\u011bj\u016fm<\/p>\n<\/div>","protected":false},"author":1,"featured_media":13212,"comment_status":"open","ping_status":"closed","sticky":false,"template":"","format":"standard","meta":{"footnotes":""},"categories":[9],"tags":[],"class_list":["post-22581","post","type-post","status-publish","format-standard","has-post-thumbnail","hentry","category-zpravy"],"_links":{"self":[{"href":"https:\/\/www.invarena.cz\/index.php?rest_route=\/wp\/v2\/posts\/22581","targetHints":{"allow":["GET"]}}],"collection":[{"href":"https:\/\/www.invarena.cz\/index.php?rest_route=\/wp\/v2\/posts"}],"about":[{"href":"https:\/\/www.invarena.cz\/index.php?rest_route=\/wp\/v2\/types\/post"}],"author":[{"embeddable":true,"href":"https:\/\/www.invarena.cz\/index.php?rest_route=\/wp\/v2\/users\/1"}],"replies":[{"embeddable":true,"href":"https:\/\/www.invarena.cz\/index.php?rest_route=%2Fwp%2Fv2%2Fcomments&post=22581"}],"version-history":[{"count":0,"href":"https:\/\/www.invarena.cz\/index.php?rest_route=\/wp\/v2\/posts\/22581\/revisions"}],"wp:featuredmedia":[{"embeddable":true,"href":"https:\/\/www.invarena.cz\/index.php?rest_route=\/wp\/v2\/media\/13212"}],"wp:attachment":[{"href":"https:\/\/www.invarena.cz\/index.php?rest_route=%2Fwp%2Fv2%2Fmedia&parent=22581"}],"wp:term":[{"taxonomy":"category","embeddable":true,"href":"https:\/\/www.invarena.cz\/index.php?rest_route=%2Fwp%2Fv2%2Fcategories&post=22581"},{"taxonomy":"post_tag","embeddable":true,"href":"https:\/\/www.invarena.cz\/index.php?rest_route=%2Fwp%2Fv2%2Ftags&post=22581"}],"curies":[{"name":"wp","href":"https:\/\/api.w.org\/{rel}","templated":true}]}}