{"id":22585,"date":"2015-09-03T06:34:56","date_gmt":"2015-09-03T04:34:56","guid":{"rendered":"http:\/\/www.invarena.cz\/?p=22585"},"modified":"2015-09-03T06:34:56","modified_gmt":"2015-09-03T04:34:56","slug":"nemocnice-vrchlabi-odmita-verdikt-ustavniho-soudu-na-uhradu-pece","status":"publish","type":"post","link":"https:\/\/www.invarena.cz\/?p=22585","title":{"rendered":"Nemocnice Vrchlab\u00ed odm\u00edt\u00e1 verdikt \u00fastavn\u00edho soudu na \u00fahradu p\u00e9\u010de"},"content":{"rendered":"<p><strong>\u010cesko-n\u011bmeck\u00e1 horsk\u00e1 nemocnice Krkono\u0161e z Vrchlab\u00ed na Trutnovsku odm\u00edt\u00e1 pond\u011bln\u00ed rozsudek \u00dastavn\u00edho soudu, podle kter\u00e9ho by m\u011bla rodi\u010d\u016fm hradit stotis\u00edcov\u00e9 n\u00e1klady na p\u00e9\u010di o posti\u017een\u00e9ho syna. Nemocnice se kv\u016fli tomu hodl\u00e1 obr\u00e1tit na Evropsk\u00fd soudn\u00ed dv\u016fr. <\/strong><!--more--><\/p>\n<p>to sd\u011blil \u0159editel nemocnice Vladim\u00edr Dryml<\/p>\n<p>    \u00dastavn\u00ed soud vyhov\u011bl st\u00ed\u017enosti rodi\u010d\u016f, kte\u0159\u00ed od nemocnice po\u017eadovali n\u00e1hradu 891.162 korun za obdob\u00ed od \u010dervence 2006 do l\u00e9ta 2008. Pr\u00e1v\u011b ve vrchlabsk\u00e9 nemocnici se v roce 1991 narodil jejich syn. Kv\u016fli nespr\u00e1vn\u011b veden\u00e9mu porodu m\u00e1 trvale po\u0161kozen\u00e9 zdrav\u00ed, m\u00e1 nap\u0159\u00edklad ochrnut\u00e9 ruce i nohy. Podle soudu lid\u00e9 pe\u010duj\u00edc\u00ed o bl\u00edzk\u00e9ho mohou \u017e\u00e1dat n\u00e1hradu n\u00e1klad\u016f odpov\u00eddaj\u00edc\u00ed \u010d\u00e1stce, kterou by si \u00fa\u010dtovali odborn\u00ed pe\u010dovatel\u00e9.<br \/>\n    Spole\u010dnost \u010cesko-n\u011bmeck\u00e1 horsk\u00e1 nemocnice v Krkono\u0161e na svou obhajobu uvedla, \u017ee v roce 1991 v\u016fbec neexistovala. &#8222;Je zcela irelevantn\u00ed, aby nesla n\u00e1sledky za 24 let star\u00fd p\u0159\u00edpad, kter\u00fd se tenkr\u00e1t ve Vrchlab\u00ed v m\u00edstn\u00edm zdravotnick\u00e9m st\u0159edisku stal,&#8220; uvedla mluv\u010d\u00ed nemocnice Dagmar Pecinov\u00e1. Dryml verdikt soudu ozna\u010dil za ostudn\u00fd a skand\u00e1ln\u00ed, podle n\u011bj p\u0159ipou\u0161t\u00ed retroaktivitu ve zdravotnick\u00fdch sporech. Nemocnice podle Drymla tak\u00e9 pod\u00e1 \u017ealobu na \u010desk\u00fd st\u00e1t ve v\u011bci mo\u017en\u00e9ho podvodn\u00e9ho jedn\u00e1n\u00ed p\u0159i privatizaci nemocnice v roce 1998.<br \/>\n    Zat\u00edmco nov\u00fd ob\u010dansk\u00fd z\u00e1kon\u00edk n\u00e1rok pe\u010duj\u00edc\u00edch lid\u00ed upravuje p\u0159esn\u011bji a vst\u0159\u00edcn\u011bji, ten star\u00fd jim p\u0159\u00edli\u0161 \u0161anc\u00ed na z\u00edsk\u00e1n\u00ed n\u00e1hrady \u00fa\u010deln\u011b vynalo\u017een\u00fdch n\u00e1klad\u016f ned\u00e1val. Podle \u00daS je ale nutn\u00e9 vykl\u00e1dat star\u0161\u00ed pr\u00e1vn\u00ed \u00fapravu ve sv\u011btle sou\u010dasn\u00e9 spole\u010densk\u00e9 situace, kdy pobyt v \u00fastavu st\u00e1le \u010dast\u011bji nahrazuje dom\u00e1c\u00ed p\u00e9\u010de. &#8222;Nen\u00ed \u017e\u00e1douc\u00ed, aby na osoby bl\u00edzk\u00e9 bylo p\u0159eneseno b\u0159emeno v ne\u00fam\u011brn\u00e9m rozsahu a \u0161k\u016fdce by tak byl zcela osvobozen od povinnosti nahradit n\u00e1klady p\u00e9\u010de o po\u0161kozen\u00e9ho rodinou po\u0161kozen\u00e9ho,&#8220; stoj\u00ed v n\u00e1lezu.<br \/>\n    Rodina v minulosti nejprve po\u017eadovala n\u00e1hradu \u0161kody na zdrav\u00ed. Okresn\u00ed soud v Trutnov\u011b j\u00ed p\u0159iznal 253.750 korun. Rodi\u010de pak podali dal\u0161\u00ed \u017ealobu, v n\u00ed\u017e se dom\u00e1hali n\u00e1hrady dal\u0161\u00edch n\u00e1klad\u016f spojen\u00fdch s p\u00e9\u010d\u00ed. Obvodn\u00ed soud pro Prahu 4 v roce 2009 vydal mezit\u00edmn\u00ed rozsudek s v\u00fdrokem, \u017ee z\u00e1klad \u017ealobn\u00edho n\u00e1roku je opodstatn\u011bn\u00fd. Pozd\u011bji ale zas\u00e1hl Nejvy\u0161\u0161\u00ed soud, kter\u00fd uvedl, \u017ee rodina v souvislosti s p\u00e9\u010d\u00ed o posti\u017een\u00e9ho syna p\u0159\u00edmo nevynalo\u017eila n\u00e1klady, jejich\u017e n\u00e1hrady se dom\u00e1h\u00e1. Pr\u00e1vn\u00ed \u00faprava pr\u00fd ani neumo\u017e\u0148ovala vyplatit jim n\u00e1hradu za p\u00e9\u010di po skon\u010den\u00ed l\u00e9\u010dby. Nyn\u00ed mus\u00ed Nejvy\u0161\u0161\u00ed soud rozhodnout znovu, je p\u0159i tom v\u00e1z\u00e1n pr\u00e1vn\u00edm n\u00e1zorem \u00fastavn\u00edch soudc\u016f.<\/p>\n","protected":false},"excerpt":{"rendered":"<div class=\"mh-excerpt\"><p>\u010cesko-n\u011bmeck\u00e1 horsk\u00e1 nemocnice Krkono\u0161e z Vrchlab\u00ed na Trutnovsku odm\u00edt\u00e1 pond\u011bln\u00ed rozsudek \u00dastavn\u00edho soudu, podle kter\u00e9ho by m\u011bla rodi\u010d\u016fm hradit stotis\u00edcov\u00e9 n\u00e1klady na p\u00e9\u010di o posti\u017een\u00e9ho <a class=\"mh-excerpt-more\" href=\"https:\/\/www.invarena.cz\/?p=22585\" title=\"Nemocnice Vrchlab\u00ed odm\u00edt\u00e1 verdikt \u00fastavn\u00edho soudu na \u00fahradu p\u00e9\u010de\">[&#8230;]<\/a><\/p>\n<\/div>","protected":false},"author":1,"featured_media":19486,"comment_status":"open","ping_status":"closed","sticky":false,"template":"","format":"standard","meta":{"footnotes":""},"categories":[7],"tags":[],"class_list":["post-22585","post","type-post","status-publish","format-standard","has-post-thumbnail","hentry","category-spolecnost"],"_links":{"self":[{"href":"https:\/\/www.invarena.cz\/index.php?rest_route=\/wp\/v2\/posts\/22585","targetHints":{"allow":["GET"]}}],"collection":[{"href":"https:\/\/www.invarena.cz\/index.php?rest_route=\/wp\/v2\/posts"}],"about":[{"href":"https:\/\/www.invarena.cz\/index.php?rest_route=\/wp\/v2\/types\/post"}],"author":[{"embeddable":true,"href":"https:\/\/www.invarena.cz\/index.php?rest_route=\/wp\/v2\/users\/1"}],"replies":[{"embeddable":true,"href":"https:\/\/www.invarena.cz\/index.php?rest_route=%2Fwp%2Fv2%2Fcomments&post=22585"}],"version-history":[{"count":0,"href":"https:\/\/www.invarena.cz\/index.php?rest_route=\/wp\/v2\/posts\/22585\/revisions"}],"wp:featuredmedia":[{"embeddable":true,"href":"https:\/\/www.invarena.cz\/index.php?rest_route=\/wp\/v2\/media\/19486"}],"wp:attachment":[{"href":"https:\/\/www.invarena.cz\/index.php?rest_route=%2Fwp%2Fv2%2Fmedia&parent=22585"}],"wp:term":[{"taxonomy":"category","embeddable":true,"href":"https:\/\/www.invarena.cz\/index.php?rest_route=%2Fwp%2Fv2%2Fcategories&post=22585"},{"taxonomy":"post_tag","embeddable":true,"href":"https:\/\/www.invarena.cz\/index.php?rest_route=%2Fwp%2Fv2%2Ftags&post=22585"}],"curies":[{"name":"wp","href":"https:\/\/api.w.org\/{rel}","templated":true}]}}