{"id":22593,"date":"2015-09-04T08:10:38","date_gmt":"2015-09-04T06:10:38","guid":{"rendered":"http:\/\/www.invarena.cz\/?p=22593"},"modified":"2015-09-04T08:12:08","modified_gmt":"2015-09-04T06:12:08","slug":"blok-proti-islamu-dal-trestni-oznameni-na-chovance-kvuli-migraci","status":"publish","type":"post","link":"https:\/\/www.invarena.cz\/?p=22593","title":{"rendered":"Blok proti isl\u00e1mu dal trestn\u00ed ozn\u00e1men\u00ed na Chovance kv\u016fli migraci"},"content":{"rendered":"<p><strong>Veden\u00ed Bloku proti isl\u00e1mu podalo trestn\u00ed ozn\u00e1men\u00ed na ministra vnitra Milana Chovance (\u010cSSD) kv\u016fli p\u0159\u00edlivu uprchl\u00edk\u016f. Podez\u00edr\u00e1 ho z &#8222;\u0161\u00ed\u0159en\u00ed naka\u017eliv\u00e9 nemoci z nedbalosti&#8220;.<br \/>\n<\/strong><!--more--><\/p>\n<p>Chovanec pr\u00fd nechr\u00e1n\u00ed lidi v \u010cesku p\u0159ed chorobami, &#8222;kter\u00e9 mohou do \u010cR zavl\u00e9ci neleg\u00e1ln\u00ed migranti&#8220;. <\/p>\n<p>Podle \u0159editelky Sdru\u017een\u00ed pro integraci a migraci Magdy Faltov\u00e9 se blok chce jen zviditelnit a jeho aktivita nen\u00ed ani hodna koment\u00e1\u0159e. Obavy z p\u0159\u00edpadn\u00e9ho \u0161\u00ed\u0159en\u00ed n\u00e1kaz vyvraceli u\u017e d\u0159\u00edve i l\u00e9ka\u0159i.<br \/>\n    Blok podle sv\u00e9ho mluv\u010d\u00edho Davida \u0160t\u011bp\u00e1na v trestn\u00edm ozn\u00e1men\u00ed M\u011bstsk\u00e9mu st\u00e1tn\u00edmu zastupitelstv\u00ed v Praze podrobn\u011b popisuje nebezpe\u010d\u00ed, jak\u00e9mu ministr vnitra a p\u0159\u00edpadn\u011b i dal\u0161\u00ed \u010dlenov\u00e9 vl\u00e1dy obyvatele republiky vystavuj\u00ed. Chovanec pr\u00fd &#8222;ignoruje rizika \u0161\u00ed\u0159en\u00ed smrteln\u00fdch nemoc\u00ed&#8220; a nezajistil &#8222;d\u016fslednou izolaci&#8220; uprchl\u00edk\u016f.<br \/>\n    Prezident F\u00f3ra infek\u010dn\u00ed, tropick\u00e9 a cestovn\u00ed medic\u00edny Rastislav Ma\u010far u\u017e d\u0159\u00edve m\u00e9di\u00edm \u0159ekl, \u017ee v zem\u00edch jako N\u011bmecko, Francie, Brit\u00e1nie \u010di \u0160v\u00e9dsko, kam m\u00ed\u0159\u00ed velk\u00e9 mno\u017estv\u00ed b\u011b\u017eenc\u016f, \u017e\u00e1dn\u00e9 probl\u00e9my nenastaly. <\/p>\n<p>L\u00e9ka\u0159 p\u0159ipustil, \u017ee uprchl\u00edci sice mohou ur\u010dit\u00e9 riziko n\u00e1kazy p\u0159edstavovat, v\u011bt\u0161\u00ed hrozbou ale mohou b\u00fdt \u010de\u0161t\u00ed cestovatel\u00e9. Pokud se p\u0159ed cestou do exotick\u00fdch kraj\u016f dostate\u010dn\u011b nep\u0159iprav\u00ed, nenechaj\u00ed se o\u010dkovat a na m\u00edst\u011b podce\u0148uj\u00ed prevenci, mohou znamenat po n\u00e1vratu nebezpe\u010d\u00ed \u0161\u00ed\u0159en\u00ed infekce.<br \/>\n    Faltov\u00e1 podotkla, \u017ee zadr\u017een\u00e9 cizince prohl\u00ed\u017eej\u00ed l\u00e9ka\u0159i. V z\u00e1chytn\u00fdch za\u0159\u00edzen\u00edch pak b\u00fdvaj\u00ed v karant\u00e9n\u011b. <\/p>\n","protected":false},"excerpt":{"rendered":"<div class=\"mh-excerpt\"><p>Veden\u00ed Bloku proti isl\u00e1mu podalo trestn\u00ed ozn\u00e1men\u00ed na ministra vnitra Milana Chovance (\u010cSSD) kv\u016fli p\u0159\u00edlivu uprchl\u00edk\u016f. Podez\u00edr\u00e1 ho z &#8222;\u0161\u00ed\u0159en\u00ed naka\u017eliv\u00e9 nemoci z nedbalosti&#8220;.<\/p>\n<\/div>","protected":false},"author":1,"featured_media":0,"comment_status":"open","ping_status":"closed","sticky":false,"template":"","format":"standard","meta":{"footnotes":""},"categories":[9],"tags":[],"class_list":["post-22593","post","type-post","status-publish","format-standard","hentry","category-zpravy"],"_links":{"self":[{"href":"https:\/\/www.invarena.cz\/index.php?rest_route=\/wp\/v2\/posts\/22593","targetHints":{"allow":["GET"]}}],"collection":[{"href":"https:\/\/www.invarena.cz\/index.php?rest_route=\/wp\/v2\/posts"}],"about":[{"href":"https:\/\/www.invarena.cz\/index.php?rest_route=\/wp\/v2\/types\/post"}],"author":[{"embeddable":true,"href":"https:\/\/www.invarena.cz\/index.php?rest_route=\/wp\/v2\/users\/1"}],"replies":[{"embeddable":true,"href":"https:\/\/www.invarena.cz\/index.php?rest_route=%2Fwp%2Fv2%2Fcomments&post=22593"}],"version-history":[{"count":0,"href":"https:\/\/www.invarena.cz\/index.php?rest_route=\/wp\/v2\/posts\/22593\/revisions"}],"wp:attachment":[{"href":"https:\/\/www.invarena.cz\/index.php?rest_route=%2Fwp%2Fv2%2Fmedia&parent=22593"}],"wp:term":[{"taxonomy":"category","embeddable":true,"href":"https:\/\/www.invarena.cz\/index.php?rest_route=%2Fwp%2Fv2%2Fcategories&post=22593"},{"taxonomy":"post_tag","embeddable":true,"href":"https:\/\/www.invarena.cz\/index.php?rest_route=%2Fwp%2Fv2%2Ftags&post=22593"}],"curies":[{"name":"wp","href":"https:\/\/api.w.org\/{rel}","templated":true}]}}