{"id":22598,"date":"2015-09-04T08:21:15","date_gmt":"2015-09-04T06:21:15","guid":{"rendered":"http:\/\/www.invarena.cz\/?p=22598"},"modified":"2015-09-04T08:21:15","modified_gmt":"2015-09-04T06:21:15","slug":"sumava-na-nohou-pojede-na-kole-damske-trio-muze-doplnit-kazdy","status":"publish","type":"post","link":"https:\/\/www.invarena.cz\/?p=22598","title":{"rendered":"\u0160umava na nohou pojede na kole, d\u00e1msk\u00e9 trio m\u016f\u017ee doplnit ka\u017ed\u00fd"},"content":{"rendered":"<p><strong>\u010c\u00edm v\u00edce kilometr\u016f najedou, t\u00edm v\u00edce pen\u011bz z\u00edskaj\u00ed na bl\u00ed\u017e\u00edc\u00ed se charitativn\u00ed koncert<\/strong> <!--more--><\/p>\n<p>Vimperk \/ \u010cesk\u00e9 Bud\u011bjovice \u2013 Charitativn\u00ed koncert, kter\u00fd se uskute\u010dn\u00ed 19. z\u00e1\u0159\u00ed v KD Cihelna ve Vimperku a m\u00e1 p\u0159in\u00e9st prost\u0159edky na po\u0159\u00edzen\u00ed pom\u016fcek pro zdravotn\u011b posti\u017een\u00e9 lidi z \u0161umavsk\u00e9ho regionu, se pokus\u00ed spolu se z\u00e1stupkyn\u011bmi spolku \u0160umava na nohou podpo\u0159it i vimper\u0161t\u00ed bike\u0159i. Stane se tak ji\u017e tento p\u00e1tek v \u010cesk\u00fdch Bud\u011bjovic\u00edch. O tom, \u017ee Vimper\u00e1ci to na kole um\u00ed, ur\u010dit\u011b nen\u00ed pochyb, nicm\u00e9n\u011b v p\u00e1tek bude jejich kondice opravdu hodn\u011b d\u016fle\u017eit\u00e1. Pom\u016f\u017ee toti\u017e p\u0159i z\u00edsk\u00e1n\u00ed dal\u0161\u00edch pen\u011bz, kter\u00e9 je p\u0159ipravena poskytnout nadace \u010cEZ. Pr\u00e1v\u011b ta vybrala projekt \u0160umava na nohou jako jeden ze dvou, kter\u00e9 hodl\u00e1 podpo\u0159it v r\u00e1mci sv\u00e9ho projektu Oran\u017eov\u00e9 kolo.<\/p>\n<p>&#8222;Nadace \u010cEZ stav\u00ed v d\u011bji\u0161t\u00edch letn\u00edch festival\u016f st\u00e1nek, ve kter\u00e9m jsou dv\u011b stacion\u00e1rn\u00ed kola. Ta jsou p\u0159id\u011blena na dv\u011b a p\u016fl hodiny dv\u011bma neziskov\u00fdm organizac\u00edm, kter\u00e9 jedou jedna proti druh\u00e9 o sto tis\u00edc korun,&#8220; vysv\u011btluje za spolek \u0160umava na nohou Jana K\u016fsov\u00e1.<\/p>\n<p>Za ka\u017edou z vybran\u00fdch organizac\u00ed pojede na kole v\u017edy po dobu jedn\u00e9 minuty jeden jej\u00ed z\u00e1stupce, nebo sympatizant z publika. &#8222;Minutu vydr\u017e\u00ed na kole ka\u017ed\u00fd a m\u016f\u017ee sv\u00fdm \u0161lap\u00e1n\u00edm pom\u00e1hat. Ujet\u00e1 vzd\u00e1lenost se p\u0159ev\u00e1d\u00ed na pen\u00edze a ty jdou t\u00e9 organizaci, za kterou doty\u010dn\u00fd z\u00e1vod\u00ed. Sto tis\u00edc korun si mezi sebou nakonec ob\u011b organizace rozd\u011bl\u00ed podle vzd\u00e1lenosti ujet\u00e9 prost\u0159ednictv\u00edm sv\u00fdch z\u00e1stupc\u016f najela,&#8220; doplnila za spolek V\u011bra V\u00e1vrov\u00e1 s t\u00edm, \u017ee akce se uskute\u010dn\u00ed v p\u00e1tek od 15 hodin v \u010cesk\u00fdch Bud\u011bjovic\u00edch na n\u00e1plavce u Dlouh\u00e9ho mostu v r\u00e1mci festivalu Vltava \u017eije. Spole\u010dn\u011b se do ped\u00e1l\u016f op\u0159e d\u00e1msk\u00e9 trio Jana K\u016fsov\u00e1, V\u011bra V\u00e1vrov\u00e1 a Monika Kotherov\u00e1.<\/p>\n<p>&#8222;P\u0159ije\u010fte v p\u00e1tek do \u010cesk\u00fdch Bud\u011bjovic, sko\u010dte tam na kolo a podpo\u0159te svou minutovou j\u00edzdou snahu t\u00fdmu \u0160umava na nohou odv\u00e9zt si z festivalu 50000 korun na Koncert pro B\u00e1ru, Baru\u0161ku, Lucku, Tom\u00e1\u0161e, Pavl\u00edka a Jon\u00e1\u0161e,&#8220; pozvala V\u011bra V\u00e1vrov\u00e1.<\/p>\n<p>MIROSLAV FUCHS<br \/>\nPrachatick\u00fd den\u00edk<br \/>\n<a href=\"http:\/\/prachaticky.denik.cz\/\">http:\/\/prachaticky.denik.cz\/<\/a><\/p>\n","protected":false},"excerpt":{"rendered":"<div class=\"mh-excerpt\"><p>\u010c\u00edm v\u00edce kilometr\u016f najedou, t\u00edm v\u00edce pen\u011bz z\u00edskaj\u00ed na bl\u00ed\u017e\u00edc\u00ed se charitativn\u00ed koncert<\/p>\n<\/div>","protected":false},"author":1,"featured_media":8890,"comment_status":"open","ping_status":"closed","sticky":false,"template":"","format":"standard","meta":{"footnotes":""},"categories":[9],"tags":[],"class_list":["post-22598","post","type-post","status-publish","format-standard","has-post-thumbnail","hentry","category-zpravy"],"_links":{"self":[{"href":"https:\/\/www.invarena.cz\/index.php?rest_route=\/wp\/v2\/posts\/22598","targetHints":{"allow":["GET"]}}],"collection":[{"href":"https:\/\/www.invarena.cz\/index.php?rest_route=\/wp\/v2\/posts"}],"about":[{"href":"https:\/\/www.invarena.cz\/index.php?rest_route=\/wp\/v2\/types\/post"}],"author":[{"embeddable":true,"href":"https:\/\/www.invarena.cz\/index.php?rest_route=\/wp\/v2\/users\/1"}],"replies":[{"embeddable":true,"href":"https:\/\/www.invarena.cz\/index.php?rest_route=%2Fwp%2Fv2%2Fcomments&post=22598"}],"version-history":[{"count":0,"href":"https:\/\/www.invarena.cz\/index.php?rest_route=\/wp\/v2\/posts\/22598\/revisions"}],"wp:featuredmedia":[{"embeddable":true,"href":"https:\/\/www.invarena.cz\/index.php?rest_route=\/wp\/v2\/media\/8890"}],"wp:attachment":[{"href":"https:\/\/www.invarena.cz\/index.php?rest_route=%2Fwp%2Fv2%2Fmedia&parent=22598"}],"wp:term":[{"taxonomy":"category","embeddable":true,"href":"https:\/\/www.invarena.cz\/index.php?rest_route=%2Fwp%2Fv2%2Fcategories&post=22598"},{"taxonomy":"post_tag","embeddable":true,"href":"https:\/\/www.invarena.cz\/index.php?rest_route=%2Fwp%2Fv2%2Ftags&post=22598"}],"curies":[{"name":"wp","href":"https:\/\/api.w.org\/{rel}","templated":true}]}}