{"id":22602,"date":"2015-09-04T09:40:47","date_gmt":"2015-09-04T07:40:47","guid":{"rendered":"http:\/\/www.invarena.cz\/?p=22602"},"modified":"2015-09-04T09:40:47","modified_gmt":"2015-09-04T07:40:47","slug":"handicap-rally-propoji-svety-zdravych-a-postizenych-lidi","status":"publish","type":"post","link":"https:\/\/www.invarena.cz\/?p=22602","title":{"rendered":"Handicap Rally propoj\u00ed sv\u011bty zdrav\u00fdch a posti\u017een\u00fdch lid\u00ed"},"content":{"rendered":"<p><strong>Slalom na voz\u00edku, hmatov\u00e9 pexeso, g\u00f3ly s hr\u00e1\u010di Sigmy. Sdru\u017een\u00ed l\u00e1kaj\u00ed do Korunn\u00ed pevn\u016fstky<\/strong> <!--more--><\/p>\n<p>Olomouc \u2013 P\u0159edev\u0161\u00edm d\u011btsk\u00fd sm\u00edch se bude v ned\u011bli rozl\u00e9hat are\u00e1lem Korunn\u00ed pevn\u016fstky v Olomouci. Celodenn\u00ed program tam rodin\u00e1m s d\u011btmi nab\u00eddnou hned dv\u011b akce, osm\u00fd ro\u010dn\u00edk Handicap Rally Dobr\u00e9ho m\u00edsta pro \u017eivot a Jeden d\u011btsk\u00fd den nesta\u010d\u00ed Nadace Mal\u00fd Noe.<\/p>\n<p>Handicap Rally se letos uskute\u010dn\u00ed na nov\u00e9m m\u00edst\u011b. &#8222;Spojili jsme ji s akc\u00ed Nadace Mal\u00fd Noe, kter\u00e1 ka\u017edoro\u010dn\u011b chyst\u00e1 program pro d\u011bti z d\u011btsk\u00fdch domov\u016f Olomouck\u00e9ho kraje,&#8220; vysv\u011btlila V\u011bra Novotn\u00e1, p\u0159edsedkyn\u011b Dobr\u00e9ho m\u00edsta pro \u017eivot. Zd\u016fraznila, \u017ee se Handicap Rally ponese v tradi\u010dn\u00edm duchu tak, jak jsou n\u00e1v\u0161t\u011bvn\u00edci zvykl\u00ed. &#8222;Rodiny dostanou do t\u00fdmu handicapovan\u00e9ho kamar\u00e1da a spole\u010dn\u011b projdou n\u011bkolik sout\u011b\u017en\u00edch stanovi\u0161\u0165,&#8220; vysv\u011btlila V\u011bra Novotn\u00e1. Poznamenala, \u017ee ti, kdo se cht\u011bj\u00ed sout\u011b\u017ee z\u00fa\u010dastnit, se mohou p\u0159ihl\u00e1sit hned po p\u0159\u00edchodu do pevnosti. Ve velk\u00e9m stanu, kde je start i c\u00edl, budou tak\u00e9 dobrovoln\u00edci, kte\u0159\u00ed porad\u00ed, kde a jak za\u010d\u00edt.<\/p>\n<p>Na programu jsou \u010dichac\u00ed sout\u011b\u017ee, hmatov\u00e9 pexeso, slalom na invalidn\u00edm voz\u00edku, st\u0159elba na branku s fotbalisty Sigmy, p\u0159ek\u00e1\u017ekov\u00e1 ch\u016fze se slepeckou hol\u00ed nebo tak\u00e9 golf. &#8222;Ka\u017ed\u00fd rok se sna\u017e\u00edme stanovi\u0161t\u011b a discipl\u00edny obm\u011b\u0148ovat, tento rok se t\u0159i z nich odehraj\u00ed p\u0159\u00edmo v Pevnosti pozn\u00e1n\u00ed,&#8220; prozradila p\u0159edsedkyn\u011b sdru\u017een\u00ed Dobr\u00e9 m\u00edsto pro \u017eivot. &#8222;Smyslem na\u0161\u00ed akce je propojen\u00ed sv\u011bta handicapovan\u00fdch a zdrav\u00fdch lid\u00ed. Ob\u010das se jich boj\u00edme a tak\u00e9 oni n\u00e1s. Je to citliv\u00e9 t\u00e9ma a leckdy nev\u00edme, jak se k posti\u017een\u00fdm chovat. Prost\u0159ednictv\u00edm d\u011bt\u00ed, d\u00edky jejich bezprost\u0159ednosti, se tyhle bari\u00e9ry bouraj\u00ed. A o to n\u00e1m jde p\u0159edev\u0161\u00edm,&#8220; dodala V\u011bra Novotn\u00e1. Krom\u011b sout\u011b\u017en\u00edch discipl\u00edn nab\u00eddne are\u00e1l Korunn\u00ed pevn\u016fstky \u017eivou hudbu. V ned\u011bli tu zahraj\u00ed kapely d\u011btsk\u00fdch domov\u016f z Olomouce a P\u0159erova, p\u0159edstav\u00ed se Divadlo na cucky, hasi\u010di nab\u00eddnou p\u011bnovou show, k programu p\u0159isp\u011bj\u00ed tak\u00e9 skauti a Technick\u00e9 slu\u017eby m\u011bsta Olomouce p\u0159\u00edchoz\u00edm uk\u00e1\u017eou, jak se m\u00e1 spr\u00e1vn\u011b t\u0159\u00eddit odpad. V 15 hodin zazp\u00edv\u00e1 zp\u011bva\u010dka zn\u00e1m\u00e1 z televizn\u00ed SuperStar Mark\u00e9ta Konvi\u010dkov\u00e1. Handicap Rally startuje v 10 hodin a kon\u010d\u00ed v 16 hodin, vstup je zdarma.<\/p>\n<p>04.09.2015<br \/>\nPETRA P\u00c1\u0160OV\u00c1<br \/>\nOlomouck\u00fd den\u00edk<br \/>\n<a href=\"http:\/\/www.olomoucky.denik.cz\/\">http:\/\/www.olomoucky.denik.cz\/<\/a><\/p>\n","protected":false},"excerpt":{"rendered":"<div class=\"mh-excerpt\"><p>Slalom na voz\u00edku, hmatov\u00e9 pexeso, g\u00f3ly s hr\u00e1\u010di Sigmy. Sdru\u017een\u00ed l\u00e1kaj\u00ed do Korunn\u00ed pevn\u016fstky<\/p>\n<\/div>","protected":false},"author":1,"featured_media":904,"comment_status":"open","ping_status":"closed","sticky":false,"template":"","format":"standard","meta":{"footnotes":""},"categories":[9],"tags":[],"class_list":["post-22602","post","type-post","status-publish","format-standard","has-post-thumbnail","hentry","category-zpravy"],"_links":{"self":[{"href":"https:\/\/www.invarena.cz\/index.php?rest_route=\/wp\/v2\/posts\/22602","targetHints":{"allow":["GET"]}}],"collection":[{"href":"https:\/\/www.invarena.cz\/index.php?rest_route=\/wp\/v2\/posts"}],"about":[{"href":"https:\/\/www.invarena.cz\/index.php?rest_route=\/wp\/v2\/types\/post"}],"author":[{"embeddable":true,"href":"https:\/\/www.invarena.cz\/index.php?rest_route=\/wp\/v2\/users\/1"}],"replies":[{"embeddable":true,"href":"https:\/\/www.invarena.cz\/index.php?rest_route=%2Fwp%2Fv2%2Fcomments&post=22602"}],"version-history":[{"count":0,"href":"https:\/\/www.invarena.cz\/index.php?rest_route=\/wp\/v2\/posts\/22602\/revisions"}],"wp:featuredmedia":[{"embeddable":true,"href":"https:\/\/www.invarena.cz\/index.php?rest_route=\/wp\/v2\/media\/904"}],"wp:attachment":[{"href":"https:\/\/www.invarena.cz\/index.php?rest_route=%2Fwp%2Fv2%2Fmedia&parent=22602"}],"wp:term":[{"taxonomy":"category","embeddable":true,"href":"https:\/\/www.invarena.cz\/index.php?rest_route=%2Fwp%2Fv2%2Fcategories&post=22602"},{"taxonomy":"post_tag","embeddable":true,"href":"https:\/\/www.invarena.cz\/index.php?rest_route=%2Fwp%2Fv2%2Ftags&post=22602"}],"curies":[{"name":"wp","href":"https:\/\/api.w.org\/{rel}","templated":true}]}}