{"id":22611,"date":"2015-09-14T21:41:48","date_gmt":"2015-09-14T19:41:48","guid":{"rendered":"http:\/\/www.invarena.cz\/?p=22611"},"modified":"2015-09-14T21:41:48","modified_gmt":"2015-09-14T19:41:48","slug":"slova-diku-nestaci","status":"publish","type":"post","link":"https:\/\/www.invarena.cz\/?p=22611","title":{"rendered":"Slova d\u00edk\u016f nesta\u010d\u00ed"},"content":{"rendered":"<p><strong>Kdy\u017e jsem se pod\u00edval na tituln\u00ed str\u00e1nku Strakonick\u00e9ho den\u00edku, necht\u011bl jsem v\u011b\u0159it vlastn\u00edm o\u010d\u00edm. P\u0159es 240 tis\u00edc korun!<\/strong><!--more--><\/p>\n<p>Kdy\u017e jsem se pod\u00edval na tituln\u00ed str\u00e1nku Strakonick\u00e9ho den\u00edku, necht\u011bl jsem v\u011b\u0159it vlastn\u00edm o\u010d\u00edm. P\u0159es 240 tis\u00edc korun! Takov\u00fd byl v\u00fdt\u011b\u017eek z dra\u017eby Kabelkov\u00e9ho veletrhu Den\u00edku, kter\u00fd se uskute\u010dnil 2. z\u00e1\u0159\u00ed v IGY Centru \u010cesk\u00e9 Bud\u011bjovice. Slova d\u00edk\u016f za va\u0161i ochotu pomoci hendikepovan\u00fdm d\u011btem nesta\u010d\u00ed, p\u0159esto velk\u00e9 d\u00edky v\u00e1m v\u0161em, kte\u0159\u00ed jste kabelkou, \u0161\u00e1tkem \u010di kravatou p\u0159isp\u011bli. A pochopiteln\u011b i t\u011bm, kte\u0159\u00ed do IGY Centra zav\u00edtali, aby si n\u011bkter\u00e9 z t\u011bchto p\u0159edm\u011bt\u016f zakoupili.<\/p>\n<p>Letos se n\u00e1m poda\u0159ilo nast\u0159\u00e1dat na 6000 kabelek, tedy asi o tis\u00edcovku m\u00e9n\u011b ne\u017e loni. K tomu stovky kravat a \u0161\u00e1tk\u016f. A p\u0159esto jste vy, p\u0159edev\u0161\u00edm na\u0161e \u010dten\u00e1\u0159ky, utratily o 60 tis\u00edc korun v\u00edc ne\u017e loni. Va\u0161e empatie v\u016f\u010di t\u011bm, kte\u0159\u00ed byli osudem poznamen\u00e1ni jinak, ne\u017e by sami cht\u011bli, je p\u0159\u00edkladn\u00e1. Jiho\u010de\u0161i a Jiho\u010de\u0161ky si opravdu zaslou\u017e\u00ed \u00factu jako lid\u00e9, kte\u0159\u00ed slova charita a pomoc nepova\u017euj\u00ed jen za n\u011bkolik p\u00edsmen vedle sebe.<br \/>\nNyn\u00ed u\u017e jen zb\u00fdv\u00e1, abychom pen\u00edze rozd\u011blili opravdu t\u011bm pot\u0159ebn\u00fdm. Pos\u00edlejte n\u00e1m tedy svoje tipy na d\u011bti, kter\u00e9 nemaj\u00ed tolik \u0161t\u011bst\u00ed jako jejich vrstevn\u00edci, abychom jim pomohli d\u00edky va\u0161\u00ed vst\u0159\u00edcnosti splnit jejich p\u0159\u00e1n\u00ed a sny. Pak bude cel\u00fd z\u00e1m\u011br dokonal\u00fd. D\u011bkujeme!<\/p>\n<p>PETR \u0160KOTKO<br \/>\nStrakonick\u00fd den\u00edk<br \/>\nhttp:\/\/strakonicky.denik.cz\/<\/p>\n","protected":false},"excerpt":{"rendered":"<div class=\"mh-excerpt\"><p>Kdy\u017e jsem se pod\u00edval na tituln\u00ed str\u00e1nku Strakonick\u00e9ho den\u00edku, necht\u011bl jsem v\u011b\u0159it vlastn\u00edm o\u010d\u00edm. P\u0159es 240 tis\u00edc korun!<\/p>\n<\/div>","protected":false},"author":1,"featured_media":0,"comment_status":"open","ping_status":"closed","sticky":false,"template":"","format":"standard","meta":{"footnotes":""},"categories":[9],"tags":[],"class_list":["post-22611","post","type-post","status-publish","format-standard","hentry","category-zpravy"],"_links":{"self":[{"href":"https:\/\/www.invarena.cz\/index.php?rest_route=\/wp\/v2\/posts\/22611","targetHints":{"allow":["GET"]}}],"collection":[{"href":"https:\/\/www.invarena.cz\/index.php?rest_route=\/wp\/v2\/posts"}],"about":[{"href":"https:\/\/www.invarena.cz\/index.php?rest_route=\/wp\/v2\/types\/post"}],"author":[{"embeddable":true,"href":"https:\/\/www.invarena.cz\/index.php?rest_route=\/wp\/v2\/users\/1"}],"replies":[{"embeddable":true,"href":"https:\/\/www.invarena.cz\/index.php?rest_route=%2Fwp%2Fv2%2Fcomments&post=22611"}],"version-history":[{"count":0,"href":"https:\/\/www.invarena.cz\/index.php?rest_route=\/wp\/v2\/posts\/22611\/revisions"}],"wp:attachment":[{"href":"https:\/\/www.invarena.cz\/index.php?rest_route=%2Fwp%2Fv2%2Fmedia&parent=22611"}],"wp:term":[{"taxonomy":"category","embeddable":true,"href":"https:\/\/www.invarena.cz\/index.php?rest_route=%2Fwp%2Fv2%2Fcategories&post=22611"},{"taxonomy":"post_tag","embeddable":true,"href":"https:\/\/www.invarena.cz\/index.php?rest_route=%2Fwp%2Fv2%2Ftags&post=22611"}],"curies":[{"name":"wp","href":"https:\/\/api.w.org\/{rel}","templated":true}]}}