{"id":22643,"date":"2015-09-10T10:06:46","date_gmt":"2015-09-10T08:06:46","guid":{"rendered":"http:\/\/www.invarena.cz\/?p=22643"},"modified":"2015-09-10T10:06:46","modified_gmt":"2015-09-10T08:06:46","slug":"slepotou-zivot-nekonci","status":"publish","type":"post","link":"https:\/\/www.invarena.cz\/?p=22643","title":{"rendered":"Slepotou \u017eivot nekon\u010d\u00ed"},"content":{"rendered":"<p><strong>P\u0159edsedkyn\u011b pobo\u010dky fr\u00fddecko\u00acm\u00edsteck\u00e9 SONS Vlasta Kopuncov\u00e1 p\u0159esto\u017ee dnes vid\u00ed prav\u00fdm okem jen minim\u00e1ln\u00ed \u010d\u00e1st toho, co \u010dlov\u011bk se zdrav\u00fdm zrakem, neztr\u00e1c\u00ed humor a nadhled. <\/strong><!--more--><\/p>\n<p>&#8222;V\u017edy\u0165 j\u00e1 to jenom hraju, norm\u00e1ln\u011b vid\u00edm,&#8220; sm\u011bje se Vlasta Kopuncov\u00e1 ze Sviadnova, kdy\u017e na speci\u00e1ln\u00edm p\u0159\u00edstroji ukazuje, jak m\u016f\u017ee slabozrak\u00fd \u010dlov\u011bk nap\u0159\u00edklad lu\u0161tit k\u0159\u00ed\u017eovky. Osma\u0161edes\u00e1tilet\u00e1 p\u0159edsedkyn\u011b fr\u00fddecko\u00ac \u00acm\u00edsteck\u00e9 pobo\u010dky Sjednocen\u00e9 organizace nevidom\u00fdch a slabozrak\u00fdch \u010cesk\u00e9 republiky (SONS) v rozhovoru mimo jin\u00e9 prozrazuje, jak se s postupnou ztr\u00e1tou zraku vyrovn\u00e1vala.<\/p>\n<p>&#8211; Jak se vyv\u00edjela va\u0161e zrakov\u00e1 vada?<\/p>\n<p>Kdy\u017e za\u010dnu od d\u011btstv\u00ed, tak od deseti let jsem za\u010dala nosit br\u00fdle. V t\u00e9 dob\u011b l\u00e9\u010den\u00ed nebylo na takov\u00e9 \u00farovni, jako je dnes. Zrak se mi tedy zhor\u0161oval a\u017e do puberty, kdy u\u017e n\u011bjak\u00e9 mo\u017enosti l\u00e9\u010den\u00ed, jako injekce nebo l\u00e9ky, byly. Ale to je tak v\u0161echno. Zrak postupn\u011b sl\u00e1bl, proto\u017ee m\u00e1m v\u00edce vad v o\u010d\u00edch. Do\u0161lo to a\u017e do takov\u00e9ho stadia, kdy jsem se v roce 1974 dostala do pln\u00e9ho invalidn\u00edho d\u016fchodu pro praktickou slepotu.<\/p>\n<p>&#8211; Co to znamen\u00e1?<\/p>\n<p>\u017de m\u00e1te ur\u010dit\u00e9 zrakov\u00e9 posti\u017een\u00ed. Zasahuje tam nap\u0159\u00edklad \u0161eroslepost, barvoslepost nebo sv\u011btloplachost. J\u00e1 jsem m\u011bla perifern\u00ed vid\u011bn\u00ed, co\u017e znamen\u00e1, \u017ee j\u00e1 jsem m\u011bla st\u0159ed oka slep\u00fd a vid\u011bla jsem jen po stran\u00e1ch. To bylo pro m\u011b je\u0161t\u011b dobr\u00e9.<\/p>\n<p>&#8211; Jak jste se s t\u00edm vyrovn\u00e1vala?<\/p>\n<p>V t\u00e9 pubert\u011b m\u00e1 \u010dlov\u011bk chytrou hlavu a \u0159\u00edk\u00e1 si: V\u017edy\u0165 na m\u011b nikdo nem\u016f\u017ee. Tak\u017ee jsem v t\u00e9 dob\u011b za\u010dala stagnovat, nel\u00e9\u010dila jsem se a bylo mi jedno, jestli oslepnu, co\u017e je samoz\u0159ejm\u011b hloupost. Potom jsem se dostala do p\u00e9\u010de speci\u00e1ln\u00edch l\u00e9ka\u0159\u016f, kte\u0159\u00ed m\u011b ujistili, \u017ee do \u00fapln\u00e9 tmy bych doj\u00edt nem\u011bla, ale \u017ee mus\u00edm po\u010d\u00edtat se zhor\u0161ov\u00e1n\u00edm zraku. Kdy\u017e jsem se dostala do toho invalidn\u00edho d\u016fchodu, v\u016fbec jsem ten handicap nevn\u00edmala. Tak to bylo dlouhou dobu. Na za\u010d\u00e1tku osmdes\u00e1t\u00fdch let se to ale po psychick\u00fdch probl\u00e9mech, kter\u00e9 jsem z rodinn\u00fdch d\u016fvod\u016f m\u011bla, za\u010dalo hor\u0161it. Ale \u0159eknu v\u00e1m, \u017ee dodne\u0161ka, kdy u\u017e m\u00e1m jen kous\u00ed\u010dek vid\u011bn\u00ed a pot\u0159ebuji pomoc druh\u00fdch, si to v\u016fbec nep\u0159ipou\u0161t\u00edm.<\/p>\n<p>&#8211; Opravdu je mo\u017en\u00e9 nep\u0159ipou\u0161t\u011bt si, \u017ee skoro nevid\u00edte?<\/p>\n<p>N\u011bkdo si ur\u010dit\u011b \u0159ekne: Ne\u0159\u00edkej, \u017ee nad t\u00edm v\u016fbec nep\u0159em\u00fd\u0161l\u00ed\u0161. Mo\u017en\u00e1 n\u011bkdy v opravdu slab\u00e9 chv\u00edli si \u0159eknu: No, \u0161koda. Ale abych to brala n\u011bjak tragicky, to v \u017e\u00e1dn\u00e9m p\u0159\u00edpad\u011b. \u010clov\u011bk mus\u00ed v\u011bd\u011bt, \u017ee jsou i lid\u00e9, kte\u0159\u00ed jsou na tom t\u0159eba mnohem h\u016f\u0159e. Sm\u00ed\u0159ila jsem se s t\u00edm. Mrz\u00ed m\u011b, \u017ee n\u011bkter\u00e9 v\u011bci u\u017e nem\u016f\u017eu d\u011blat, ale zase d\u00edky rozvoji techniky a vymo\u017eenostem se d\u00e1 \u017eivot zvl\u00e1dnout v pohod\u011b.<\/p>\n<p>&#8211; Stala jste se tedy invalidn\u00ed d\u016fchodkyn\u00ed. Jak jste se pot\u00e9 dostala k pr\u00e1ci p\u0159edsedkyn\u011b?<\/p>\n<p>V tom roce jsem m\u011bla mal\u00e9 d\u011bti, n\u00e1pl\u0148 pr\u00e1ce byla tedy dosta\u010duj\u00edc\u00ed. Pozd\u011bji se m\u011b ostatn\u00ed zrakov\u011b posti\u017een\u00ed ptali, pro\u010d nejsem v organizaci. \u0158\u00edkali, \u017ee mi tam mohou pomoct n\u011bco za\u0159\u00eddit a podobn\u011b. Stala jsem se tedy v roce 1984 \u010dlenkou a asi po dvou letech se dostala na post p\u0159edkyn\u011b.<\/p>\n<p>&#8211; Jakou v\u00fdhodu v t\u00e9to pr\u00e1ci tvo\u0159\u00ed to, \u017ee jste sama zrakov\u011b posti\u017een\u00e1?<\/p>\n<p>Byla to dokonce podm\u00ednka. Pracovn\u00edk musel b\u00fdt vidouc\u00ed se st\u0159edo\u0161kolsk\u00fdm vzd\u011bl\u00e1n\u00edm, ale p\u0159edseda mus\u00ed b\u00fdt bu\u010f t\u011b\u017ece zrakov\u011b posti\u017een\u00fd, nebo slep\u00fd. Mysl\u00edm si, \u017ee je to velk\u00e9 plus. M\u00e1m k t\u011bm lidem bl\u00ed\u017ee.<\/p>\n<p>&#8211; Jste v kontaktu s des\u00edtkami zrakov\u011b posti\u017een\u00fdch. Jak obvykle sn\u00e1\u0161\u00ed sv\u016fj handicap?<\/p>\n<p>Li\u0161\u00ed se to podle toho, jestli se \u010dlov\u011bk narod\u00ed slep\u00fd, slepne postupn\u011b nebo ztrat\u00ed zrak najednou. Kdo je slep\u00fd od narozen\u00ed, ten \u017eivot bere tak, jak mu ho p\u0159\u00edroda nastolila. Pak jsou lidi jako j\u00e1, kte\u0159\u00ed se s t\u00edm v\u011bt\u0161inou postupn\u011b s\u017e\u00edvaj\u00ed, pokud nejsou psychicky labiln\u00ed. Kdy\u017e \u010dlov\u011bk o zrak p\u0159ijde najednou, mysl\u00ed si, \u017ee se mu sesypal cel\u00fd sv\u011bt. Psychika hraje velkou roli. D\u016fle\u017eit\u00e9 je, aby se ten \u010dlov\u011bk podchytil v\u010das. Abychom se mu t\u0159eba my nebo jeho bl\u00edzc\u00ed sna\u017eili co nejd\u0159\u00edve pomoct. Kdy\u017e p\u0159ijde \u010dlov\u011bk po hav\u00e1rce, m\u016f\u017ee b\u00fdt psychicky \u0161patn\u00fd. Ale my si s n\u00edm povykl\u00e1d\u00e1me, rozebereme ho a zjist\u00edme t\u0159eba, o co by m\u011bl z\u00e1jem. Nab\u00eddneme mu r\u016fzn\u00e9 mo\u017enosti.<\/p>\n<p>&#8211; M\u016f\u017eete uv\u00e9st n\u011bjak\u00fd p\u0159\u00edklad?<\/p>\n<p>T\u0159eba pan\u00ed Eva. Byla u\u010ditelkou ve \u0161kolce, ale postupn\u011b za\u010d\u00ednala h\u016f\u0159e vid\u011bt. P\u0159i\u0161la tady a p\u016fsobila jako sta\u0159enka, kter\u00e1 nic nevid\u00ed a nic nem\u016f\u017ee. P\u0159itom j\u00e1 jsem vid\u011bla h\u016f\u0159 ne\u017e ona. To je ta psychika \u010dlov\u011bka \u2013 najednou se j\u00ed zlomil cel\u00fd sv\u011bt. Dlouho jsem se s n\u00ed bavila a zji\u0161\u0165ovala, co r\u00e1da d\u011bl\u00e1. Pr\u00fd r\u00e1da pletla, tak jsem se j\u00ed zeptala, pro\u010d neplete. Odpov\u011bd\u011bla: Copak m\u016f\u017eu? P\u0159esv\u011bd\u010dovala jsem ji, a\u0165 to zkus\u00ed. Dlouho necht\u011bla, ale po tom, co u n\u00e1s p\u00e1rkr\u00e1t byla, za\u010dala d\u011blat v\u011bci \u00fapln\u011b norm\u00e1ln\u011b. Nakonec mi pod\u011bkovala, \u017ee jsem do n\u00ed mnohokr\u00e1t hu\u010dela a byla r\u00e1zn\u00e1. J\u00e1 toti\u017e pro r\u00e1zn\u00e9 slovo nechod\u00edm daleko (sm\u00edch). D\u016fle\u017eit\u00e9 je v\u011bd\u011bt, \u017ee slepotou nebo slabozrakost\u00ed \u017eivot nekon\u010d\u00ed.<\/p>\n<p>&#8211; Co v\u00e1s na va\u0161\u00ed pr\u00e1ci nejv\u00edce bav\u00ed?<\/p>\n<p>Napl\u0148uje m\u011b. M\u00e1m dobr\u00fd pocit z toho, \u017ee m\u016f\u017eu n\u011bkomu pomoct, poradit a dostat ho do b\u011b\u017en\u00fdch kolej\u00ed. Bav\u00ed m\u011b pr\u00e1ce s lidmi.<\/p>\n<p>&#8211; P\u0159esto mus\u00ed b\u00fdt velmi n\u00e1ro\u010dn\u00e1 \u2013 jak relaxujete?<\/p>\n<p>Na posteli (sm\u00edch). Hodn\u011b poslouch\u00e1m knihy, kter\u00e9 m\u00e1me mo\u017enost odeb\u00edrat z knihovny v Praze. Je tam na\u010dteno cokoli. R\u00e1da \u010dtu nap\u00ednav\u00e9 v\u011bci, z l\u00e9ka\u0159sk\u00e9ho prost\u0159ed\u00ed nebo i \u010dervenou knihovnu. Mus\u00ed to n\u011bco vypr\u00e1v\u011bt, m\u00edt p\u0159\u00edb\u011bh. Hodn\u011b m\u011b bav\u00ed va\u0159it a p\u00e9ct, dlouh\u00e9 roky jsem pletla a lu\u0161tila k\u0159\u00ed\u017eovky. \u010cas tr\u00e1v\u00edm tak\u00e9 u televize, m\u00e1m r\u00e1da po\u0159ady o p\u0159\u00edrod\u011b nebo r\u016fzn\u00e9 h\u00e1danky.<\/p>\n<p>PATRIK RYMEL<br \/>\nNoviny Region Fr\u00fddecko-M\u00edstecko<\/p>\n","protected":false},"excerpt":{"rendered":"<div class=\"mh-excerpt\"><p>P\u0159edsedkyn\u011b pobo\u010dky fr\u00fddecko\u00acm\u00edsteck\u00e9 SONS Vlasta Kopuncov\u00e1 p\u0159esto\u017ee dnes vid\u00ed prav\u00fdm okem jen minim\u00e1ln\u00ed \u010d\u00e1st toho, co \u010dlov\u011bk se zdrav\u00fdm zrakem, neztr\u00e1c\u00ed humor a nadhled.<\/p>\n<\/div>","protected":false},"author":1,"featured_media":783,"comment_status":"open","ping_status":"closed","sticky":false,"template":"","format":"standard","meta":{"footnotes":""},"categories":[12],"tags":[],"class_list":["post-22643","post","type-post","status-publish","format-standard","has-post-thumbnail","hentry","category-rozhovory"],"_links":{"self":[{"href":"https:\/\/www.invarena.cz\/index.php?rest_route=\/wp\/v2\/posts\/22643","targetHints":{"allow":["GET"]}}],"collection":[{"href":"https:\/\/www.invarena.cz\/index.php?rest_route=\/wp\/v2\/posts"}],"about":[{"href":"https:\/\/www.invarena.cz\/index.php?rest_route=\/wp\/v2\/types\/post"}],"author":[{"embeddable":true,"href":"https:\/\/www.invarena.cz\/index.php?rest_route=\/wp\/v2\/users\/1"}],"replies":[{"embeddable":true,"href":"https:\/\/www.invarena.cz\/index.php?rest_route=%2Fwp%2Fv2%2Fcomments&post=22643"}],"version-history":[{"count":0,"href":"https:\/\/www.invarena.cz\/index.php?rest_route=\/wp\/v2\/posts\/22643\/revisions"}],"wp:featuredmedia":[{"embeddable":true,"href":"https:\/\/www.invarena.cz\/index.php?rest_route=\/wp\/v2\/media\/783"}],"wp:attachment":[{"href":"https:\/\/www.invarena.cz\/index.php?rest_route=%2Fwp%2Fv2%2Fmedia&parent=22643"}],"wp:term":[{"taxonomy":"category","embeddable":true,"href":"https:\/\/www.invarena.cz\/index.php?rest_route=%2Fwp%2Fv2%2Fcategories&post=22643"},{"taxonomy":"post_tag","embeddable":true,"href":"https:\/\/www.invarena.cz\/index.php?rest_route=%2Fwp%2Fv2%2Ftags&post=22643"}],"curies":[{"name":"wp","href":"https:\/\/api.w.org\/{rel}","templated":true}]}}