{"id":22651,"date":"2015-09-08T13:22:39","date_gmt":"2015-09-08T11:22:39","guid":{"rendered":"http:\/\/www.invarena.cz\/?p=22651"},"modified":"2015-09-09T00:31:23","modified_gmt":"2015-09-08T22:31:23","slug":"darkyne-krve-se-v-nemocnici-prostejov-mohou-nechat-zdarma-nalicit","status":"publish","type":"post","link":"https:\/\/www.invarena.cz\/?p=22651","title":{"rendered":"D\u00e1rkyn\u011b krve se v Nemocnici Prost\u011bjov mohou nechat zdarma nal\u00ed\u010dit"},"content":{"rendered":"<p><strong>D\u00e1rkyn\u011b krve z\u00a0Prost\u011bjovska budou moci dnes 8. z\u00e1\u0159\u00ed vyu\u017e\u00edt jedine\u010dnou mo\u017enost bezplatn\u00e9ho l\u00ed\u010den\u00ed i kosmetick\u00e9ho poradenstv\u00ed.<br \/>\n<\/strong><!--more--><\/p>\n<p>V \u00fater\u00fd 8. z\u00e1\u0159\u00ed bude pro v\u0161echny d\u00e1rkyn\u011b na Transf\u00fazn\u00ed stanici Nemocnice Prost\u011bjov, kter\u00e1 je \u010dlenem skupiny AGEL, p\u0159ipravena akce Mary Kay, v\u00a0r\u00e1mci kter\u00e9 z\u00e1jemkyn\u011b obdr\u017e\u00ed poukaz na poradenstv\u00ed v\u00a0p\u00e9\u010di o ple\u0165 nebo se mohou rovnou po odb\u011bru nechat profesion\u00e1ln\u011b nal\u00ed\u010dit.<\/p>\n<p>\u201eD\u00e1rcovstv\u00ed krve se sna\u017e\u00edme podporovat r\u016fzn\u00fdmi akcemi a z\u00e1rove\u0148 se sna\u017e\u00edme i na\u0161im d\u00e1rc\u016fm odb\u011bry zpest\u0159ovat a zp\u0159\u00edjem\u0148ovat. Tentokr\u00e1t jsme se zam\u011b\u0159ili p\u0159edev\u0161\u00edm na \u017eeny, kter\u00fdm nab\u00eddneme mo\u017enost zkr\u00e1\u0161len\u00ed \u2013 a\u0165 u\u017e p\u0159\u00edmo po odb\u011bru, nebo pozd\u011bji. P\u0159ij\u00edt ale mohou samoz\u0159ejm\u011b i p\u00e1nov\u00e9, a pot\u011b\u0161it pouk\u00e1zkou t\u0159eba drahou polovi\u010dku,\u201c zve k\u00a0odb\u011bru MUDr. Ji\u0159\u00ed\u00a0 \u0160l\u00e9zar, vedouc\u00ed transf\u00fazn\u00ed stanice Nemocnice Prost\u011bjov, s t\u00edm, \u017ee akce se kon\u00e1 ve spolupr\u00e1ci s\u00a0firmou Mary Kay, kter\u00e1 zajist\u00ed odborn\u00e9 kosmetick\u00e9 slu\u017eby i poradenstv\u00ed pro d\u00e1rkyn\u011b.<\/p>\n<p>Akce bude prob\u00edhat v\u00a0\u00fater\u00fd 8. z\u00e1\u0159\u00ed od 6.00 do 11.00 hodin na transf\u00fazn\u00ed stanici Nemocnice Prost\u011bjov, p\u0159i\u010dem\u017e mezi 6.00 a 8.00 mohou p\u0159ich\u00e1zet d\u00e1rci krve, mezi 9.00 a 11.00 pak d\u00e1rci plazmy. Prvod\u00e1rci mohou p\u0159ich\u00e1zet i bez objedn\u00e1n\u00ed, u st\u00e1vaj\u00edc\u00edch d\u00e1rc\u016f je nutn\u00e9 se p\u0159edem telefonicky objednat na \u010d\u00edsle 582 315\u00a0210 nebo domluvit odb\u011br na e-mailov\u00e9 adrese transfuzka@npv.agel.cz. <\/p>\n<p>D\u00e1rcem krve se m\u016f\u017ee st\u00e1t ka\u017ed\u00fd zdrav\u00fd ob\u010dan \u010cesk\u00e9 republiky ve v\u011bku 18 a\u017e 60 let, p\u0159i\u010dem\u017e vhodnost d\u00e1rce je je\u0161t\u011b v\u017edy individu\u00e1ln\u011b posuzov\u00e1na zdravotnick\u00fdm person\u00e1lem. V\u00fdhodami darov\u00e1n\u00ed krve je p\u0159itom v sou\u010dasnosti nejen dobr\u00fd pocit z u\u0161lechtil\u00e9ho skutku, ale tak\u00e9 mo\u017enost \u010derpat pracovn\u00ed volno s n\u00e1hradou mzdy, proplacen\u00e9 j\u00edzdn\u00e9, l\u00e9ka\u0159sk\u00e9 vy\u0161et\u0159en\u00ed, vitam\u00edny od zdravotn\u00ed poji\u0161\u0165ovny, ob\u010derstven\u00ed a odpo\u010det ze z\u00e1kladu dan\u011b z p\u0159\u00edjmu, a to ve v\u00fd\u0161i dva tis\u00edce korun za ka\u017ed\u00fd odb\u011br.<\/p>\n","protected":false},"excerpt":{"rendered":"<div class=\"mh-excerpt\"><p>D\u00e1rkyn\u011b krve z\u00a0Prost\u011bjovska budou moci dnes 8. z\u00e1\u0159\u00ed vyu\u017e\u00edt jedine\u010dnou mo\u017enost bezplatn\u00e9ho l\u00ed\u010den\u00ed i kosmetick\u00e9ho poradenstv\u00ed.<\/p>\n<\/div>","protected":false},"author":1,"featured_media":22652,"comment_status":"open","ping_status":"closed","sticky":false,"template":"","format":"standard","meta":{"footnotes":""},"categories":[7],"tags":[],"class_list":["post-22651","post","type-post","status-publish","format-standard","has-post-thumbnail","hentry","category-spolecnost"],"_links":{"self":[{"href":"https:\/\/www.invarena.cz\/index.php?rest_route=\/wp\/v2\/posts\/22651","targetHints":{"allow":["GET"]}}],"collection":[{"href":"https:\/\/www.invarena.cz\/index.php?rest_route=\/wp\/v2\/posts"}],"about":[{"href":"https:\/\/www.invarena.cz\/index.php?rest_route=\/wp\/v2\/types\/post"}],"author":[{"embeddable":true,"href":"https:\/\/www.invarena.cz\/index.php?rest_route=\/wp\/v2\/users\/1"}],"replies":[{"embeddable":true,"href":"https:\/\/www.invarena.cz\/index.php?rest_route=%2Fwp%2Fv2%2Fcomments&post=22651"}],"version-history":[{"count":0,"href":"https:\/\/www.invarena.cz\/index.php?rest_route=\/wp\/v2\/posts\/22651\/revisions"}],"wp:featuredmedia":[{"embeddable":true,"href":"https:\/\/www.invarena.cz\/index.php?rest_route=\/wp\/v2\/media\/22652"}],"wp:attachment":[{"href":"https:\/\/www.invarena.cz\/index.php?rest_route=%2Fwp%2Fv2%2Fmedia&parent=22651"}],"wp:term":[{"taxonomy":"category","embeddable":true,"href":"https:\/\/www.invarena.cz\/index.php?rest_route=%2Fwp%2Fv2%2Fcategories&post=22651"},{"taxonomy":"post_tag","embeddable":true,"href":"https:\/\/www.invarena.cz\/index.php?rest_route=%2Fwp%2Fv2%2Ftags&post=22651"}],"curies":[{"name":"wp","href":"https:\/\/api.w.org\/{rel}","templated":true}]}}