{"id":22658,"date":"2015-09-09T07:59:16","date_gmt":"2015-09-09T05:59:16","guid":{"rendered":"http:\/\/www.invarena.cz\/?p=22658"},"modified":"2015-09-09T07:59:16","modified_gmt":"2015-09-09T05:59:16","slug":"cesi-jsou-k-piti-alkoholu-v-tehotenstvi-tolerantnejsi-nez-slovaci","status":"publish","type":"post","link":"https:\/\/www.invarena.cz\/?p=22658","title":{"rendered":"\u010ce\u0161i jsou k pit\u00ed alkoholu v t\u011bhotenstv\u00ed tolerantn\u011bj\u0161\u00ed ne\u017e Slov\u00e1ci"},"content":{"rendered":"<p><strong>\u010ce\u0161i jsou k pit\u00ed alkoholu v t\u011bhotenstv\u00ed tolerantn\u011bj\u0161\u00ed ne\u017e Slov\u00e1ci. Jen zhruba 64 procent z nich si toti\u017e mysl\u00ed, \u017ee by t\u011bhotn\u00e9 nem\u011bly v\u016fbec p\u00edt alkohol, naopak na Slovensku tento postoj zast\u00e1v\u00e1 77 procent respondent\u016f.<\/strong><!--more--><\/p>\n<p> Neziskov\u00e1 organizace Sananim v souvislosti s pr\u016fzkumem, jeho\u017e v\u00fdsledky dnes poskytla \u010cTK, p\u0159ipomn\u011bla rizika pit\u00ed alkoholu pro nenarozen\u00e9 d\u00edt\u011b.<\/p>\n<p>Alkohol vypit\u00fd matkou b\u011bhem t\u011bhotenstv\u00ed m\u016f\u017ee zp\u016fsobit takzvan\u00fd fet\u00e1ln\u00ed alkoholov\u00fd syndrom (FAS), jeho\u017e mezin\u00e1rodn\u00ed den p\u0159ipad\u00e1 na 9. z\u00e1\u0159\u00ed. &#8222;Hlavn\u00edmi p\u0159\u00edznaky fet\u00e1ln\u00edho alkoholov\u00e9ho syndromu jsou zpomalen\u00fd v\u00fdvoj plodu, podv\u00fd\u017eiva, nevyvinut\u00e1 hlava a mozek, po\u0161kozen\u00fd zrak i sluch a r\u016fzn\u00e9 t\u011blesn\u00e9 odchylky. U\u017e po narozen\u00ed se u t\u011bchto d\u011bt\u00ed projevuje slab\u00fd sac\u00ed reflex, alkoholov\u00e9 abstinen\u010dn\u00ed p\u0159\u00edznaky, dr\u00e1\u017edivost a poruchy sp\u00e1nku,&#8220; uvedl v tiskov\u00e9 zpr\u00e1v\u011b gynekolog Jaroslav Hin\u0161t.<\/p>\n<p>V\u011bt\u0161ina lid\u00ed spojuje rizika s konzumac\u00ed tvrd\u00e9ho alkoholu. \u010ce\u0161i v\u00edce ne\u017e Slov\u00e1ci souhlas\u00ed s t\u00edm, \u017ee ob\u010dasn\u00e9 pit\u00ed alkoholu v t\u011bhotenstv\u00ed ne\u0161kod\u00ed. Jedn\u00e1 se i o lidi, kte\u0159\u00ed maj\u00ed s t\u011bhotenstv\u00edm zku\u0161enost. Odborn\u00e9 studie a n\u00e1zory l\u00e9ka\u0159\u016f p\u0159in\u00e1\u0161ej\u00ed ale podle expert\u016f jin\u00e9 z\u00e1v\u011bry. &#8222;Pokud chce matka absolutn\u011b vylou\u010dit mo\u017enost vzniku FAS u sv\u00e9ho d\u00edt\u011bte, m\u011bla by se b\u011bhem cel\u00e9ho t\u011bhotenstv\u00ed alkoholick\u00fdm n\u00e1poj\u016fm zcela vyhnout. V\u00fdvoj plodu m\u016f\u017ee negativn\u011b ovlivnit i mal\u00e9 mno\u017estv\u00ed alkoholu, kter\u00e9 \u017eena b\u011bhem t\u011bhotenstv\u00ed vypije,&#8220; uvedl Hin\u0161t.<\/p>\n<p>V \u010cesku se maj\u00ed probl\u00e9my s konzumac\u00ed alkoholu v t\u011bhotenstv\u00ed sp\u00ed\u0161e star\u0161\u00ed rodi\u010dky poch\u00e1zej\u00edc\u00ed zejm\u00e9na z ni\u017e\u0161\u00edch soci\u00e1ln\u00edch vrstev. Ohro\u017eeny jsou rovn\u011b\u017e osam\u011bl\u00e9 \u017eeny. V\u00fdskyt FAS se uv\u00e1d\u00ed pr\u016fm\u011brn\u011b 1,9 p\u0159\u00edpad\u016f na 1000 \u017eiv\u011b narozen\u00fdch d\u011bt\u00ed.<\/p>\n<p>Srpnov\u00e9ho pr\u016fzkumu, kter\u00fd provedla spole\u010dnost ppm factum, se z\u00fa\u010dastnil reprezentantivn\u00ed vzorek 800 respondent\u016f obou pohlav\u00ed ve v\u011bku od 18 do 50 let. Byli mezi nimi lid\u00e9, kte\u0159\u00ed alespo\u0148 jednou m\u011bs\u00ed\u010dn\u011b konzumuj\u00ed alkohol.<\/p>\n","protected":false},"excerpt":{"rendered":"<div class=\"mh-excerpt\"><p>\u010ce\u0161i jsou k pit\u00ed alkoholu v t\u011bhotenstv\u00ed tolerantn\u011bj\u0161\u00ed ne\u017e Slov\u00e1ci. Jen zhruba 64 procent z nich si toti\u017e mysl\u00ed, \u017ee by t\u011bhotn\u00e9 nem\u011bly v\u016fbec p\u00edt <a class=\"mh-excerpt-more\" href=\"https:\/\/www.invarena.cz\/?p=22658\" title=\"\u010ce\u0161i jsou k pit\u00ed alkoholu v t\u011bhotenstv\u00ed tolerantn\u011bj\u0161\u00ed ne\u017e Slov\u00e1ci\">[&#8230;]<\/a><\/p>\n<\/div>","protected":false},"author":1,"featured_media":21279,"comment_status":"open","ping_status":"closed","sticky":false,"template":"","format":"standard","meta":{"footnotes":""},"categories":[11],"tags":[],"class_list":["post-22658","post","type-post","status-publish","format-standard","has-post-thumbnail","hentry","category-zdravi"],"_links":{"self":[{"href":"https:\/\/www.invarena.cz\/index.php?rest_route=\/wp\/v2\/posts\/22658","targetHints":{"allow":["GET"]}}],"collection":[{"href":"https:\/\/www.invarena.cz\/index.php?rest_route=\/wp\/v2\/posts"}],"about":[{"href":"https:\/\/www.invarena.cz\/index.php?rest_route=\/wp\/v2\/types\/post"}],"author":[{"embeddable":true,"href":"https:\/\/www.invarena.cz\/index.php?rest_route=\/wp\/v2\/users\/1"}],"replies":[{"embeddable":true,"href":"https:\/\/www.invarena.cz\/index.php?rest_route=%2Fwp%2Fv2%2Fcomments&post=22658"}],"version-history":[{"count":0,"href":"https:\/\/www.invarena.cz\/index.php?rest_route=\/wp\/v2\/posts\/22658\/revisions"}],"wp:featuredmedia":[{"embeddable":true,"href":"https:\/\/www.invarena.cz\/index.php?rest_route=\/wp\/v2\/media\/21279"}],"wp:attachment":[{"href":"https:\/\/www.invarena.cz\/index.php?rest_route=%2Fwp%2Fv2%2Fmedia&parent=22658"}],"wp:term":[{"taxonomy":"category","embeddable":true,"href":"https:\/\/www.invarena.cz\/index.php?rest_route=%2Fwp%2Fv2%2Fcategories&post=22658"},{"taxonomy":"post_tag","embeddable":true,"href":"https:\/\/www.invarena.cz\/index.php?rest_route=%2Fwp%2Fv2%2Ftags&post=22658"}],"curies":[{"name":"wp","href":"https:\/\/api.w.org\/{rel}","templated":true}]}}