{"id":22662,"date":"2015-09-09T08:48:56","date_gmt":"2015-09-09T06:48:56","guid":{"rendered":"http:\/\/www.invarena.cz\/?p=22662"},"modified":"2015-09-09T08:48:56","modified_gmt":"2015-09-09T06:48:56","slug":"vzp-prijizdi-do-zs-s-programem-proti-detskym-urazum","status":"publish","type":"post","link":"https:\/\/www.invarena.cz\/?p=22662","title":{"rendered":"VZP p\u0159ij\u00ed\u017ed\u00ed do Z\u0160 s programem proti d\u011btsk\u00fdm \u00faraz\u016fm"},"content":{"rendered":"<p><strong>Handicapovan\u00ed zam\u011bstnanci V\u0161eobecn\u00e9 zdravotn\u00ed poji\u0161\u0165ovny (VZP) budou obj\u00ed\u017ed\u011bt z\u00e1kladn\u00ed \u0161koly s preventivn\u00edm programem proti d\u011btsk\u00fdm \u00faraz\u016fm. Jejich p\u0159\u00edb\u011bhy by m\u011bly \u0161kol\u00e1ky zaujmout a p\u0159isp\u011bt k tomu, aby l\u00e9pe p\u0159ij\u00edmali i vzd\u011bl\u00e1vac\u00ed \u010d\u00e1st programu VZPoura \u00faraz\u016fm.<\/strong><!--more--><\/p>\n<p> Z\u00e1stupci nejv\u011bt\u0161\u00ed tuzemsk\u00e9 zdravotn\u00ed poji\u0161\u0165ovny ho dnes prezentovali na tiskov\u00e9 konferenci.<br \/>\n    Zat\u00edm budou do \u0161kol jezdit t\u0159i ambasado\u0159i, kte\u0159\u00ed po r\u016fzn\u00fdch karambolech skon\u010dili na voz\u00edku nebo maj\u00ed jin\u00fd pohybov\u00fd handicap. Jedna z autorek projektu Andrea Wolfov\u00e1 v\u011b\u0159\u00ed, \u017ee \u017e\u00e1ci budou jejich rady vn\u00edmat l\u00e9pe ne\u017e z \u00fast u\u010ditel\u016f. &#8222;V o\u010d\u00edch d\u011bt\u00ed budou m\u00edt tito \u0159e\u010dn\u00edci v\u011bt\u0161\u00ed v\u00e1hu. Od \u010dlov\u011bka s takov\u00fdm z\u00e1\u017eitkem to budou vn\u00edmat \u00fapln\u011b jinak,&#8220; poznamenala.<\/p>\n<p>    Vedle osobn\u00edch z\u00e1\u017eitk\u016f maj\u00ed ambasado\u0159i p\u0159ipraven\u00fd tak\u00e9 samotn\u00fd vzd\u011bl\u00e1vac\u00ed program. Ten hravou formou sezn\u00e1m\u00ed d\u011bti s obecn\u00fdm chov\u00e1n\u00edm v r\u016fzn\u00fdch rizikov\u00fdch situac\u00edch, t\u0159eba z\u00e1kladn\u00edmi z\u00e1sadami bezpe\u010dn\u00e9ho p\u0159ech\u00e1zen\u00ed silnice nebo s bezpe\u010dn\u00fdm chov\u00e1n\u00edm p\u0159i sportu a ve voln\u00e9m \u010dase.<\/p>\n<p>    Cel\u00fd program zaji\u0161\u0165uje VZP silami kmenov\u00fdch zam\u011bstnanc\u016f. Jedinou v\u00fdjimkou byla souvisej\u00edc\u00ed videa, kter\u00e1 za 25.000 korun nato\u010dili studenti FAMU. Informace k programu jsou k dispozici na str\u00e1nk\u00e1ch www.vzpoura-urazum.cz. Na tomto webu se tak\u00e9 mohou registrovat \u0161koly, kter\u00e9 maj\u00ed o program z\u00e1jem.<\/p>\n<p>    Od za\u010d\u00e1tku \u0161koln\u00edho roku se jich p\u0159ihl\u00e1sily t\u0159i des\u00edtky z cel\u00e9 republiky. &#8222;Na z\u00e1\u0159\u00ed, \u0159\u00edjen a listopad u\u017e m\u00e1me skoro v\u0161echny term\u00edny obsazen\u00e9,&#8220; poznamenala Wolfov\u00e1. Takov\u00fd z\u00e1jem ne\u010dekala. Prvn\u00ed beseda se uskute\u010dn\u00ed ve \u010dtvrtek ve Vysok\u00e9m M\u00fdt\u011b. Trv\u00e1n\u00ed programu zat\u00edm nen\u00ed \u010dasov\u011b ohrani\u010deno.<br \/>\n    Za posledn\u00edch p\u011bt let zem\u0159elo na n\u00e1sledky \u00faraz\u016f bezm\u00e1la 700 d\u011bt\u00ed, dal\u0161\u00edch asi 10.000 d\u011bt\u00ed m\u00e1 po \u00farazu trval\u00e9 n\u00e1sledky. Nej\u010dast\u011bji se d\u011bti zran\u00ed doma nebo ve \u0161kole. Z hlediska v\u011bku je nejrizikov\u011bj\u0161\u00ed skupina mezi 13 a 14 lety. V t\u00e9to v\u011bkov\u00e9 kategorii postihne \u00faraz vy\u017eaduj\u00edc\u00ed l\u00e9ka\u0159sk\u00e9 o\u0161et\u0159en\u00ed ka\u017edou \u010dtvrtou d\u00edvku a ka\u017ed\u00e9ho t\u0159et\u00edho chlapce. <\/p>\n","protected":false},"excerpt":{"rendered":"<div class=\"mh-excerpt\"><p>Handicapovan\u00ed zam\u011bstnanci V\u0161eobecn\u00e9 zdravotn\u00ed poji\u0161\u0165ovny (VZP) budou obj\u00ed\u017ed\u011bt z\u00e1kladn\u00ed \u0161koly s preventivn\u00edm programem proti d\u011btsk\u00fdm \u00faraz\u016fm. Jejich p\u0159\u00edb\u011bhy by m\u011bly \u0161kol\u00e1ky zaujmout a p\u0159isp\u011bt k <a class=\"mh-excerpt-more\" href=\"https:\/\/www.invarena.cz\/?p=22662\" title=\"VZP p\u0159ij\u00ed\u017ed\u00ed do Z\u0160 s programem proti d\u011btsk\u00fdm \u00faraz\u016fm\">[&#8230;]<\/a><\/p>\n<\/div>","protected":false},"author":1,"featured_media":17308,"comment_status":"open","ping_status":"closed","sticky":false,"template":"","format":"standard","meta":{"footnotes":""},"categories":[7],"tags":[],"class_list":["post-22662","post","type-post","status-publish","format-standard","has-post-thumbnail","hentry","category-spolecnost"],"_links":{"self":[{"href":"https:\/\/www.invarena.cz\/index.php?rest_route=\/wp\/v2\/posts\/22662","targetHints":{"allow":["GET"]}}],"collection":[{"href":"https:\/\/www.invarena.cz\/index.php?rest_route=\/wp\/v2\/posts"}],"about":[{"href":"https:\/\/www.invarena.cz\/index.php?rest_route=\/wp\/v2\/types\/post"}],"author":[{"embeddable":true,"href":"https:\/\/www.invarena.cz\/index.php?rest_route=\/wp\/v2\/users\/1"}],"replies":[{"embeddable":true,"href":"https:\/\/www.invarena.cz\/index.php?rest_route=%2Fwp%2Fv2%2Fcomments&post=22662"}],"version-history":[{"count":0,"href":"https:\/\/www.invarena.cz\/index.php?rest_route=\/wp\/v2\/posts\/22662\/revisions"}],"wp:featuredmedia":[{"embeddable":true,"href":"https:\/\/www.invarena.cz\/index.php?rest_route=\/wp\/v2\/media\/17308"}],"wp:attachment":[{"href":"https:\/\/www.invarena.cz\/index.php?rest_route=%2Fwp%2Fv2%2Fmedia&parent=22662"}],"wp:term":[{"taxonomy":"category","embeddable":true,"href":"https:\/\/www.invarena.cz\/index.php?rest_route=%2Fwp%2Fv2%2Fcategories&post=22662"},{"taxonomy":"post_tag","embeddable":true,"href":"https:\/\/www.invarena.cz\/index.php?rest_route=%2Fwp%2Fv2%2Ftags&post=22662"}],"curies":[{"name":"wp","href":"https:\/\/api.w.org\/{rel}","templated":true}]}}