{"id":22670,"date":"2015-09-09T12:04:08","date_gmt":"2015-09-09T10:04:08","guid":{"rendered":"http:\/\/www.invarena.cz\/?p=22670"},"modified":"2015-09-09T12:04:08","modified_gmt":"2015-09-09T10:04:08","slug":"charita-otevira-nove-stredisko-pohlida-rodinam-postizene","status":"publish","type":"post","link":"https:\/\/www.invarena.cz\/?p=22670","title":{"rendered":"Charita otev\u00edr\u00e1 nov\u00e9 st\u0159edisko. Pohl\u00edd\u00e1 rodin\u00e1m posti\u017een\u00e9"},"content":{"rendered":"<p><strong>V\u010dera bylo slavnostn\u011b otev\u0159eno nov\u00e9 st\u0159edisko charitn\u00edch odleh\u010dovac\u00edch slu\u017eeb na b\u00fdval\u00e9 fa\u0159e v Mikulovic\u00edch u Pardubic.<\/strong> <!--more--><\/p>\n<p>MIKULOVICE &#8222;Jeho kapacita je 15 klient\u016f, mohou ho vyu\u017e\u00edvat mezi 8. a 16. hodinou od pond\u011bl\u00ed do p\u00e1tku,&#8220; \u0159ekl koordin\u00e1tor dobrovoln\u00edk\u016f Oblastn\u00ed charity Pardubice Vojt\u011bch Homolka.<\/p>\n<p>Pracovn\u00edci charity klienty dovezou, pe\u010dovatelky se s nimi v\u011bnuj\u00ed r\u016fzn\u00fdm program\u016fm, aby se o\u017eivila jejich pam\u011b\u0165 a prot\u00e1hli si svaly. Dobrovoln\u00edci si s klienty pov\u00eddaj\u00ed, chod\u00ed s nimi na proch\u00e1zky, p\u0159ed\u010d\u00edtaj\u00ed jim z kn\u00ed\u017eek. Charitn\u00ed odleh\u010dovac\u00ed slu\u017eby \u010cerv\u00e1nky jsou ur\u010deny pro rodiny, kter\u00e9 si pot\u0159ebuj\u00ed od n\u00e1ro\u010dn\u00e9 ka\u017edodenn\u00ed p\u00e9\u010de odpo\u010dinout, anebo si n\u011bco vy\u0159\u00eddit. Nov\u00e9 za\u0159\u00edzen\u00ed bude ekonomi\u010dt\u011bj\u0161\u00ed ne\u017e doposud. Rekonstrukce b\u00fdval\u00e9 fary na st\u0159edisko charitn\u00edch odleh\u010dovac\u00edch slu\u017eeb st\u00e1la dva miliony korun. Byla financov\u00e1na z v\u00fdt\u011b\u017eku T\u0159\u00edkr\u00e1lov\u00e9 sb\u00edrky a z dar\u016f. Pobytov\u00e9 odleh\u010dovac\u00ed slu\u017eby bude Charita nad\u00e1le poskytovat na st\u00e1vaj\u00edc\u00edm m\u00edst\u011b v T\u0159ebosic\u00edch.<\/p>\n<p>Mlad\u00e1 fronta DNES<\/p>\n","protected":false},"excerpt":{"rendered":"<div class=\"mh-excerpt\"><p>V\u010dera bylo slavnostn\u011b otev\u0159eno nov\u00e9 st\u0159edisko charitn\u00edch odleh\u010dovac\u00edch slu\u017eeb na b\u00fdval\u00e9 fa\u0159e v Mikulovic\u00edch u Pardubic.<\/p>\n<\/div>","protected":false},"author":1,"featured_media":4002,"comment_status":"open","ping_status":"closed","sticky":false,"template":"","format":"standard","meta":{"footnotes":""},"categories":[9],"tags":[],"class_list":["post-22670","post","type-post","status-publish","format-standard","has-post-thumbnail","hentry","category-zpravy"],"_links":{"self":[{"href":"https:\/\/www.invarena.cz\/index.php?rest_route=\/wp\/v2\/posts\/22670","targetHints":{"allow":["GET"]}}],"collection":[{"href":"https:\/\/www.invarena.cz\/index.php?rest_route=\/wp\/v2\/posts"}],"about":[{"href":"https:\/\/www.invarena.cz\/index.php?rest_route=\/wp\/v2\/types\/post"}],"author":[{"embeddable":true,"href":"https:\/\/www.invarena.cz\/index.php?rest_route=\/wp\/v2\/users\/1"}],"replies":[{"embeddable":true,"href":"https:\/\/www.invarena.cz\/index.php?rest_route=%2Fwp%2Fv2%2Fcomments&post=22670"}],"version-history":[{"count":0,"href":"https:\/\/www.invarena.cz\/index.php?rest_route=\/wp\/v2\/posts\/22670\/revisions"}],"wp:featuredmedia":[{"embeddable":true,"href":"https:\/\/www.invarena.cz\/index.php?rest_route=\/wp\/v2\/media\/4002"}],"wp:attachment":[{"href":"https:\/\/www.invarena.cz\/index.php?rest_route=%2Fwp%2Fv2%2Fmedia&parent=22670"}],"wp:term":[{"taxonomy":"category","embeddable":true,"href":"https:\/\/www.invarena.cz\/index.php?rest_route=%2Fwp%2Fv2%2Fcategories&post=22670"},{"taxonomy":"post_tag","embeddable":true,"href":"https:\/\/www.invarena.cz\/index.php?rest_route=%2Fwp%2Fv2%2Ftags&post=22670"}],"curies":[{"name":"wp","href":"https:\/\/api.w.org\/{rel}","templated":true}]}}