{"id":22687,"date":"2015-09-10T10:43:17","date_gmt":"2015-09-10T08:43:17","guid":{"rendered":"http:\/\/www.invarena.cz\/?p=22687"},"modified":"2015-09-10T10:43:17","modified_gmt":"2015-09-10T08:43:17","slug":"elektrovoziky-priblizi-sumavu-i-mene-pohyblivym-lidem","status":"publish","type":"post","link":"https:\/\/www.invarena.cz\/?p=22687","title":{"rendered":"Elektrovoz\u00edky p\u0159ibl\u00ed\u017e\u00ed \u0160umavu i m\u00e9n\u011b pohybliv\u00fdm lidem"},"content":{"rendered":"<p><strong>Prakticky ka\u017ed\u00e1 z vyj\u00ed\u017ed\u011bk je pln\u011b obsazen\u00e1, \u0159\u00edzen\u00ed zvl\u00e1dne i v\u011bt\u0161ina zdravotn\u011b posti\u017een\u00fdch.<\/strong> <!--more--><\/p>\n<p>\u0160umava \u2013 Zat\u00edmco elektromobily jsou na \u0160umav\u011b zat\u00edm novinkou, n\u011bkte\u0159\u00ed n\u00e1v\u0161t\u011bvn\u00edci n\u00e1rodn\u00edho parku u\u017e se mohou na vybran\u00fdch tras\u00e1ch pohybovat na speci\u00e1ln\u00edch \u010dty\u0159kolov\u00fdch voz\u00edc\u00edch s elektropohonem podstatn\u011b d\u00e9le.<\/p>\n<p>Projekt elektrovoz\u00edk\u016f m\u00e1 na Spr\u00e1v\u011b parku na starost Lenka Dvo\u0159\u00e1kov\u00e1 z odd\u011blen\u00ed Informa\u010dn\u00ed slu\u017eby a centra ekologick\u00e9 v\u00fdchovy. &#8222;M\u00e1me na dvou m\u00edstech celkem deset voz\u00edk\u016f k dispozici pro n\u00e1v\u0161t\u011bvn\u00edky se sn\u00ed\u017eenou pohyblivost\u00ed. Prakticky v\u0161echny jsou po celou sezonu na p\u0159ipraven\u00e9 akce vyu\u017eity,&#8220; potvrdila Lenka Dvo\u0159\u00e1kov\u00e1.<\/p>\n<p>P\u011bt voz\u00edk\u016f je na z\u00e1kladn\u011b ve Sto\u017eci, druh\u00fdch p\u011bt pak na Rokyt\u011b. Z t\u011bchto v\u00fdchoz\u00edch bod\u016f pak vyj\u00ed\u017ed\u011bj\u00ed flotily do vytipovan\u00fdch tras. &#8222;Na webov\u00fdch str\u00e1nk\u00e1ch Spr\u00e1vy N\u00e1rodn\u00edho parku \u0160umava je jednoduch\u00fd registra\u010dn\u00ed syst\u00e9m, kde se mohou n\u00e1v\u0161t\u011bvn\u00edci objednat a domluvit si vyu\u017eit\u00ed voz\u00edk\u016f a trasu. Ka\u017edou skupinu nebo i jednotlivce doprov\u00e1z\u00ed pr\u016fvodce, tak\u017ee vyj\u00ed\u017e\u010fku maj\u00ed i s odborn\u00fdm v\u00fdkladem. Standardn\u011b se vyu\u017e\u00edvaj\u00ed pro ka\u017edou vyj\u00ed\u017e\u010fku t\u0159i voz\u00edky pro ve\u0159ejnost, jeden pro doprovod a jeden z\u016fst\u00e1v\u00e1 na z\u00e1kladn\u011b jako nutn\u00e1 z\u00e1loha. N\u011bkdy se ale stane, \u017ee je z\u00e1jem tak velk\u00fd, \u017ee pr\u016fvodce doprov\u00e1z\u00ed skupinu na kole, i kdy\u017e standardn\u011b je objedn\u00e1vka na t\u0159i klientsk\u00e1 m\u00edsta. Z ka\u017ed\u00e9 z\u00e1kladny se d\u00e1 jet na dv\u011b trasy zhruba do dvaceti kilometr\u016f, co\u017e v\u011bt\u0161ina klient\u016f bez probl\u00e9m\u016f zvl\u00e1dne,&#8220; ubezpe\u010dila Lenka Dvo\u0159\u00e1kov\u00e1 s t\u00edm, \u017ee prioritn\u011b jsou voz\u00edky ur\u010deny pro dr\u017eitele pr\u016fkaz\u016f ZTP a ZTPP, nebo pro seniory nad 65 let v\u011bku.<\/p>\n<p>Probl\u00e9m nen\u00ed ani v p\u0159\u00edpad\u011b, \u017ee se ke skupin\u011b p\u0159ipoj\u00ed n\u011bkdo na vlastn\u00edm elektrick\u00e9m invalidn\u00edm voz\u00edku.<\/p>\n<p>&#8222;Elektrovoz\u00edky, kter\u00e9 vyu\u017e\u00edv\u00e1me, jsou br\u00e1ny jako kompenza\u010dn\u00ed pom\u016fcka, co\u017e znamen\u00e1, \u017ee je na takov\u00e9ho n\u00e1v\u0161t\u011bvn\u00edka pohl\u00ed\u017eeno stejn\u011b, jako na chodce a dostanou se tak i tam, kam nemaj\u00ed p\u0159\u00edstup cyklist\u00e9. Trasy jsou ale vyb\u00edr\u00e1ny s ohledem na dostupnost a p\u0159edev\u0161\u00edm bezpe\u010d\u00ed n\u00e1v\u0161t\u011bvn\u00edk\u016f jak t\u011bch, kte\u0159\u00ed jedou na elektrovoz\u00edc\u00edch, tak ostatn\u00edch,&#8220; doplnila Lenka Dvo\u0159\u00e1kov\u00e1.<\/p>\n<p>Pokud jde o vyu\u017eit\u00ed t\u00e9to nab\u00eddky, za prvn\u00ed rok fungov\u00e1n\u00ed vyu\u017eilo elektrovoz\u00edky za \u010dty\u0159i m\u011bs\u00edce celkem sto \u0161edes\u00e1t osob p\u0159i 68 doprovodech, kdy\u017e 38 jich bylo na Rokyt\u011b, 30 ze Sto\u017ece. Ve\u0161ker\u00e9 nab\u00eddnut\u00e9 term\u00edny byly tedy pln\u011b obsazeny a vyu\u017eity.<\/p>\n<p>Registra\u010dn\u00ed syst\u00e9m umo\u017e\u0148uje z\u00e1jemc\u016fm vybrat si term\u00edn, trasu a po\u010det osob. &#8222;N\u00e1sledn\u011b jim na email p\u0159ijde potvrzen\u00ed a t\u011bsn\u011b p\u0159ed odjezdem se je\u0161t\u011b dohodne klient s konkr\u00e9tn\u00edm pr\u016fvodcem pro p\u0159\u00edpad, \u017ee by nebylo vhodn\u00e9 po\u010das\u00ed. P\u0159\u00edmo na m\u00edst\u011b pak ka\u017ed\u00fd absolvuje instrukt\u00e1\u017e, zkus\u00ed si j\u00edzdu, a pokud by zjistil, \u017ee je to nad jeho s\u00edly, m\u016f\u017ee z\u016fstat ve st\u0159edisku a je mu nab\u00eddnut jin\u00fd program, ani\u017e by jej stornov\u00e1n\u00ed vyj\u00ed\u017e\u010fky st\u00e1lo n\u011bjak\u00e9 pen\u00edze. Nav\u00edc je mo\u017en\u00e9 i v pr\u016fb\u011bhu vyj\u00ed\u017e\u010fky trasu zkr\u00e1tit.&#8220; uzav\u0159ela Lenka Dvo\u0159\u00e1kov\u00e1.<\/p>\n<p>MIROSLAV FUCHS<br \/>\nPrachatick\u00fd den\u00edk<br \/>\n<a href=\"http:\/\/prachaticky.denik.cz\/\">http:\/\/prachaticky.denik.cz\/<\/a><\/p>\n","protected":false},"excerpt":{"rendered":"<div class=\"mh-excerpt\"><p>Prakticky ka\u017ed\u00e1 z vyj\u00ed\u017ed\u011bk je pln\u011b obsazen\u00e1, \u0159\u00edzen\u00ed zvl\u00e1dne i v\u011bt\u0161ina zdravotn\u011b posti\u017een\u00fdch.<\/p>\n<\/div>","protected":false},"author":1,"featured_media":20469,"comment_status":"open","ping_status":"closed","sticky":false,"template":"","format":"standard","meta":{"footnotes":""},"categories":[9],"tags":[],"class_list":["post-22687","post","type-post","status-publish","format-standard","has-post-thumbnail","hentry","category-zpravy"],"_links":{"self":[{"href":"https:\/\/www.invarena.cz\/index.php?rest_route=\/wp\/v2\/posts\/22687","targetHints":{"allow":["GET"]}}],"collection":[{"href":"https:\/\/www.invarena.cz\/index.php?rest_route=\/wp\/v2\/posts"}],"about":[{"href":"https:\/\/www.invarena.cz\/index.php?rest_route=\/wp\/v2\/types\/post"}],"author":[{"embeddable":true,"href":"https:\/\/www.invarena.cz\/index.php?rest_route=\/wp\/v2\/users\/1"}],"replies":[{"embeddable":true,"href":"https:\/\/www.invarena.cz\/index.php?rest_route=%2Fwp%2Fv2%2Fcomments&post=22687"}],"version-history":[{"count":0,"href":"https:\/\/www.invarena.cz\/index.php?rest_route=\/wp\/v2\/posts\/22687\/revisions"}],"wp:featuredmedia":[{"embeddable":true,"href":"https:\/\/www.invarena.cz\/index.php?rest_route=\/wp\/v2\/media\/20469"}],"wp:attachment":[{"href":"https:\/\/www.invarena.cz\/index.php?rest_route=%2Fwp%2Fv2%2Fmedia&parent=22687"}],"wp:term":[{"taxonomy":"category","embeddable":true,"href":"https:\/\/www.invarena.cz\/index.php?rest_route=%2Fwp%2Fv2%2Fcategories&post=22687"},{"taxonomy":"post_tag","embeddable":true,"href":"https:\/\/www.invarena.cz\/index.php?rest_route=%2Fwp%2Fv2%2Ftags&post=22687"}],"curies":[{"name":"wp","href":"https:\/\/api.w.org\/{rel}","templated":true}]}}