{"id":22689,"date":"2015-09-11T23:04:26","date_gmt":"2015-09-11T21:04:26","guid":{"rendered":"http:\/\/www.invarena.cz\/?p=22689"},"modified":"2015-09-11T23:04:26","modified_gmt":"2015-09-11T21:04:26","slug":"breclavske-tyflocentrum-ziskalo-noveho-pomocnika","status":"publish","type":"post","link":"https:\/\/www.invarena.cz\/?p=22689","title":{"rendered":"B\u0158ECLAVSK\u00c9 TYFLOCENTRUM Z\u00cdSKALO NOV\u00c9HO POMOCN\u00cdKA"},"content":{"rendered":"<p><strong>Nov\u00e9 auto si na radnici v okresn\u00edm m\u011bst\u011b p\u0159evzali lid\u00e9 z b\u0159eclavsk\u00e9 pobo\u010dky TyfloCentra. Organizace se dlouhodob\u011b star\u00e1 o zrakov\u011b posti\u017een\u00e9 a v \u00fater\u00fd d\u00edky p\u0159\u00edsp\u011bvku B\u0159eclavi a des\u00edtk\u00e1m soukrom\u00fdch firem z\u00edskala pomocn\u00edka na \u010dty\u0159ech kolech. <\/strong><!--more--><\/p>\n<p>&#8222;Mysl\u00edm, \u017ee je t\u00e9m\u011b\u0159 na\u0161\u00ed povinnost\u00ed poskytnout TyfloCentru pen\u00edze na tyto \u00fa\u010dely. Dlouhodob\u011b je podporujeme i jin\u00fdmi zp\u016fsoby,&#8220; \u0159ekl starosta B\u0159eclavi Pavel Dominik. TyfloCentrum poskytuje \u0159adu soci\u00e1ln\u00edch slu\u017eeb lidem s t\u011b\u017ek\u00fdm posti\u017een\u00edm zraku \u2013 pr\u016fvodcovsk\u00e9, p\u0159ed\u010ditatelsk\u00e9 a jin\u00e9 asisten\u010dn\u00ed slu\u017eby, odborn\u00e9 soci\u00e1ln\u00ed poradenstv\u00ed \u010di soci\u00e1ln\u00ed rehabilitaci.<\/p>\n<p> V\u00fdsledkem je lep\u0161\u00ed spole\u010densk\u00e9 a pracovn\u00ed uplatn\u011bn\u00ed. Automobil poslou\u017e\u00ed p\u0159edev\u0161\u00edm k poskytov\u00e1n\u00ed asisten\u010dn\u00ed slu\u017eby klient\u016fm, kte\u0159\u00ed nemohou vyu\u017e\u00edvat hromadnou dopravu, \u010di k poskytov\u00e1n\u00ed pomoci v dom\u00e1cnostech. &#8222;Nov\u00e9 auto budeme ur\u010dit\u011b naplno vyu\u017e\u00edvat,&#8220; uvedla Elena V\u00fdtiskov\u00e1 (na sn\u00edmku) z b\u0159eclavsk\u00e9 pobo\u010dky.<\/p>\n<p>Nov\u00fd \u017eivot<\/p>\n","protected":false},"excerpt":{"rendered":"<div class=\"mh-excerpt\"><p>Nov\u00e9 auto si na radnici v okresn\u00edm m\u011bst\u011b p\u0159evzali lid\u00e9 z b\u0159eclavsk\u00e9 pobo\u010dky TyfloCentra. Organizace se dlouhodob\u011b star\u00e1 o zrakov\u011b posti\u017een\u00e9 a v \u00fater\u00fd d\u00edky <a class=\"mh-excerpt-more\" href=\"https:\/\/www.invarena.cz\/?p=22689\" title=\"B\u0158ECLAVSK\u00c9 TYFLOCENTRUM Z\u00cdSKALO NOV\u00c9HO POMOCN\u00cdKA\">[&#8230;]<\/a><\/p>\n<\/div>","protected":false},"author":1,"featured_media":0,"comment_status":"open","ping_status":"closed","sticky":false,"template":"","format":"standard","meta":{"footnotes":""},"categories":[9],"tags":[],"class_list":["post-22689","post","type-post","status-publish","format-standard","hentry","category-zpravy"],"_links":{"self":[{"href":"https:\/\/www.invarena.cz\/index.php?rest_route=\/wp\/v2\/posts\/22689","targetHints":{"allow":["GET"]}}],"collection":[{"href":"https:\/\/www.invarena.cz\/index.php?rest_route=\/wp\/v2\/posts"}],"about":[{"href":"https:\/\/www.invarena.cz\/index.php?rest_route=\/wp\/v2\/types\/post"}],"author":[{"embeddable":true,"href":"https:\/\/www.invarena.cz\/index.php?rest_route=\/wp\/v2\/users\/1"}],"replies":[{"embeddable":true,"href":"https:\/\/www.invarena.cz\/index.php?rest_route=%2Fwp%2Fv2%2Fcomments&post=22689"}],"version-history":[{"count":0,"href":"https:\/\/www.invarena.cz\/index.php?rest_route=\/wp\/v2\/posts\/22689\/revisions"}],"wp:attachment":[{"href":"https:\/\/www.invarena.cz\/index.php?rest_route=%2Fwp%2Fv2%2Fmedia&parent=22689"}],"wp:term":[{"taxonomy":"category","embeddable":true,"href":"https:\/\/www.invarena.cz\/index.php?rest_route=%2Fwp%2Fv2%2Fcategories&post=22689"},{"taxonomy":"post_tag","embeddable":true,"href":"https:\/\/www.invarena.cz\/index.php?rest_route=%2Fwp%2Fv2%2Ftags&post=22689"}],"curies":[{"name":"wp","href":"https:\/\/api.w.org\/{rel}","templated":true}]}}