{"id":22694,"date":"2015-09-11T08:40:02","date_gmt":"2015-09-11T06:40:02","guid":{"rendered":"http:\/\/www.invarena.cz\/?p=22694"},"modified":"2015-09-11T08:40:02","modified_gmt":"2015-09-11T06:40:02","slug":"priznaky-salmonely-melo-po-jidle-ze-stekne-60-lidi","status":"publish","type":"post","link":"https:\/\/www.invarena.cz\/?p=22694","title":{"rendered":"P\u0159\u00edznaky salmonely m\u011blo po j\u00eddle ze \u0160t\u011bkn\u011b 60 lid\u00ed"},"content":{"rendered":"<p><strong>Klinick\u00e9 p\u0159\u00edznaky salmonely m\u011blo po konzumaci j\u00eddla v ob\u010derstven\u00ed ve \u0160t\u011bkni na Strakonicku 60 lid\u00ed.<br \/>\n<\/strong><!--more--><\/p>\n<p>P\u016fvodcem n\u00e1kazy byl pravd\u011bpodobn\u011b bramborov\u00fd sal\u00e1t, kter\u00fd posti\u017een\u00ed v za\u0159\u00edzen\u00ed sn\u011bdli na p\u0159elomu \u010dervence a srpna. Ob\u010derstven\u00ed ve \u0160t\u011bkni nyn\u00ed spl\u0148uje hygienick\u00e9 podm\u00ednky, ale zat\u00edm z\u016fst\u00e1v\u00e1 st\u00e1le zav\u0159en\u00e9. \u010cTK to \u0159ekla Dagmar Smitkov\u00e1 z \u010deskobud\u011bjovick\u00e9 krajsk\u00e9 hygienick\u00e9 stanice.<br \/>\n    &#8222;Podle toho, co ti lid\u00e9 konzumovali, se zd\u00e1, \u017ee se jednalo o n\u00e1kazu z bramborov\u00e9ho sal\u00e1tu. Ale \u00fapln\u011b jist\u011b zat\u00edm nem\u016f\u017eeme uk\u00e1zat na konkr\u00e9tn\u00edho p\u016fvodce,&#8220; uvedla Smitkov\u00e1. P\u016fvodn\u011b hygiena evidovala p\u011bt des\u00edtek lid\u00ed se za\u017e\u00edvac\u00edmi probl\u00e9my.<br \/>\n    Smitkov\u00e1 dodala, \u017ee provozovatel by mohl u\u017e ob\u010derstven\u00ed otev\u0159\u00edt. Hygienici p\u0159i opakovan\u00e9 kontrole u\u017e nezjistili \u017e\u00e1dn\u00e9 z\u00e1vady. P\u0159i dvou p\u0159edchoz\u00edch v\u0161ak narazili na \u0159adu nedostatk\u016f. V lednic\u00edch chyb\u011bly teplom\u011bry, chyb\u011bla s\u00ed\u0165 proti vnik\u00e1n\u00ed hmyzu, k p\u0159\u00edprav\u011b j\u00eddel bylo pou\u017e\u00edv\u00e1no i po\u0161kozen\u00e9, otlu\u010den\u00e9 n\u00e1dob\u00ed a hygienici objevili i uzeniny s pro\u0161lou dobou spot\u0159eby a potraviny nevhodn\u011b skladovan\u00e9. Po sanaci prostor v\u0161ak byl stav ob\u010derstven\u00ed vyhovuj\u00edc\u00ed. &#8222;To, \u017ee je za\u0159\u00edzen\u00ed uzav\u0159en\u00e9, je dobrovoln\u00e9 rozhodnut\u00ed provozovatele. Dohodli jsme se, \u017ee p\u0159ed zah\u00e1jen\u00edm provozu n\u00e1m d\u00e1 v\u011bd\u011bt, ale zat\u00edm se neozval,&#8220; uvedla Smitkov\u00e1.<\/p>\n","protected":false},"excerpt":{"rendered":"<div class=\"mh-excerpt\"><p>Klinick\u00e9 p\u0159\u00edznaky salmonely m\u011blo po konzumaci j\u00eddla v ob\u010derstven\u00ed ve \u0160t\u011bkni na Strakonicku 60 lid\u00ed.<\/p>\n<\/div>","protected":false},"author":1,"featured_media":0,"comment_status":"open","ping_status":"closed","sticky":false,"template":"","format":"standard","meta":{"footnotes":""},"categories":[9],"tags":[],"class_list":["post-22694","post","type-post","status-publish","format-standard","hentry","category-zpravy"],"_links":{"self":[{"href":"https:\/\/www.invarena.cz\/index.php?rest_route=\/wp\/v2\/posts\/22694","targetHints":{"allow":["GET"]}}],"collection":[{"href":"https:\/\/www.invarena.cz\/index.php?rest_route=\/wp\/v2\/posts"}],"about":[{"href":"https:\/\/www.invarena.cz\/index.php?rest_route=\/wp\/v2\/types\/post"}],"author":[{"embeddable":true,"href":"https:\/\/www.invarena.cz\/index.php?rest_route=\/wp\/v2\/users\/1"}],"replies":[{"embeddable":true,"href":"https:\/\/www.invarena.cz\/index.php?rest_route=%2Fwp%2Fv2%2Fcomments&post=22694"}],"version-history":[{"count":0,"href":"https:\/\/www.invarena.cz\/index.php?rest_route=\/wp\/v2\/posts\/22694\/revisions"}],"wp:attachment":[{"href":"https:\/\/www.invarena.cz\/index.php?rest_route=%2Fwp%2Fv2%2Fmedia&parent=22694"}],"wp:term":[{"taxonomy":"category","embeddable":true,"href":"https:\/\/www.invarena.cz\/index.php?rest_route=%2Fwp%2Fv2%2Fcategories&post=22694"},{"taxonomy":"post_tag","embeddable":true,"href":"https:\/\/www.invarena.cz\/index.php?rest_route=%2Fwp%2Fv2%2Ftags&post=22694"}],"curies":[{"name":"wp","href":"https:\/\/api.w.org\/{rel}","templated":true}]}}