{"id":22697,"date":"2015-09-11T08:47:33","date_gmt":"2015-09-11T06:47:33","guid":{"rendered":"http:\/\/www.invarena.cz\/?p=22697"},"modified":"2015-09-11T08:47:33","modified_gmt":"2015-09-11T06:47:33","slug":"nejvice-sebevrazd-na-pocet-obyvatel-ma-z-vyspelych-zemi-japonsko","status":"publish","type":"post","link":"https:\/\/www.invarena.cz\/?p=22697","title":{"rendered":"Nejv\u00edce sebevra\u017ed na po\u010det obyvatel m\u00e1 z vysp\u011bl\u00fdch zem\u00ed Japonsko"},"content":{"rendered":"<p><strong>Japonsko zah\u00e1jilo t\u00fddenn\u00ed kampa\u0148 proti sebevra\u017ed\u00e1m. Pr\u00e1v\u011b v Japonsku je toti\u017e ze v\u0161ech vysp\u011bl\u00fdch zem\u00ed v r\u00e1mci skupiny G7 nejv\u00edce sebevra\u017ed na po\u010det obyvatel. <\/strong><!--more--><\/p>\n<p>U p\u0159\u00edle\u017eitosti Sv\u011btov\u00e9ho dne prevence sebevra\u017ed, kter\u00fd na ka\u017ed\u00e9ho 10. z\u00e1\u0159\u00ed vyhl\u00e1sila Sv\u011btov\u00e1 zdravotnick\u00e1 organizace (WHO), to ozn\u00e1mila japonsk\u00e1 vl\u00e1da.<\/p>\n<p>    Loni si dobrovoln\u011b vzalo \u017eivot 25.427 obyvatel Japonska, hlavn\u011b mu\u017e\u016f. Zat\u00edmco \u017een se k sebevra\u017ed\u011b rozhodlo 12,3 na ka\u017ed\u00fdch 100.000, u mu\u017e\u016f to bylo 28,1 na 100.000. Sebevra\u017eda je v Japonsku hlavn\u00ed p\u0159\u00ed\u010dinou \u00famrt\u00ed u lid\u00ed ve v\u011bku 15 a\u017e 34 let, a\u017e na dal\u0161\u00edch m\u00edstech jsou \u00farazy a rakovina, up\u0159esnily \u00fa\u0159ady.<br \/>\n    M\u00edra sebevra\u017ed v Japonsku je nejen vy\u0161\u0161\u00ed ne\u017e v ostatn\u00edch zem\u00edch G7, tedy Spojen\u00fdch st\u00e1tech, Kanad\u011b, N\u011bmecku, Brit\u00e1nii, Francii a v It\u00e1lii, ale pat\u0159\u00ed v\u016fbec k nejvy\u0161\u0161\u00edm na sv\u011bt\u011b. Mnoh\u00e9 sebevra\u017edy jsou podle vl\u00e1dn\u00edch odborn\u00edk\u016f spojeny se zem\u011bt\u0159esen\u00edm a dal\u0161\u00edmi p\u0159\u00edrodn\u00edmi katastrofami, kter\u00e9 Japonsko postihly.<br \/>\n    Podle \u010cesk\u00e9ho statistick\u00e9ho \u00fa\u0159adu p\u0159ipadlo v letech 2009 a\u017e 2013 v \u010cesku na jednu \u017eenu, kter\u00e1 si vzala \u017eivot, zhruba p\u011bt sebevra\u017ed mu\u017e\u016f. Ob\u011bt\u00ed sebevra\u017ed bylo celkem 7775, z toho 6473 mu\u017e\u016f a 1302 \u017een. Po\u010det sebevra\u017ed na 100.000 obyvatel se postupn\u011b s v\u011bkem zvy\u0161uje a\u017e k maximu ve v\u011bku 50-59 let u mu\u017e\u016f a 45-54 let u \u017een, uvedl \u00fa\u0159ad. V pozd\u011bj\u0161\u00edm v\u011bku sebevra\u017ed op\u011bt relativn\u011b ub\u00fdv\u00e1.<\/p>\n","protected":false},"excerpt":{"rendered":"<div class=\"mh-excerpt\"><p>Japonsko zah\u00e1jilo t\u00fddenn\u00ed kampa\u0148 proti sebevra\u017ed\u00e1m. Pr\u00e1v\u011b v Japonsku je toti\u017e ze v\u0161ech vysp\u011bl\u00fdch zem\u00ed v r\u00e1mci skupiny G7 nejv\u00edce sebevra\u017ed na po\u010det obyvatel.<\/p>\n<\/div>","protected":false},"author":1,"featured_media":17311,"comment_status":"open","ping_status":"closed","sticky":false,"template":"","format":"standard","meta":{"footnotes":""},"categories":[7],"tags":[],"class_list":["post-22697","post","type-post","status-publish","format-standard","has-post-thumbnail","hentry","category-spolecnost"],"_links":{"self":[{"href":"https:\/\/www.invarena.cz\/index.php?rest_route=\/wp\/v2\/posts\/22697","targetHints":{"allow":["GET"]}}],"collection":[{"href":"https:\/\/www.invarena.cz\/index.php?rest_route=\/wp\/v2\/posts"}],"about":[{"href":"https:\/\/www.invarena.cz\/index.php?rest_route=\/wp\/v2\/types\/post"}],"author":[{"embeddable":true,"href":"https:\/\/www.invarena.cz\/index.php?rest_route=\/wp\/v2\/users\/1"}],"replies":[{"embeddable":true,"href":"https:\/\/www.invarena.cz\/index.php?rest_route=%2Fwp%2Fv2%2Fcomments&post=22697"}],"version-history":[{"count":0,"href":"https:\/\/www.invarena.cz\/index.php?rest_route=\/wp\/v2\/posts\/22697\/revisions"}],"wp:featuredmedia":[{"embeddable":true,"href":"https:\/\/www.invarena.cz\/index.php?rest_route=\/wp\/v2\/media\/17311"}],"wp:attachment":[{"href":"https:\/\/www.invarena.cz\/index.php?rest_route=%2Fwp%2Fv2%2Fmedia&parent=22697"}],"wp:term":[{"taxonomy":"category","embeddable":true,"href":"https:\/\/www.invarena.cz\/index.php?rest_route=%2Fwp%2Fv2%2Fcategories&post=22697"},{"taxonomy":"post_tag","embeddable":true,"href":"https:\/\/www.invarena.cz\/index.php?rest_route=%2Fwp%2Fv2%2Ftags&post=22697"}],"curies":[{"name":"wp","href":"https:\/\/api.w.org\/{rel}","templated":true}]}}