{"id":22699,"date":"2015-09-11T02:55:14","date_gmt":"2015-09-11T00:55:14","guid":{"rendered":"http:\/\/www.invarena.cz\/?p=22699"},"modified":"2015-09-11T23:15:38","modified_gmt":"2015-09-11T21:15:38","slug":"ministryne-predstavila-ctyri-opatreni-ktera-podpori-rodiny","status":"publish","type":"post","link":"https:\/\/www.invarena.cz\/?p=22699","title":{"rendered":"Ministryn\u011b p\u0159edstavila \u010dty\u0159i opat\u0159en\u00ed, kter\u00e1 podpo\u0159\u00ed rodiny"},"content":{"rendered":"<p><strong>Ministryn\u011b pr\u00e1ce a soci\u00e1ln\u00edch v\u011bc\u00ed Michaela Marksov\u00e1 p\u0159edstavila prvn\u00ed opat\u0159en\u00ed, kter\u00e1 vych\u00e1zej\u00ed z pr\u00e1ce Odborn\u00e9 komise pro rodinnou politiku. Pe\u010dovatelsk\u00e1 dovolen\u00e1, otcovsk\u00e1 poporodn\u00ed p\u00e9\u010de a \u00faprava rodi\u010dovsk\u00e9ho p\u0159\u00edsp\u011bvku by m\u011bla b\u00fdt zavedena nejpozd\u011bji k 1. lednu 2017. Pilotn\u00ed projekt mikrojesl\u00ed m\u016f\u017ee b\u00fdt realizov\u00e1n ji\u017e k 1. lednu 2016.<\/strong><br \/>\n<!--more--><\/p>\n<p>\u201ePodporu rodinn\u00e9 politiky pova\u017euji za jednu z hlavn\u00edch priorit, i proto jsme zalo\u017eili Odbornou komisi a m\u016f\u017eeme v\u00e1s sezn\u00e1mit s prvn\u00edmi konkr\u00e9tn\u00edmi n\u00e1vrhy. K jejich prosazen\u00ed a uveden\u00ed do praxe budu hledat podporu ve vl\u00e1d\u011b i mezi z\u00e1stupci parlamentn\u00edch politick\u00fdch stran,\u201c \u0159ekla ministryn\u011b Michaela Marksov\u00e1. <\/p>\n<p>MPSV chce podpo\u0159it v\u00fdd\u011ble\u010dn\u011b \u010dinn\u00e9 lidi, kte\u0159\u00ed neform\u00e1ln\u011b pe\u010duj\u00ed o rodinn\u00e9ho p\u0159\u00edslu\u0161n\u00edka, u kter\u00e9ho do\u0161lo k n\u00e1hl\u00e9mu zhor\u0161en\u00ed zdravotn\u00edho stavu a vy\u017eaduje celodenn\u00ed p\u00e9\u010di a nen\u00ed ve zdravotnick\u00e9m za\u0159\u00edzen\u00ed nebo za\u0159\u00edzen\u00ed poskytuj\u00edc\u00edm soci\u00e1ln\u00ed slu\u017eby. Na volno na p\u00e9\u010di neboli takzvanou pe\u010dovatelskou dovolenou trvaj\u00edc\u00ed v d\u00e9lce t\u0159\u00ed a\u017e \u0161esti m\u011bs\u00edc\u016f a n\u00e1rok na pen\u011b\u017eitou pomoc ve v\u00fd\u0161i 60 procent denn\u00edho vym\u011b\u0159ovac\u00edho z\u00e1kladu by m\u011bly osoby v p\u0159\u00edbuzensk\u00e9m stavu a osoby, kter\u00e9 odv\u00e1d\u00ed nemocensk\u00e9 poji\u0161t\u011bn\u00ed. <\/p>\n<p>Dal\u0161\u00edm opat\u0159en\u00edm, kter\u00e9 ministerstvo chyst\u00e1, je \u00faprava rodi\u010dovsk\u00e9ho p\u0159\u00edsp\u011bvku. Dnes ho mohou rodi\u010de \u010derpat v rozmez\u00ed nejm\u00e9n\u011b dvou a maxim\u00e1ln\u011b \u010dty\u0159 let v\u011bku d\u00edt\u011bte, p\u0159i\u010dem\u017e dvoulet\u00e1 varianta je jen pro lidi s ur\u010ditou v\u00fd\u0161\u00ed p\u0159\u00edjmu. \u201eChceme zv\u00fd\u0161it flexibilitu a umo\u017enit \u010derp\u00e1n\u00ed mezi \u0161esti m\u011bs\u00edci a\u017e dv\u011bma lety v\u011bku d\u00edt\u011bte. \u010c\u00e1stka bude tvo\u0159it maxim\u00e1ln\u011b 70 procent hrub\u00e9 mzdy a bude se tak\u00e9 odv\u00edjet od v\u00fd\u0161e p\u0159\u00edjmu. Rodi\u010dovsk\u00fd p\u0159\u00edsp\u011bvek samoz\u0159ejm\u011b nem\u016f\u017ee b\u00fdt vy\u0161\u0161\u00ed ne\u017e p\u0159edchoz\u00ed plat,\u201c dodala ministryn\u011b. <\/p>\n<p>T\u00fddenn\u00ed otcovsk\u00e1 poporodn\u00ed p\u00e9\u010de umo\u017en\u00ed mu\u017e\u016fm pod\u00edlet se na p\u00e9\u010di o novorozen\u00e9 d\u00edt\u011b. Nov\u00e1 d\u00e1vka bude poskytov\u00e1na z nemocensk\u00e9ho poji\u0161t\u011bn\u00ed, v\u00fd\u0161e je stanovena na 70 procent denn\u00edho vym\u011b\u0159ovac\u00edho z\u00e1kladu, je tedy podobn\u00e1 jako pen\u011b\u017eit\u00e1 pomoc v mate\u0159stv\u00ed. N\u00e1stup bude mo\u017en\u00fd kdykoliv v obdob\u00ed \u0161esti t\u00fddn\u016f ode dne narozen\u00ed d\u00edt\u011bte. \u201eO\u010dek\u00e1v\u00e1me, \u017ee t\u00e9to mo\u017enosti vyu\u017eije 70 a\u017e 90 procent otc\u016f. K zaveden\u00ed tohoto opat\u0159en\u00ed n\u00e1s vedla snaha vytvo\u0159it podm\u00ednky pro pos\u00edlen\u00ed vazby mezi d\u00edt\u011btem a ob\u011bma rodi\u010di v ran\u00fdch t\u00fddnech \u017eivota d\u00edt\u011bte a podporovat a motivovat otce k zapojen\u00ed se do ran\u00e9 p\u00e9\u010de o d\u00edt\u011b,\u201c vysv\u011btlila p\u0159edsedkyn\u011b Odborn\u00e9 komise Marie \u010cerm\u00e1kov\u00e1. <\/p>\n<p>\u010cesk\u00e1 republika se t\u00e9\u017e pot\u00fdk\u00e1 s nedostatkem m\u00edst v p\u0159ed\u0161koln\u00edch za\u0159\u00edzen\u00edch. Pomoci l\u00e9pe sladit rodinn\u00fd a pracovn\u00ed \u017eivot maj\u00ed ji\u017e legislativn\u011b zakotven\u00e9 d\u011btsk\u00e9 skupiny. Na podporu informovanosti o jejich v\u00fdhod\u00e1ch rozj\u00ed\u017ed\u00ed ministerstvo od \u0159\u00edjna informa\u010dn\u00ed kampa\u0148, kter\u00e1 bude hrazena z Evropsk\u00e9ho soci\u00e1ln\u00edho fondu. Jej\u00ed sou\u010d\u00e1st\u00ed je i nov\u00fd web www.dsmpsv.cz. Zlep\u0161it situaci by mohly i \u201emikrojesle\u201c, maxim\u00e1ln\u011b \u010dty\u0159\u010dlenn\u00fd kolektiv d\u011bt\u00ed od \u0161esti m\u011bs\u00edc\u016f v\u011bku, o kter\u00e9 se postar\u00e1 jedna pe\u010duj\u00edc\u00ed osoba. Pilotn\u00ed projekt bude spu\u0161t\u011bn ve t\u0159ech kraj\u00edch s nejvy\u0161\u0161\u00ed popt\u00e1vkou po t\u011bchto za\u0159\u00edzen\u00edch \u2013 v Praze, St\u0159edn\u00edch \u010cech\u00e1ch a Jihomoravsk\u00e9m kraji. Mikrojesle budou moci z\u0159izovat p\u0159\u00edmo obce nebo je pro n\u011b m\u016f\u017ee provozovat neziskov\u00e1 organizace. \u201eV\u00edt\u00e1me a podporujeme tak\u00e9 z\u00e1m\u011br M\u0160MT zav\u00e9st pr\u00e1vn\u00ed n\u00e1rok na m\u00edsto v mate\u0159sk\u00e9 \u0161kolce,\u201c dodala Zuzana Jentschke St\u0151cklov\u00e1, n\u00e1m\u011bstkyn\u011b pro soci\u00e1ln\u00ed a rodinnou politiku. <\/p>\n<p>Petr Hab\u00e1\u0148<br \/>\ntiskov\u00fd mluv\u010d\u00ed MPSV<\/p>\n","protected":false},"excerpt":{"rendered":"<div class=\"mh-excerpt\"><p>Ministryn\u011b pr\u00e1ce a soci\u00e1ln\u00edch v\u011bc\u00ed Michaela Marksov\u00e1 p\u0159edstavila prvn\u00ed opat\u0159en\u00ed, kter\u00e1 vych\u00e1zej\u00ed z pr\u00e1ce Odborn\u00e9 komise pro rodinnou politiku. Pe\u010dovatelsk\u00e1 dovolen\u00e1, otcovsk\u00e1 poporodn\u00ed p\u00e9\u010de a <a class=\"mh-excerpt-more\" href=\"https:\/\/www.invarena.cz\/?p=22699\" title=\"Ministryn\u011b p\u0159edstavila \u010dty\u0159i opat\u0159en\u00ed, kter\u00e1 podpo\u0159\u00ed rodiny\">[&#8230;]<\/a><\/p>\n<\/div>","protected":false},"author":1,"featured_media":16408,"comment_status":"open","ping_status":"closed","sticky":false,"template":"","format":"standard","meta":{"footnotes":""},"categories":[6],"tags":[],"class_list":["post-22699","post","type-post","status-publish","format-standard","has-post-thumbnail","hentry","category-politika"],"_links":{"self":[{"href":"https:\/\/www.invarena.cz\/index.php?rest_route=\/wp\/v2\/posts\/22699","targetHints":{"allow":["GET"]}}],"collection":[{"href":"https:\/\/www.invarena.cz\/index.php?rest_route=\/wp\/v2\/posts"}],"about":[{"href":"https:\/\/www.invarena.cz\/index.php?rest_route=\/wp\/v2\/types\/post"}],"author":[{"embeddable":true,"href":"https:\/\/www.invarena.cz\/index.php?rest_route=\/wp\/v2\/users\/1"}],"replies":[{"embeddable":true,"href":"https:\/\/www.invarena.cz\/index.php?rest_route=%2Fwp%2Fv2%2Fcomments&post=22699"}],"version-history":[{"count":0,"href":"https:\/\/www.invarena.cz\/index.php?rest_route=\/wp\/v2\/posts\/22699\/revisions"}],"wp:featuredmedia":[{"embeddable":true,"href":"https:\/\/www.invarena.cz\/index.php?rest_route=\/wp\/v2\/media\/16408"}],"wp:attachment":[{"href":"https:\/\/www.invarena.cz\/index.php?rest_route=%2Fwp%2Fv2%2Fmedia&parent=22699"}],"wp:term":[{"taxonomy":"category","embeddable":true,"href":"https:\/\/www.invarena.cz\/index.php?rest_route=%2Fwp%2Fv2%2Fcategories&post=22699"},{"taxonomy":"post_tag","embeddable":true,"href":"https:\/\/www.invarena.cz\/index.php?rest_route=%2Fwp%2Fv2%2Ftags&post=22699"}],"curies":[{"name":"wp","href":"https:\/\/api.w.org\/{rel}","templated":true}]}}