{"id":22700,"date":"2015-10-01T09:30:10","date_gmt":"2015-10-01T07:30:10","guid":{"rendered":"http:\/\/www.invarena.cz\/?p=22700"},"modified":"2015-10-01T09:30:16","modified_gmt":"2015-10-01T07:30:16","slug":"nejsem-schopna-prace-ani-za-mimoradnych-podminek-to-nemohu-vubec-pracovat","status":"publish","type":"post","link":"https:\/\/www.invarena.cz\/?p=22700","title":{"rendered":"Nejsem schopna pr\u00e1ce ani za mimo\u0159\u00e1dn\u00fdch podm\u00ednek. To nemohu v\u016fbec pracovat?"},"content":{"rendered":"<p><strong>Dotaz: <\/strong><strong>l\u00e9\u010d\u00edm se s Crohnem a jsem t\u0159i m\u011bs\u00edce po operaci. M\u011bla jsem invalidn\u00ed d\u016fchod 1. stupn\u011b a dnes jsem byla u posudkov\u00e9, \u017e\u00e1dala jsem o zv\u00fd\u0161en\u00ed, ale dali mi t\u0159et\u00ed stupe\u0148. C\u00edt\u00edm se po operaci opravdu l\u00e9pe a cht\u011bla jsem chodit do pr\u00e1ce na zkr\u00e1cen\u00fd \u00favazek. Tr\u00e1p\u00ed m\u011b jenom pr\u016fjmy, kter\u00e9 jsem m\u011bla i p\u0159edt\u00edm. Bohu\u017eel m\u00e1m od posudk\u00e1\u0159e naps\u00e1no sn\u00ed\u017een\u00e1 pracovn\u00ed schopnost o 70% a nem\u016f\u017eu vykon\u00e1vat trvale soustavnou \u010dinnost za mimo\u0159\u00e1dn\u00fdch podm\u00ednek a m\u00e1m jej na dva roky. To nemohu tedy v\u016fbec pracovat?<\/strong><br \/>\n<!--more--><br \/>\n<strong>Odpov\u011b\u010f:<\/strong><br \/>\nJeliko\u017e V\u00e1m byl p\u0159izn\u00e1n t\u0159et\u00ed stupe\u0148 ID, budete pob\u00edrat v\u00edce pen\u011bz. Jako invalidn\u00ed d\u016fchodce jste mohla pracovat t\u00e9m\u011b\u0159 bez omezen\u00ed. Zv\u00fd\u0161en\u00ed ID by m\u011blo kompenzovat sn\u00ed\u017een\u00ed pracovn\u00ed schopnosti.<\/p>\n<p>Pracovat V\u00e1m samoz\u0159ejm\u011b nikdo zak\u00e1zat nem\u016f\u017ee. Z\u00e1le\u017e\u00ed ale na jak\u00e9 pracovn\u00ed m\u00edsto byste cht\u011bla nastoupit a z\u00e1rove\u0148 zda V\u00e1s n\u011bkdo s takov\u00fdm posudkem zam\u011bstn\u00e1. Nejpravd\u011bpodobn\u011bj\u0161\u00ed bude Va\u0161e uplatn\u011bn\u00ed na n\u011bjak\u00e9m chr\u00e1n\u011bn\u00e9m pracovn\u00edm m\u00edst\u011b.<\/p>\n<p>Pokud byste vykon\u00e1vala pracovn\u00ed \u010dinnost, kter\u00e1 by neodpov\u00eddala Va\u0161emu zdravotn\u00edmu stavu dle posudku LPS \u010cSSZ, tak by v krajn\u00edm p\u0159\u00edpad\u011b mohlo doj\u00edt ke sn\u00ed\u017een\u00ed nebo k odebr\u00e1n\u00ed ID.<\/p>\n<p>Pokud se ale c\u00edt\u00edte v r\u00e1mci mo\u017enost\u00ed l\u00e9pe ne\u017e d\u0159\u00edve, nemus\u00edte samoz\u0159ejm\u011b pob\u00edrat invalidn\u00ed d\u016fchod v\u016fbec. ID nem\u00e1 slou\u017eit jako n\u011bjak\u00fd trest, abyste nemohla pracovat, ale slou\u017e\u00ed jako kompenzace, proto\u017ee m\u00e1te sn\u00ed\u017eenou pracovn\u00ed schopnost a z toho d\u016fvodu i men\u0161\u00ed mo\u017enosti na uplatn\u011bn\u00ed na pracovn\u00edm trhu.<\/p>\n<p>Pokud ale m\u00e1te pocit, \u017ee V\u00e1\u0161 zdravotn\u00ed stav je dobr\u00fd, a \u017ee si i p\u0159es drobn\u00e9 pot\u00ed\u017ee dok\u00e1\u017eete vyd\u011blat v zam\u011bstn\u00e1n\u00ed v\u00edce, ne\u017e by \u010dinil V\u00e1\u0161 invalidn\u00ed d\u016fchod, je jist\u011b rozumn\u00e9, abyste se p\u0159\u00edjmu ID vzdala. Zv\u00fd\u0161\u00ed to Va\u0161e mo\u017enosti na b\u011b\u017en\u00e9m pracovn\u00edm trhu.<\/p>\n<p>Ji\u0159\u00ed Marek<br \/>\ninvArena<\/p>\n","protected":false},"excerpt":{"rendered":"<div class=\"mh-excerpt\"><p>Dotaz: l\u00e9\u010d\u00edm se s Crohnem a jsem t\u0159i m\u011bs\u00edce po operaci. M\u011bla jsem invalidn\u00ed d\u016fchod 1. stupn\u011b a dnes jsem byla u posudkov\u00e9, \u017e\u00e1dala jsem <a class=\"mh-excerpt-more\" href=\"https:\/\/www.invarena.cz\/?p=22700\" title=\"Nejsem schopna pr\u00e1ce ani za mimo\u0159\u00e1dn\u00fdch podm\u00ednek. To nemohu v\u016fbec pracovat?\">[&#8230;]<\/a><\/p>\n<\/div>","protected":false},"author":3,"featured_media":21983,"comment_status":"open","ping_status":"closed","sticky":false,"template":"","format":"standard","meta":{"footnotes":""},"categories":[18],"tags":[],"class_list":["post-22700","post","type-post","status-publish","format-standard","has-post-thumbnail","hentry","category-poradna"],"_links":{"self":[{"href":"https:\/\/www.invarena.cz\/index.php?rest_route=\/wp\/v2\/posts\/22700","targetHints":{"allow":["GET"]}}],"collection":[{"href":"https:\/\/www.invarena.cz\/index.php?rest_route=\/wp\/v2\/posts"}],"about":[{"href":"https:\/\/www.invarena.cz\/index.php?rest_route=\/wp\/v2\/types\/post"}],"author":[{"embeddable":true,"href":"https:\/\/www.invarena.cz\/index.php?rest_route=\/wp\/v2\/users\/3"}],"replies":[{"embeddable":true,"href":"https:\/\/www.invarena.cz\/index.php?rest_route=%2Fwp%2Fv2%2Fcomments&post=22700"}],"version-history":[{"count":0,"href":"https:\/\/www.invarena.cz\/index.php?rest_route=\/wp\/v2\/posts\/22700\/revisions"}],"wp:featuredmedia":[{"embeddable":true,"href":"https:\/\/www.invarena.cz\/index.php?rest_route=\/wp\/v2\/media\/21983"}],"wp:attachment":[{"href":"https:\/\/www.invarena.cz\/index.php?rest_route=%2Fwp%2Fv2%2Fmedia&parent=22700"}],"wp:term":[{"taxonomy":"category","embeddable":true,"href":"https:\/\/www.invarena.cz\/index.php?rest_route=%2Fwp%2Fv2%2Fcategories&post=22700"},{"taxonomy":"post_tag","embeddable":true,"href":"https:\/\/www.invarena.cz\/index.php?rest_route=%2Fwp%2Fv2%2Ftags&post=22700"}],"curies":[{"name":"wp","href":"https:\/\/api.w.org\/{rel}","templated":true}]}}