{"id":22701,"date":"2015-09-11T23:02:57","date_gmt":"2015-09-11T21:02:57","guid":{"rendered":"http:\/\/www.invarena.cz\/?p=22701"},"modified":"2015-09-11T23:03:24","modified_gmt":"2015-09-11T21:03:24","slug":"musim-rict-ze-zavod-je-opravdu-hodne-extremni","status":"publish","type":"post","link":"https:\/\/www.invarena.cz\/?p=22701","title":{"rendered":"Mus\u00edm \u0159\u00edct, \u017ee z\u00e1vod je opravdu hodn\u011b extr\u00e9mn\u00ed"},"content":{"rendered":"<p><strong>Nevidom\u00fd z\u00e1vodn\u00edk Beskydsk\u00e9 sedmi\u010dky Marek Moflar po zdol\u00e1n\u00ed v\u0161ech sedmi vrchol\u016f v rozhovoru \u0159ekl: <\/strong><!--more--><\/p>\n<p>foto: Beskydsk\u00e1 sedmi\u010dka<\/p>\n<p>Obrovskou poklonu sklidili v c\u00edli z\u00e1vodn\u00edci z t\u00fdmu Eleven Mercedes Mitas. Tom\u00e1\u0161 Novotn\u00fd se sv\u00fdm nevidom\u00fdm par\u0165\u00e1kem Markem Moflarem zvl\u00e1dli sedm vrcholk\u016f v \u010dase 20 hodin a 12 minut. <\/p>\n<p>&#8211; Jak jste se v\u016fbec poznali? <\/p>\n<p>Tom\u00e1\u0161:Byla to n\u00e1hoda. Poznali jsme se p\u0159i Jizersk\u00e9 50, kde Marek hledal p\u0159es Nadaci Leontinka vodi\u010de. Zku\u0161enosti jsem v\u016fbec nem\u011bl,ale m\u011bl jsem odhodl\u00e1n\u00ed,tak\u017ee jsem se p\u0159ihl\u00e1sil. Markovi tak d\u011bl\u00e1m vodi\u010de u\u017e p\u011bt let. Marek:Je to m\u016fj prvn\u00ed vodi\u010d v r\u00e1mci triatlonov\u00fdch sout\u011b\u017e\u00ed,amus\u00edm \u0159\u00edct,\u017ee Tom\u00e1\u0161 je perfektn\u00ed. <\/p>\n<p>&#8211; Co v\u00e1s p\u0159im\u011blo p\u0159ihl\u00e1sit se do z\u00e1vodu Beskydsk\u00e1 sedmi\u010dka? <\/p>\n<p>Tom\u00e1\u0161:P\u0159ed t\u0159emi lety jsem o z\u00e1vodu vid\u011bl report\u00e1\u017e v televizi. P\u0159ed rokem z\u00e1vod zkusila m\u00e1 kolegyn\u011bz pr\u00e1ce, takjsemsi \u0159ekl,\u017ee by to pro n\u00e1s mohla b\u00fdt v\u00fdzva. Markovi jsem B7 vyl\u00ed\u010dil jako skv\u011bl\u00fd z\u00e1vod,kter\u00fd stoj\u00ed za to si vyzkou\u0161et. Ka\u017edop\u00e1dn\u011b jsme ale nev\u011bd\u011bli,do \u010deho vlastn\u011b jdeme. <\/p>\n<p>&#8211; Co bylo na z\u00e1vodu nejt\u011b\u017e\u0161\u00ed? <\/p>\n<p>Marek:Tak prvn\u00ed \u010dty\u0159i kopce byly je\u0161t\u011b v pohod\u011b. Pak ale p\u0159i\u0161ly na \u0159adu kamenit\u00e9 \u00faseky aty j\u00e1 nem\u00e1m moc r\u00e1d, jeliko\u017e noha se v nich lehce zvrtne. Mus\u00edm tady b\u00fdt hodn\u011b opatrn\u00fd a n\u00e1ro\u010dn\u00e9 je to ipro Tom\u00e1\u0161e,kter\u00fd m\u011b mus\u00ed fakt dob\u0159e v\u00e9st a u pozor\u0148ovat na p\u0159ek\u00e1\u017eky a nerovnosti. Tom\u00e1\u0161:Marek,ikdy\u017e nevid\u00ed,takto po startu docela rozjel. Nasadil rychl\u00e9 tempo,tak\u017ee jsme na Lys\u00e9 ho\u0159e byli u\u017e p\u0159ed p\u016fl sedmou r\u00e1no. Nejhor\u0161\u00ed ale byly pro n\u00e1s seb\u011bhy. Do kopce se jde dob\u0159e,ale cesta dol\u016f je pro m\u011bj ako vodi\u010de i pro Marka,kter\u00fd nevid\u00ed,hodn\u011b n\u00e1ro\u010dn\u00e1. Marek:Nejlep\u0161\u00ed na tom bylo,kdy\u017e mi Tom\u00e1\u0161 \u0159\u00edkal:Toje dob\u0159e,\u017ee nevid\u00ed\u0161,co je p\u0159ed n\u00e1mi. <\/p>\n<p>&#8211; Cht\u011bli jste z\u00e1vod v n\u011bkter\u00e9m \u00faseku vzd\u00e1t? <\/p>\n<p>Marek:Ne,necht\u011bli. Naza\u010d\u00e1tku jsme si \u0159ekli,\u017ee z\u00e1vod dokon\u010d\u00edme pod dvaadvacet hodin,a toho to c\u00edle jsme sepak dr\u017eeli. Nakonec jsme to dali je\u0161t\u011b rychleji,tak\u017ee m\u00e1me radost. <\/p>\n<p>&#8211; Budete na startu i p\u0159\u00ed\u0161t\u00ed rok? <\/p>\n<p>Marek:Mus\u00edm \u0159\u00edct,\u017ee z\u00e1vod je opravdu extr\u00e9mn\u00ed. Te\u010f, p\u00e1r hodin poz\u00e1vod\u011b,si tomoc neum\u00edm p\u0159edstavit. Ale \u010dasem to mo\u017en\u00e1 p\u0159ehodnot\u00edm. Ka\u017ed\u00fd,kdo z\u00e1vod absolvuje,si zaslou\u017e\u00ed obdiv,proto\u017ee je to fakt d\u0159ina. Mus\u00edmale \u0159\u00edct,\u017ee jsem byl na n\u011bkolika presti\u017en\u00edch z\u00e1vodech i v zahrani\u010d\u00ed,ale takovou atmosf\u00e9ru,jako je tady na Beskydsk\u00e9 sedmi\u010dce,jsem nikde neza\u017eil. Bylo to \u00fa\u017easn\u00e9. <\/p>\n<p>&#8211; Jak\u00e9 m\u00e1te pl\u00e1ny do budoucna? <\/p>\n<p>Marek:P\u00e1r dn\u00ed budeme regenerovat a pomalu se p\u0159ipravovat na dal\u0161\u00ed velkou v\u00fdzvu,a tou je IronMan v Barcelon\u011b, kter\u00fd n\u00e1s \u010dek\u00e1 u\u017e za \u010dty\u0159i t\u00fddny. Tom\u00e1\u0161:Budeme zase naplno tr\u00e9novat,to znamen\u00e1 minim\u00e1ln\u011b dvakr\u00e1t t\u00fddn\u011b hlavn\u011b plavat a b\u011bhat,a Marek m\u00e1 k tomu je\u0161t\u011b j\u00edzdu nacyklistick\u00e9m trena\u017e\u00e9ru.<\/p>\n<p>Fr\u00fddecko-M\u00edsteck\u00fd a T\u0159ineck\u00fd den\u00edk<br \/>\n<a href=\"http:\/\/www.frydeckomistecky.denik.cz\/\">http:\/\/www.frydeckomistecky.denik.cz\/<\/a><\/p>\n","protected":false},"excerpt":{"rendered":"<div class=\"mh-excerpt\"><p>Nevidom\u00fd z\u00e1vodn\u00edk Beskydsk\u00e9 sedmi\u010dky Marek Moflar po zdol\u00e1n\u00ed v\u0161ech sedmi vrchol\u016f v rozhovoru \u0159ekl:<\/p>\n<\/div>","protected":false},"author":1,"featured_media":22707,"comment_status":"open","ping_status":"closed","sticky":false,"template":"","format":"standard","meta":{"footnotes":""},"categories":[12],"tags":[],"class_list":["post-22701","post","type-post","status-publish","format-standard","has-post-thumbnail","hentry","category-rozhovory"],"_links":{"self":[{"href":"https:\/\/www.invarena.cz\/index.php?rest_route=\/wp\/v2\/posts\/22701","targetHints":{"allow":["GET"]}}],"collection":[{"href":"https:\/\/www.invarena.cz\/index.php?rest_route=\/wp\/v2\/posts"}],"about":[{"href":"https:\/\/www.invarena.cz\/index.php?rest_route=\/wp\/v2\/types\/post"}],"author":[{"embeddable":true,"href":"https:\/\/www.invarena.cz\/index.php?rest_route=\/wp\/v2\/users\/1"}],"replies":[{"embeddable":true,"href":"https:\/\/www.invarena.cz\/index.php?rest_route=%2Fwp%2Fv2%2Fcomments&post=22701"}],"version-history":[{"count":0,"href":"https:\/\/www.invarena.cz\/index.php?rest_route=\/wp\/v2\/posts\/22701\/revisions"}],"wp:featuredmedia":[{"embeddable":true,"href":"https:\/\/www.invarena.cz\/index.php?rest_route=\/wp\/v2\/media\/22707"}],"wp:attachment":[{"href":"https:\/\/www.invarena.cz\/index.php?rest_route=%2Fwp%2Fv2%2Fmedia&parent=22701"}],"wp:term":[{"taxonomy":"category","embeddable":true,"href":"https:\/\/www.invarena.cz\/index.php?rest_route=%2Fwp%2Fv2%2Fcategories&post=22701"},{"taxonomy":"post_tag","embeddable":true,"href":"https:\/\/www.invarena.cz\/index.php?rest_route=%2Fwp%2Fv2%2Ftags&post=22701"}],"curies":[{"name":"wp","href":"https:\/\/api.w.org\/{rel}","templated":true}]}}