{"id":22702,"date":"2015-09-11T13:12:42","date_gmt":"2015-09-11T11:12:42","guid":{"rendered":"http:\/\/www.invarena.cz\/?p=22702"},"modified":"2015-09-11T13:12:42","modified_gmt":"2015-09-11T11:12:42","slug":"srdickove-dny-startuji-16-zari-v-praze","status":"publish","type":"post","link":"https:\/\/www.invarena.cz\/?p=22702","title":{"rendered":"Srd\u00ed\u010dkov\u00e9 dny startuj\u00ed 16. z\u00e1\u0159\u00ed v Praze"},"content":{"rendered":"<p><strong>Tradi\u010dn\u00ed Srd\u00ed\u010dkov\u00e9 dny budou i letos pom\u00e1hat v\u00e1\u017en\u011b nemocn\u00fdm d\u011btem.<\/strong> <!--more--><\/p>\n<p>Podzimn\u00ed ve\u0159ejnou sb\u00edrku odstartuje v Praze Z\u00e1bavn\u00e9 odpoledne pro d\u011bti i dosp\u011bl\u00e9 za \u00fa\u010dasti mnoha zn\u00e1m\u00fdch \u010desk\u00fdch zp\u011bv\u00e1k\u016f a herc\u016f. V pr\u016fb\u011bhu dne bude na m\u00edst\u011b prob\u00edhat tak\u00e9 zdravotn\u011b zam\u011b\u0159en\u00fd doprovodn\u00fd program. Akce se kon\u00e1 ve st\u0159edu 16. z\u00e1\u0159\u00ed od 12.30 do 16,30 hodin na n\u00e1m\u011bst\u00ed M\u00edru v Praze.<\/p>\n<p>Sb\u00edrka Srd\u00ed\u010dkov\u00e9 dny pat\u0159\u00ed k dlouholet\u00fdm, tradi\u010dn\u00edm a velmi obl\u00edben\u00fdm projekt\u016fm, kter\u00fdm se obecn\u011b prosp\u011b\u0161n\u00e1 spole\u010dnost \u017divot d\u011btem v\u011bnuje od sam\u00e9ho po\u010d\u00e1tku jej\u00edho zalo\u017een\u00ed. Prob\u00edh\u00e1 t\u0159ikr\u00e1t do roka \u2013 na ja\u0159e, na podzim a v zim\u011b. Do sb\u00edrky se pravideln\u011b zapojuj\u00ed studenti st\u0159edn\u00edch \u0161kol a u\u010dili\u0161\u0165, z\u00e1kladn\u00edch \u0161kol, d\u011btsk\u00e9 organizace i mnoh\u00e9 firmy po cel\u00e9 republice. Jsou prod\u00e1v\u00e1na plastov\u00e1 srd\u00ed\u010dka, magnetky a mnoh\u00e9 dal\u0161\u00ed sb\u00edrkov\u00e9 p\u0159edm\u011bty, jejich\u017e v\u00fdt\u011b\u017eek putuje na \u00fahradu p\u0159\u00edsp\u011bvk\u016f na po\u0159\u00edzen\u00ed invalidn\u00edch voz\u00ed\u010dk\u016f, rehabilita\u010dn\u00edch a kompenza\u010dn\u00edch pom\u016fcek (zdravotn\u00edch ko\u010d\u00e1rk\u016f, chod\u00edtek, polohovac\u00edch za\u0159\u00edzen\u00ed) a na \u00fahradu obvazov\u00e9ho materi\u00e1lu, speci\u00e1ln\u00ed v\u00fd\u017eivy apod.<\/p>\n<p>Od roku 2000 d\u00edky d\u00e1rc\u016fm \u017divot d\u011btem, o.p.s. obdarovala stovky v\u00e1\u017en\u011b nemocn\u00fdch d\u011bt\u00ed po cel\u00e9 \u010cesk\u00e9 republice v celkov\u00e9 v\u00fd\u0161i 158 110 381 K\u010d.<\/p>\n<p>Vlo\u0148sk\u00e9m roce \u017divot d\u011btem obdarovala v\u00e1\u017en\u011b nemocn\u00e9 d\u011bti \u010d\u00e1stkou ve v\u00fd\u0161i 15 858 309 K\u010d. Finan\u010dn\u00ed prost\u0159edky byly v\u011bnov\u00e1ny d\u011btem posti\u017een\u00fdm spin\u00e1ln\u00ed svalovou atrofi\u00ed a dystrofi\u00ed, d\u011btskou mozkovou obrnou, mukopolysacharid\u00f3zou, autismem, kombinovan\u00fdm posti\u017een\u00edm, cystickou fibr\u00f3zou, onkologick\u00fdm onemocn\u011bn\u00edm nebo s nemoc\u00ed &#8222;mot\u00fdl\u00edch k\u0159\u00eddel&#8220;.<\/p>\n<p>Teplick\u00fd den\u00edk<br \/>\n<a href=\"http:\/\/www.teplicky.denik.cz\/\">http:\/\/www.teplicky.denik.cz\/<\/a><\/p>\n","protected":false},"excerpt":{"rendered":"<div class=\"mh-excerpt\"><p>Tradi\u010dn\u00ed Srd\u00ed\u010dkov\u00e9 dny budou i letos pom\u00e1hat v\u00e1\u017en\u011b nemocn\u00fdm d\u011btem.<\/p>\n<\/div>","protected":false},"author":1,"featured_media":14228,"comment_status":"open","ping_status":"closed","sticky":false,"template":"","format":"standard","meta":{"footnotes":""},"categories":[9],"tags":[],"class_list":["post-22702","post","type-post","status-publish","format-standard","has-post-thumbnail","hentry","category-zpravy"],"_links":{"self":[{"href":"https:\/\/www.invarena.cz\/index.php?rest_route=\/wp\/v2\/posts\/22702","targetHints":{"allow":["GET"]}}],"collection":[{"href":"https:\/\/www.invarena.cz\/index.php?rest_route=\/wp\/v2\/posts"}],"about":[{"href":"https:\/\/www.invarena.cz\/index.php?rest_route=\/wp\/v2\/types\/post"}],"author":[{"embeddable":true,"href":"https:\/\/www.invarena.cz\/index.php?rest_route=\/wp\/v2\/users\/1"}],"replies":[{"embeddable":true,"href":"https:\/\/www.invarena.cz\/index.php?rest_route=%2Fwp%2Fv2%2Fcomments&post=22702"}],"version-history":[{"count":0,"href":"https:\/\/www.invarena.cz\/index.php?rest_route=\/wp\/v2\/posts\/22702\/revisions"}],"wp:featuredmedia":[{"embeddable":true,"href":"https:\/\/www.invarena.cz\/index.php?rest_route=\/wp\/v2\/media\/14228"}],"wp:attachment":[{"href":"https:\/\/www.invarena.cz\/index.php?rest_route=%2Fwp%2Fv2%2Fmedia&parent=22702"}],"wp:term":[{"taxonomy":"category","embeddable":true,"href":"https:\/\/www.invarena.cz\/index.php?rest_route=%2Fwp%2Fv2%2Fcategories&post=22702"},{"taxonomy":"post_tag","embeddable":true,"href":"https:\/\/www.invarena.cz\/index.php?rest_route=%2Fwp%2Fv2%2Ftags&post=22702"}],"curies":[{"name":"wp","href":"https:\/\/api.w.org\/{rel}","templated":true}]}}