{"id":22703,"date":"2015-09-11T13:18:08","date_gmt":"2015-09-11T11:18:08","guid":{"rendered":"http:\/\/www.invarena.cz\/?p=22703"},"modified":"2015-09-11T13:18:08","modified_gmt":"2015-09-11T11:18:08","slug":"dobra-zprava-pro-plzen-2","status":"publish","type":"post","link":"https:\/\/www.invarena.cz\/?p=22703","title":{"rendered":"Dobr\u00e1 zpr\u00e1va pro Plze\u0148"},"content":{"rendered":"<p><strong>Z\u00edtra se v K\u0159i\u017e\u00edkov\u00fdch sadech od 10 do 20 hodin uskute\u010dn\u00ed festival Na konci l\u00e9ta!<\/strong> <!--more--><\/p>\n<p>C\u00edlem akce je podpo\u0159it za\u010dle\u0148ov\u00e1n\u00ed osob ze zdravotn\u00edm posti\u017een\u00edm do m\u00edstn\u00ed komunity a p\u0159estavit ve\u0159ejnosti organizace podporuj\u00edc\u00ed handicapovan\u00e9. Vystoup\u00ed soubory profesion\u00e1ln\u00ed i amat\u00e9rsk\u00e9, um\u011blci zdrav\u00ed i hendikepovan\u00ed. Na programu bude prezentace organizac\u00ed zab\u00fdvaj\u00edc\u00edch se problematikou zdravotn\u011b posti\u017een\u00fdch, sout\u011b\u017ee nejen pro d\u011bti, malov\u00e1n\u00ed na obli\u010dej nebo j\u00edzda na invalidn\u00edm voz\u00edku. Vstupn\u00e9 je zdarma.<\/p>\n<p>Plze\u0148sk\u00fd den\u00edk<br \/>\n<a href=\"http:\/\/plzensky.denik.cz\/\">http:\/\/plzensky.denik.cz\/<\/a><\/p>\n","protected":false},"excerpt":{"rendered":"<div class=\"mh-excerpt\"><p>Z\u00edtra se v K\u0159i\u017e\u00edkov\u00fdch sadech od 10 do 20 hodin uskute\u010dn\u00ed festival Na konci l\u00e9ta!<\/p>\n<\/div>","protected":false},"author":1,"featured_media":8962,"comment_status":"open","ping_status":"closed","sticky":false,"template":"","format":"standard","meta":{"footnotes":""},"categories":[9],"tags":[],"class_list":["post-22703","post","type-post","status-publish","format-standard","has-post-thumbnail","hentry","category-zpravy"],"_links":{"self":[{"href":"https:\/\/www.invarena.cz\/index.php?rest_route=\/wp\/v2\/posts\/22703","targetHints":{"allow":["GET"]}}],"collection":[{"href":"https:\/\/www.invarena.cz\/index.php?rest_route=\/wp\/v2\/posts"}],"about":[{"href":"https:\/\/www.invarena.cz\/index.php?rest_route=\/wp\/v2\/types\/post"}],"author":[{"embeddable":true,"href":"https:\/\/www.invarena.cz\/index.php?rest_route=\/wp\/v2\/users\/1"}],"replies":[{"embeddable":true,"href":"https:\/\/www.invarena.cz\/index.php?rest_route=%2Fwp%2Fv2%2Fcomments&post=22703"}],"version-history":[{"count":0,"href":"https:\/\/www.invarena.cz\/index.php?rest_route=\/wp\/v2\/posts\/22703\/revisions"}],"wp:featuredmedia":[{"embeddable":true,"href":"https:\/\/www.invarena.cz\/index.php?rest_route=\/wp\/v2\/media\/8962"}],"wp:attachment":[{"href":"https:\/\/www.invarena.cz\/index.php?rest_route=%2Fwp%2Fv2%2Fmedia&parent=22703"}],"wp:term":[{"taxonomy":"category","embeddable":true,"href":"https:\/\/www.invarena.cz\/index.php?rest_route=%2Fwp%2Fv2%2Fcategories&post=22703"},{"taxonomy":"post_tag","embeddable":true,"href":"https:\/\/www.invarena.cz\/index.php?rest_route=%2Fwp%2Fv2%2Ftags&post=22703"}],"curies":[{"name":"wp","href":"https:\/\/api.w.org\/{rel}","templated":true}]}}