{"id":22704,"date":"2015-09-11T22:50:09","date_gmt":"2015-09-11T20:50:09","guid":{"rendered":"http:\/\/www.invarena.cz\/?p=22704"},"modified":"2015-09-11T22:50:09","modified_gmt":"2015-09-11T20:50:09","slug":"vytezek-koncertu-prispeje-na-domaci-hospicovou-peci","status":"publish","type":"post","link":"https:\/\/www.invarena.cz\/?p=22704","title":{"rendered":"V\u00fdt\u011b\u017eek koncertu p\u0159isp\u011bje na dom\u00e1c\u00ed hospicovou p\u00e9\u010di"},"content":{"rendered":"<p><strong>Zajistit, aby v\u00e1\u017en\u011b nemocn\u00fd \u010dlov\u011bk um\u00edral d\u016fstojn\u011b a ve sv\u00e9m dom\u00e1c\u00edm prost\u0159ed\u00ed, m\u00e1 nov\u00fd projekt Oblastn\u00ed charity v P\u0159erov\u011b.<\/strong><!--more--><\/p>\n<p>ilustra\u010dn\u00ed foto: PhotoRack<\/p>\n<p>Dom\u00e1c\u00ed hospicovou p\u00e9\u010di o um\u00edraj\u00edc\u00edho bude zaji\u0161\u0165ovat t\u00fdm slo\u017een\u00fd ze zdravotn\u00edch sester, pe\u010dovatelek, l\u00e9ka\u0159e onkologa, soci\u00e1ln\u00edch pracovn\u00edk\u016f, kn\u011bze a pastora\u010dn\u00edho asistenta.<br \/>\nBohulib\u00fd z\u00e1m\u011br m\u00e1 finan\u010dn\u011b podpo\u0159it v\u00fdt\u011b\u017eek benefi\u010dn\u00edho koncertu skupiny Hradi\u0161\u0165an s Ji\u0159\u00edm Pavlicou, kter\u00fd se uskute\u010dn\u00ed ve \u010dtvrtek 17. z\u00e1\u0159\u00ed v kostele sv. Vav\u0159ince v P\u0159erov\u011b. Za\u010d\u00e1tek je v 17.30 hodin.<br \/>\n&#8222;Kdy\u017e jsme o projektu za\u010dali uva\u017eovat, \u010derpali jsme zku\u0161enosti z dom\u00e1c\u00ed hospicov\u00e9 p\u00e9\u010de v Kyjov\u011b, kde je o tyto slu\u017eby velk\u00fd z\u00e1jem,&#8220; p\u0159ibl\u00ed\u017eila Martina Krej\u010d\u00ed\u0159ov\u00e1 z Oblastn\u00ed charity v P\u0159erov\u011b. Podle n\u00ed maj\u00ed pracovn\u00edci Charity s p\u00e9\u010d\u00ed o t\u011b\u017ece nemocn\u00e9 zku\u0161enosti. &#8222;Na\u0161e sestry pe\u010dovaly v podobn\u00e9m re\u017eimu o \u0161est v\u00e1\u017en\u011b nemocn\u00fdch klient\u016f,&#8220; vysv\u011btlila.<\/p>\n<p>Podstatn\u00e1 \u010d\u00e1st n\u00e1klad\u016f na t\u00e9m\u011b\u0159 nep\u0159etr\u017eitou p\u00e9\u010di o um\u00edraj\u00edc\u00edho \u010dlov\u011bka je hrazena ze zdravotn\u00edho poji\u0161t\u011bn\u00ed, zb\u00fdvaj\u00edc\u00ed finance pak z p\u0159\u00edsp\u011bvku na p\u00e9\u010di.<br \/>\nZ v\u00fdt\u011b\u017eku benefi\u010dn\u00edho koncertu, jen\u017e se uskute\u010dn\u00edv kostele sv. Vav\u0159ince, chce Charita uhradit kompenza\u010dn\u00ed a zdravotn\u00ed pom\u016fcky pro klienty dom\u00e1c\u00edho hospice. &#8222;Je nutn\u00e9 nakoupit pro pacienty pom\u016fcky, jako d\u00e1vkova\u010de l\u00e9k\u016f \u010di d\u00fdchac\u00ed p\u0159\u00edstroje,&#8220; up\u0159esnila.<\/p>\n<p>Lid\u00e9, kte\u0159\u00ed budou cht\u00edt podpo\u0159it dobrou v\u011bc, si mohou zakoupit vstupenku na koncert Hradi\u0161\u0165anu \u2013 a to na p\u0159erovsk\u00e9 fa\u0159e, v Centru Svazu t\u011blesn\u011b posti\u017een\u00fdch v P\u0159erovance a s\u00eddle Charity v ulici 9. kv\u011btna. Cena b\u011b\u017en\u00e9 vstupenky je 250 korun, benefi\u010dn\u00ed pak 350 korun.<\/p>\n<p>Nov\u00e9 P\u0159erovsko \u2013 t\u00fdden\u00edk<\/p>\n","protected":false},"excerpt":{"rendered":"<div class=\"mh-excerpt\"><p>Zajistit, aby v\u00e1\u017en\u011b nemocn\u00fd \u010dlov\u011bk um\u00edral d\u016fstojn\u011b a ve sv\u00e9m dom\u00e1c\u00edm prost\u0159ed\u00ed, m\u00e1 nov\u00fd projekt Oblastn\u00ed charity v P\u0159erov\u011b.<\/p>\n<\/div>","protected":false},"author":1,"featured_media":14574,"comment_status":"open","ping_status":"closed","sticky":false,"template":"","format":"standard","meta":{"footnotes":""},"categories":[7,9],"tags":[],"class_list":["post-22704","post","type-post","status-publish","format-standard","has-post-thumbnail","hentry","category-spolecnost","category-zpravy"],"_links":{"self":[{"href":"https:\/\/www.invarena.cz\/index.php?rest_route=\/wp\/v2\/posts\/22704","targetHints":{"allow":["GET"]}}],"collection":[{"href":"https:\/\/www.invarena.cz\/index.php?rest_route=\/wp\/v2\/posts"}],"about":[{"href":"https:\/\/www.invarena.cz\/index.php?rest_route=\/wp\/v2\/types\/post"}],"author":[{"embeddable":true,"href":"https:\/\/www.invarena.cz\/index.php?rest_route=\/wp\/v2\/users\/1"}],"replies":[{"embeddable":true,"href":"https:\/\/www.invarena.cz\/index.php?rest_route=%2Fwp%2Fv2%2Fcomments&post=22704"}],"version-history":[{"count":0,"href":"https:\/\/www.invarena.cz\/index.php?rest_route=\/wp\/v2\/posts\/22704\/revisions"}],"wp:featuredmedia":[{"embeddable":true,"href":"https:\/\/www.invarena.cz\/index.php?rest_route=\/wp\/v2\/media\/14574"}],"wp:attachment":[{"href":"https:\/\/www.invarena.cz\/index.php?rest_route=%2Fwp%2Fv2%2Fmedia&parent=22704"}],"wp:term":[{"taxonomy":"category","embeddable":true,"href":"https:\/\/www.invarena.cz\/index.php?rest_route=%2Fwp%2Fv2%2Fcategories&post=22704"},{"taxonomy":"post_tag","embeddable":true,"href":"https:\/\/www.invarena.cz\/index.php?rest_route=%2Fwp%2Fv2%2Ftags&post=22704"}],"curies":[{"name":"wp","href":"https:\/\/api.w.org\/{rel}","templated":true}]}}