{"id":22706,"date":"2015-09-11T22:34:00","date_gmt":"2015-09-11T20:34:00","guid":{"rendered":"http:\/\/www.invarena.cz\/?p=22706"},"modified":"2015-09-11T22:34:07","modified_gmt":"2015-09-11T20:34:07","slug":"handicapovani-v-opave-maji-novy-domov-halo-noviny","status":"publish","type":"post","link":"https:\/\/www.invarena.cz\/?p=22706","title":{"rendered":"Handicapovan\u00ed v Opav\u011b maj\u00ed nov\u00fd domov"},"content":{"rendered":"<p><strong>D\u00edky \u00fa\u010dasti Moravskoslezsk\u00e9ho kraje (MSK) v programu transformace soci\u00e1ln\u00edch slu\u017eeb a d\u00edky evropsk\u00fdm financ\u00edm na\u0161lo nov\u00fd domov patn\u00e1ct zdravotn\u011b posti\u017een\u00fdch klient\u016f, kte\u0159\u00ed doposud \u017eili v opavsk\u00e9m soci\u00e1ln\u00edm za\u0159\u00edzen\u00ed Marianum, krajsk\u00e9 p\u0159\u00edsp\u011bvkov\u00e9 organizaci.<\/strong> <!--more--><\/p>\n<p>Nyn\u00ed bydl\u00ed v nov\u011b zrekonstruovan\u00e9m t\u0159\u00edpodla\u017en\u00edm objektu na Denisov\u011b n\u00e1m\u011bst\u00ed v Opav\u011b.<br \/>\nRekonstrukce, kter\u00e1 trvala od z\u00e1\u0159\u00ed 2014 do \u010dervence 2015, p\u0159inesla lidem, kte\u0159\u00ed ve v\u011bt\u0161\u00ed m\u00ed\u0159e pot\u0159ebuj\u00ed pomoc a podporu okol\u00ed, v\u00edce soukrom\u00ed a komfort v bydlen\u00ed. Slavnostn\u00edho otev\u0159en\u00ed se z\u00fa\u010dastnil i n\u00e1m\u011bstek hejtmana MSK pro soci\u00e1ln\u00ed z\u00e1le\u017eitosti Svatom\u00edr Recman (KS\u010cM).<br \/>\nNov\u011b zrekonstruovan\u00fd objekt nab\u00edz\u00ed bydlen\u00ed v jednol\u016f\u017ekov\u00fdch a dvoul\u016f\u017ekov\u00fdch pokoj\u00edch s vlastn\u00edm soci\u00e1ln\u00edm z\u00e1zem\u00edm. K dispozici v jednotliv\u00fdch dom\u00e1cnostech je tak\u00e9 ob\u00fdvac\u00ed pokoj s kuchyn\u00ed, kter\u00fd tvo\u0159\u00ed jeden celek. V\u0161echny prostory jsou bezbari\u00e9rov\u00e9, v\u010detn\u011b zabudov\u00e1n\u00ed evakua\u010dn\u00edho v\u00fdtahu.<br \/>\nProjekt \u00bbDruh\u00e1 etapa transformace organizace Marianum\u00ab za t\u00e9m\u011b\u0159 26 milion\u016f korun byl financov\u00e1n z integrovan\u00e9ho opera\u010dn\u00edho programu. MSK se na n\u011bm pod\u00edlel \u010d\u00e1stkou 4,5 milionu korun. \u00bbMSK pokra\u010duje v realizaci syst\u00e9mov\u00fdch zm\u011bn v oblasti poskytov\u00e1n\u00ed soci\u00e1ln\u00edch slu\u017eeb, a to p\u0159edev\u0161\u00edm pobytov\u00fdch soci\u00e1ln\u00edch slu\u017eeb pro osoby nejen s t\u011blesn\u00fdm posti\u017een\u00edm, ale i s ment\u00e1ln\u00edm \u010di kombinovan\u00fdm posti\u017een\u00edm. Rekonstruovan\u00e9 a do u\u017e\u00edv\u00e1n\u00ed p\u0159edan\u00e9 prostory vytv\u00e1\u0159ej\u00ed vysok\u00fd standard poskytovan\u00fdch soci\u00e1ln\u00edch slu\u017eeb pro jeho u\u017eivatele i z\u00e1zem\u00ed pro zam\u011bstnance.<br \/>\nKl\u00e1\u0161tern\u00ed budovu Mariana, odkud u\u017eivatel\u00e9 p\u0159e\u0161li do zrekonstruovan\u00fdch prostor, opust\u00ed posledn\u00ed klienti a zam\u011bstnanci definitivn\u011b v roce 2016,\u00ab uvedl n\u00e1m\u011bstek Recman a dodal, \u017ee MSK realizuje v leto\u0161n\u00edm roce je\u0161t\u011b dal\u0161\u00ed projekty. Mezi n\u011b pat\u0159\u00ed nap\u0159\u00edklad vytvo\u0159en\u00ed nov\u00e9ho domova pro osoby se zdravotn\u00edm posti\u017een\u00edm ve Vrbn\u011b pod Prad\u011bdem pro osmn\u00e1ct u\u017eivatel\u016f, v Opav\u011b pro dvan\u00e1ct u\u017eivatel\u016f, v Horn\u00edm Bene\u0161ov\u011b pro osmn\u00e1ct u\u017eivatel\u016f ad. \u00bbNapl\u0148ujeme t\u00edm krajsk\u00fd volebn\u00ed program KS\u010cM i programov\u00e9 prohl\u00e1\u0161en\u00ed krajsk\u00e9 koalice KS\u010cM a \u010cSSD v soci\u00e1ln\u00ed oblasti, a tak\u00e9 t\u00edm dokazujeme, \u017ee levice um\u00ed v na\u0161em kraji vl\u00e1dnout ku prosp\u011bchu jeho ob\u010dan\u016f.\u00ab<br \/>\nHlavn\u00ed budova Mariana je star\u00e1 p\u0159es sto let a nen\u00ed majetkem kraje. Budova z roku 1907 ji\u017e nemohla odpov\u00eddat po\u017eadavk\u016fm po\u010d\u00e1tku 21. stolet\u00ed a n\u00e1rok\u016fm modern\u00edch soci\u00e1ln\u00edch slu\u017eeb.<\/p>\n<p>Hal\u00f3 noviny<\/p>\n","protected":false},"excerpt":{"rendered":"<div class=\"mh-excerpt\"><p>D\u00edky \u00fa\u010dasti Moravskoslezsk\u00e9ho kraje (MSK) v programu transformace soci\u00e1ln\u00edch slu\u017eeb a d\u00edky evropsk\u00fdm financ\u00edm na\u0161lo nov\u00fd domov patn\u00e1ct zdravotn\u011b posti\u017een\u00fdch klient\u016f, kte\u0159\u00ed doposud \u017eili v <a class=\"mh-excerpt-more\" href=\"https:\/\/www.invarena.cz\/?p=22706\" title=\"Handicapovan\u00ed v Opav\u011b maj\u00ed nov\u00fd domov\">[&#8230;]<\/a><\/p>\n<\/div>","protected":false},"author":1,"featured_media":0,"comment_status":"open","ping_status":"closed","sticky":false,"template":"","format":"standard","meta":{"footnotes":""},"categories":[9],"tags":[],"class_list":["post-22706","post","type-post","status-publish","format-standard","hentry","category-zpravy"],"_links":{"self":[{"href":"https:\/\/www.invarena.cz\/index.php?rest_route=\/wp\/v2\/posts\/22706","targetHints":{"allow":["GET"]}}],"collection":[{"href":"https:\/\/www.invarena.cz\/index.php?rest_route=\/wp\/v2\/posts"}],"about":[{"href":"https:\/\/www.invarena.cz\/index.php?rest_route=\/wp\/v2\/types\/post"}],"author":[{"embeddable":true,"href":"https:\/\/www.invarena.cz\/index.php?rest_route=\/wp\/v2\/users\/1"}],"replies":[{"embeddable":true,"href":"https:\/\/www.invarena.cz\/index.php?rest_route=%2Fwp%2Fv2%2Fcomments&post=22706"}],"version-history":[{"count":0,"href":"https:\/\/www.invarena.cz\/index.php?rest_route=\/wp\/v2\/posts\/22706\/revisions"}],"wp:attachment":[{"href":"https:\/\/www.invarena.cz\/index.php?rest_route=%2Fwp%2Fv2%2Fmedia&parent=22706"}],"wp:term":[{"taxonomy":"category","embeddable":true,"href":"https:\/\/www.invarena.cz\/index.php?rest_route=%2Fwp%2Fv2%2Fcategories&post=22706"},{"taxonomy":"post_tag","embeddable":true,"href":"https:\/\/www.invarena.cz\/index.php?rest_route=%2Fwp%2Fv2%2Ftags&post=22706"}],"curies":[{"name":"wp","href":"https:\/\/api.w.org\/{rel}","templated":true}]}}