{"id":22717,"date":"2015-09-13T02:23:27","date_gmt":"2015-09-13T00:23:27","guid":{"rendered":"http:\/\/www.invarena.cz\/?p=22717"},"modified":"2015-09-13T22:33:05","modified_gmt":"2015-09-13T20:33:05","slug":"karlovarsky-svet-zachranaru-se-poprve-otevrel-verejnosti","status":"publish","type":"post","link":"https:\/\/www.invarena.cz\/?p=22717","title":{"rendered":"Karlovarsk\u00fd Sv\u011bt z\u00e1chran\u00e1\u0159\u016f se poprv\u00e9 otev\u0159el ve\u0159ejnosti"},"content":{"rendered":"<p><strong>Ve\u0159ejnost se v sobotu mohla poprv\u00e9 pod\u00edvat do are\u00e1lu Sv\u011bt z\u00e1chran\u00e1\u0159\u016f v Karlov\u00fdch Varech. V \u010cesku jedin\u00e9 za\u0159\u00edzen\u00ed sv\u00e9ho druhu nab\u00eddne z\u00e1zem\u00ed pro praktick\u00e9 vzd\u011bl\u00e1v\u00e1n\u00ed hlavn\u011b d\u011bt\u00ed a ml\u00e1de\u017ee v rizikov\u00fdch \u017eivotn\u00edch situac\u00edch. <\/strong><!--more--><\/p>\n<p>D\u011btem budou p\u0159ed\u00e1vat zku\u0161enosti z praxe skute\u010dn\u00ed z\u00e1chran\u00e1\u0159i, hasi\u010di nebo policist\u00e9, \u0159ekl Luk\u00e1\u0161 Hutta, v\u00fdkonn\u00fd \u0159editel Asociace z\u00e1chrann\u00fd kruh kter\u00e1 bude centrum provozovat.<br \/>\n    &#8222;V dne\u0161n\u00ed dob\u011b se d\u011bti ve \u0161kol\u00e1ch v ur\u010dit\u00e9 m\u00ed\u0159e seznamuj\u00ed s riziky, ale zat\u00edm chyb\u011bla praxe, kter\u00e1 je nejd\u016fle\u017eit\u011bj\u0161\u00ed. Je t\u0159eba, aby si \u010dlov\u011bk v\u0161e osahal, vyzkou\u0161el. Jedin\u011b tak si to zapamatuje a v krizov\u00e9 situaci zareaguje tak, jak m\u00e1,&#8220; uvedl Hutta.<br \/>\n    V are\u00e1lu jsou jednotliv\u00e9 budovy v\u011bnov\u00e1ny nap\u0159\u00edklad problematice po\u017e\u00e1r\u016f, policie, z\u00e1chran\u011b \u017eivota a podobn\u011b. V\u0161e je zasazeno do prost\u0159ed\u00ed velk\u00e9ho dopravn\u00edho h\u0159i\u0161t\u011b se semafory i \u017eeleznic\u00ed.<br \/>\n    Stavba Centra zdrav\u00ed a bezpe\u010d\u00ed, jak se projekt jmenoval, p\u0159i\u0161la m\u011bsto Karlovy Vary na 51 milion\u016f korun, p\u0159i\u010dem\u017e 85 procent z\u00edskalo m\u011bsto z dotace z Evropsk\u00e9 unie.<br \/>\n    Financov\u00e1n\u00ed provozu nebude jednoduch\u00e9. M\u011bsto na n\u011bj d\u00e1 zhruba t\u0159i miliony korun ro\u010dn\u011b. Dal\u0161\u00ed asi \u010dty\u0159i miliony si pak bude muset centrum sehnat od sponzor\u016f. Podle prezidentky Asociace Z\u00e1chrann\u00fd kruh Veroniky Krajsov\u00e9 chce asociace oslovit nap\u0159\u00edklad poji\u0161\u0165ovny. Pr\u00e1v\u011b ony by z lep\u0161\u00ed vzd\u011blanost\u00ed lid\u00ed v oblasti rizik mohly v kone\u010dn\u00e9m d\u016fsledku profitovat.<br \/>\n    Spolu se Sv\u011btem z\u00e1chran\u00e1\u0159\u016f se dnes poprv\u00e9 ve\u0159ejnosti otev\u0159ela i nov\u00e1 m\u00ed\u010dov\u00e1 hala, kter\u00e9 le\u017e\u00ed v sousedstv\u00ed. &#8222;Celkov\u00e9 n\u00e1klady na stavbu haly a jej\u00ed dovybaven\u00ed, nap\u0159\u00edklad teleskopickou tribunou pro asi 250 div\u00e1k\u016f, basketbalovou konstrukc\u00ed a dal\u0161\u00edm za\u0159\u00edzen\u00edm, byly 130 milion\u016f korun,&#8220; doplnila mluv\u010d\u00ed magistr\u00e1tu Helena Kysel\u00e1.<br \/>\n    Hala nab\u00edz\u00ed celkem 799 m\u00edst k sezen\u00ed, z toho 547 na pevn\u00e9 tribun\u011b a 252 na teleskopick\u00e9. Na ochozu nad pevnou tribunou je vytvo\u0159eno n\u011bkolik m\u00edst pro lidi na invalidn\u00edch voz\u00edc\u00edch, mohou zde b\u00fdt i stoj\u00edc\u00ed div\u00e1ci. Z\u00e1pasy bude mo\u017en\u00e9 sledovat i z restaurace. <\/p>\n","protected":false},"excerpt":{"rendered":"<div class=\"mh-excerpt\"><p>Ve\u0159ejnost se v sobotu mohla poprv\u00e9 pod\u00edvat do are\u00e1lu Sv\u011bt z\u00e1chran\u00e1\u0159\u016f v Karlov\u00fdch Varech. V \u010cesku jedin\u00e9 za\u0159\u00edzen\u00ed sv\u00e9ho druhu nab\u00eddne z\u00e1zem\u00ed pro praktick\u00e9 vzd\u011bl\u00e1v\u00e1n\u00ed <a class=\"mh-excerpt-more\" href=\"https:\/\/www.invarena.cz\/?p=22717\" title=\"Karlovarsk\u00fd Sv\u011bt z\u00e1chran\u00e1\u0159\u016f se poprv\u00e9 otev\u0159el ve\u0159ejnosti\">[&#8230;]<\/a><\/p>\n<\/div>","protected":false},"author":1,"featured_media":14098,"comment_status":"open","ping_status":"closed","sticky":false,"template":"","format":"standard","meta":{"footnotes":""},"categories":[11],"tags":[],"class_list":["post-22717","post","type-post","status-publish","format-standard","has-post-thumbnail","hentry","category-zdravi"],"_links":{"self":[{"href":"https:\/\/www.invarena.cz\/index.php?rest_route=\/wp\/v2\/posts\/22717","targetHints":{"allow":["GET"]}}],"collection":[{"href":"https:\/\/www.invarena.cz\/index.php?rest_route=\/wp\/v2\/posts"}],"about":[{"href":"https:\/\/www.invarena.cz\/index.php?rest_route=\/wp\/v2\/types\/post"}],"author":[{"embeddable":true,"href":"https:\/\/www.invarena.cz\/index.php?rest_route=\/wp\/v2\/users\/1"}],"replies":[{"embeddable":true,"href":"https:\/\/www.invarena.cz\/index.php?rest_route=%2Fwp%2Fv2%2Fcomments&post=22717"}],"version-history":[{"count":0,"href":"https:\/\/www.invarena.cz\/index.php?rest_route=\/wp\/v2\/posts\/22717\/revisions"}],"wp:featuredmedia":[{"embeddable":true,"href":"https:\/\/www.invarena.cz\/index.php?rest_route=\/wp\/v2\/media\/14098"}],"wp:attachment":[{"href":"https:\/\/www.invarena.cz\/index.php?rest_route=%2Fwp%2Fv2%2Fmedia&parent=22717"}],"wp:term":[{"taxonomy":"category","embeddable":true,"href":"https:\/\/www.invarena.cz\/index.php?rest_route=%2Fwp%2Fv2%2Fcategories&post=22717"},{"taxonomy":"post_tag","embeddable":true,"href":"https:\/\/www.invarena.cz\/index.php?rest_route=%2Fwp%2Fv2%2Ftags&post=22717"}],"curies":[{"name":"wp","href":"https:\/\/api.w.org\/{rel}","templated":true}]}}