{"id":22724,"date":"2015-09-14T21:39:22","date_gmt":"2015-09-14T19:39:22","guid":{"rendered":"http:\/\/www.invarena.cz\/?p=22724"},"modified":"2015-09-14T21:39:22","modified_gmt":"2015-09-14T19:39:22","slug":"neni-na-tom-starobni-duchodce-hure-nez-invalidni","status":"publish","type":"post","link":"https:\/\/www.invarena.cz\/?p=22724","title":{"rendered":"Nen\u00ed na tom starobn\u00ed d\u016fchodce h\u016f\u0159e ne\u017e invalidn\u00ed?"},"content":{"rendered":"<p><strong>Dotaz:<\/strong><br \/>\n<strong> Pob\u00edr\u00e1m ID 3. stupn\u011b a bl\u00ed\u017e\u00edm se do d\u016fchodov\u00e9ho v\u011bku. Z\u00edsk\u00e1m starobn\u00ed d\u016fchod nebo budu d\u00e1l pob\u00edrat invalidn\u00ed? Nebudu na tom n\u00e1hodou ve starobn\u00edm h\u016f\u0159e ne\u017e v ID?<\/strong><br \/>\n<!--more-->ilustra\u010dn\u00ed foto: Photoxpress<br \/>\n<strong> Odpov\u011b\u010f:<\/strong><br \/>\nV \u017e\u00e1dn\u00e9m p\u0159\u00edpad\u011b se nem\u016f\u017ee st\u00e1t, \u017ee by v\u00fd\u0161e Va\u0161eho starobn\u00edho d\u016fchodu byla ni\u017e\u0161\u00ed ne\u017e v\u00fd\u0161e invalidn\u00edho d\u016fchodu. M\u016f\u017ee b\u00fdt jen stejn\u00e1 nebo vy\u0161\u0161\u00ed.<br \/>\nKa\u017ed\u00fd \u010dlov\u011bk, kter\u00fd pob\u00edr\u00e1 invalidn\u00ed d\u016fchod, je ve v\u011bku 65 let automaticky p\u0159eveden do starobn\u00edho. Z\u016fst\u00e1v\u00e1 mu stejn\u00e1 v\u00fd\u0161e d\u016fchodu, kterou pob\u00edral d\u0159\u00edve jako invalidn\u00ed.<\/p>\n<p>V p\u0159\u00edpad\u011b, \u017ee dan\u00e1 osoba vykon\u00e1vala v\u00fdd\u011ble\u010dnou \u010dinnost, d\u00e1 se doporu\u010dit, aby si v dob\u011b, kdy m\u00e1 n\u00e1rok na starobn\u00ed d\u016fchod nebo ve v\u011bku 65 let za\u017e\u00e1dala o tzv. p\u0159epo\u010det starobn\u00edho d\u016fchodu. \u010cSSZ n\u00e1sledn\u011b p\u0159epo\u010d\u00edt\u00e1 v\u00fd\u0161i d\u016fchodu s p\u0159ihl\u00e9dnut\u00edm k odpracovan\u00fdm let\u016fm a v\u00fd\u0161i v\u00fdd\u011blku. V\u00e1\u0161 starobn\u00ed d\u016fchod se v tu chv\u00edli zv\u00fd\u0161\u00ed. Nen\u00ed proto mo\u017en\u00e9, aby starobn\u00ed d\u016fchod byl ni\u017e\u0161\u00ed ne\u017e je ten invalidn\u00ed.<\/p>\n<p>Ji\u0159\u00ed Marek<br \/>\ninvArena<\/p>\n","protected":false},"excerpt":{"rendered":"<div class=\"mh-excerpt\"><p>Dotaz: Pob\u00edr\u00e1m ID 3. stupn\u011b a bl\u00ed\u017e\u00edm se do d\u016fchodov\u00e9ho v\u011bku. Z\u00edsk\u00e1m starobn\u00ed d\u016fchod nebo budu d\u00e1l pob\u00edrat invalidn\u00ed? Nebudu na tom n\u00e1hodou ve starobn\u00edm <a class=\"mh-excerpt-more\" href=\"https:\/\/www.invarena.cz\/?p=22724\" title=\"Nen\u00ed na tom starobn\u00ed d\u016fchodce h\u016f\u0159e ne\u017e invalidn\u00ed?\">[&#8230;]<\/a><\/p>\n<\/div>","protected":false},"author":3,"featured_media":19377,"comment_status":"open","ping_status":"closed","sticky":false,"template":"","format":"standard","meta":{"footnotes":""},"categories":[18],"tags":[],"class_list":["post-22724","post","type-post","status-publish","format-standard","has-post-thumbnail","hentry","category-poradna"],"_links":{"self":[{"href":"https:\/\/www.invarena.cz\/index.php?rest_route=\/wp\/v2\/posts\/22724","targetHints":{"allow":["GET"]}}],"collection":[{"href":"https:\/\/www.invarena.cz\/index.php?rest_route=\/wp\/v2\/posts"}],"about":[{"href":"https:\/\/www.invarena.cz\/index.php?rest_route=\/wp\/v2\/types\/post"}],"author":[{"embeddable":true,"href":"https:\/\/www.invarena.cz\/index.php?rest_route=\/wp\/v2\/users\/3"}],"replies":[{"embeddable":true,"href":"https:\/\/www.invarena.cz\/index.php?rest_route=%2Fwp%2Fv2%2Fcomments&post=22724"}],"version-history":[{"count":0,"href":"https:\/\/www.invarena.cz\/index.php?rest_route=\/wp\/v2\/posts\/22724\/revisions"}],"wp:featuredmedia":[{"embeddable":true,"href":"https:\/\/www.invarena.cz\/index.php?rest_route=\/wp\/v2\/media\/19377"}],"wp:attachment":[{"href":"https:\/\/www.invarena.cz\/index.php?rest_route=%2Fwp%2Fv2%2Fmedia&parent=22724"}],"wp:term":[{"taxonomy":"category","embeddable":true,"href":"https:\/\/www.invarena.cz\/index.php?rest_route=%2Fwp%2Fv2%2Fcategories&post=22724"},{"taxonomy":"post_tag","embeddable":true,"href":"https:\/\/www.invarena.cz\/index.php?rest_route=%2Fwp%2Fv2%2Ftags&post=22724"}],"curies":[{"name":"wp","href":"https:\/\/api.w.org\/{rel}","templated":true}]}}