{"id":22728,"date":"2015-09-14T16:19:27","date_gmt":"2015-09-14T14:19:27","guid":{"rendered":"http:\/\/www.invarena.cz\/?p=22728"},"modified":"2015-09-14T21:36:50","modified_gmt":"2015-09-14T19:36:50","slug":"jesterice-poradala-benefici-pro-postizene-deti","status":"publish","type":"post","link":"https:\/\/www.invarena.cz\/?p=22728","title":{"rendered":"Je\u0161t\u011b\u0159ice po\u0159\u00e1dala benefici pro posti\u017een\u00e9 d\u011bti"},"content":{"rendered":"<p><strong>V sobotu zafungovalo ve St\u0159\u00edbrn\u00e9 na Kraslicku skv\u011ble spojen\u00ed Srdce slab\u0161\u00edm, Je\u0161t\u011b\u0159ice a Mate\u0159\u00eddou\u0161ky. \u0160lo o charitativn\u00ed akci, kterou po\u0159\u00e1daly \u010dty\u0159i je\u0161t\u011b\u0159ice pro posti\u017een\u00e9 d\u011bti z chodovsk\u00e9ho stacion\u00e1\u0159e Mate\u0159\u00eddou\u0161ka.<\/strong> <!--more--><\/p>\n<p>St\u0159\u00edbrn\u00e1 \u2013 Na zahrad\u011b chaty M\u00e1rty se st\u0159\u00eddaly koncerty, d\u00e1le zp\u011bv, poh\u00e1dka, prod\u00e1valy se v\u00fdrobky klient\u016f stacion\u00e1\u0159e a tan\u010dilo mezi barevn\u00fdmi bal\u00f3nky. Ale p\u0159edev\u0161\u00edm se poda\u0159ilo vybrat \u00factyhodn\u00fdch 23 212 korun.<\/p>\n<p>&#8222;Charitativn\u00ed akce Srdce slab\u0161\u00edm se zde po\u0159\u00e1d\u00e1 mnoho let. D\u0159\u00edve to bylo pod taktovkou Jana Zindery a dal\u0161\u00edch. Nada\u010dn\u00ed fond Je\u0161t\u011b\u0159ice ho po\u0159\u00e1d\u00e1 t\u0159et\u00edm rokem. P\u016fvodn\u00edm organiz\u00e1tor\u016fm doch\u00e1zely s\u00edly a n\u00e1m teprve p\u0159ich\u00e1zela spousta n\u00e1pad\u016f,&#8220; \u0159ekla p\u0159edsedkyn\u011b fondu Milu\u0161e Merklov\u00e1.<\/p>\n<p>&#8222;V\u00fdt\u011b\u017eek ze vstupn\u00e9ho, dra\u017eby a finan\u010dn\u00edch dar\u016f firem a obc\u00ed jde do chodovsk\u00e9ho stacion\u00e1\u0159e Mate\u0159\u00eddou\u0161ka, kde podpo\u0159\u00ed jejich \u010dinnost. A v\u00fdt\u011b\u017eek na\u0161ich v\u00fdrobk\u016f p\u016fjde na\u0161emu fondu,&#8220; up\u0159esnil finan\u010dn\u00ed guru Je\u0161t\u011b\u0159ice Andrea Kr\u00fdzlov\u00e1.<\/p>\n<p>Mezi p\u0159\u00edtomn\u00fdmi byla vid\u011bt \u0159ada poh\u00e1dkov\u00fdch postavi\u010dek. &#8222;Hrajeme velmi alternativn\u00ed poh\u00e1dku o Sn\u011bhurce a sedmi trpasl\u00edc\u00edch. Zapoj\u00edme do d\u011bje i p\u0159ihl\u00ed\u017eej\u00edc\u00ed posti\u017een\u00e9 d\u011bti\u010dky,&#8220; nast\u00ednila netradi\u010dn\u00ed, ale z\u00e1bavnou formu zn\u00e1m\u00e9 poh\u00e1dky dal\u0161\u00ed z je\u0161t\u011b\u0159ic Petra Dole\u017ealov\u00e1.<\/p>\n<p>\u010ctve\u0159ici dobrovolnic dopl\u0148uje Zuzana Soukupov\u00e1, kter\u00e1 na charitativn\u00ed akci nev\u00e1hala p\u0159ij\u00edt i se zran\u011bn\u00edm o berl\u00edch, s nohou v ort\u00e9ze. P\u0159esto nev\u00e1h\u00e1 ve\u0159ejnost pozvat na dal\u0161\u00ed akce fondu. &#8222;V Karlov\u00fdch Varech rockov\u00fd koncert kapely Meat Mincer, koncert kraslick\u00e9 roda\u010dky Lucie \u0160ebkov\u00e9, divadlo v Sokolov\u011b, \u0160t\u011bdrorann\u00ed b\u011bh pro b\u011b\u017ece i rodiny s d\u011btmi a \u0159ada v\u00e1no\u010dn\u00edch koncert\u016f v kostel\u00edch,&#8220; nast\u00ednila Soukupov\u00e1. Je\u0161t\u011b\u0159ice z\u00e1rove\u0148 d\u011bkuj\u00ed v\u0161em dobrovoln\u00edk\u016fm, firm\u00e1m, Kraslic\u00edm, St\u0159\u00edbrn\u00e9 i kraji za jejich pomoc.<\/p>\n<p>Chebsk\u00fd den\u00edk<br \/>\n<a href=\"http:\/\/chebsky.denik.cz\/\">http:\/\/chebsky.denik.cz\/<\/a><\/p>\n","protected":false},"excerpt":{"rendered":"<div class=\"mh-excerpt\"><p>V sobotu zafungovalo ve St\u0159\u00edbrn\u00e9 na Kraslicku skv\u011ble spojen\u00ed Srdce slab\u0161\u00edm, Je\u0161t\u011b\u0159ice a Mate\u0159\u00eddou\u0161ky. \u0160lo o charitativn\u00ed akci, kterou po\u0159\u00e1daly \u010dty\u0159i je\u0161t\u011b\u0159ice pro posti\u017een\u00e9 d\u011bti <a class=\"mh-excerpt-more\" href=\"https:\/\/www.invarena.cz\/?p=22728\" title=\"Je\u0161t\u011b\u0159ice po\u0159\u00e1dala benefici pro posti\u017een\u00e9 d\u011bti\">[&#8230;]<\/a><\/p>\n<\/div>","protected":false},"author":1,"featured_media":0,"comment_status":"open","ping_status":"closed","sticky":false,"template":"","format":"standard","meta":{"footnotes":""},"categories":[9],"tags":[],"class_list":["post-22728","post","type-post","status-publish","format-standard","hentry","category-zpravy"],"_links":{"self":[{"href":"https:\/\/www.invarena.cz\/index.php?rest_route=\/wp\/v2\/posts\/22728","targetHints":{"allow":["GET"]}}],"collection":[{"href":"https:\/\/www.invarena.cz\/index.php?rest_route=\/wp\/v2\/posts"}],"about":[{"href":"https:\/\/www.invarena.cz\/index.php?rest_route=\/wp\/v2\/types\/post"}],"author":[{"embeddable":true,"href":"https:\/\/www.invarena.cz\/index.php?rest_route=\/wp\/v2\/users\/1"}],"replies":[{"embeddable":true,"href":"https:\/\/www.invarena.cz\/index.php?rest_route=%2Fwp%2Fv2%2Fcomments&post=22728"}],"version-history":[{"count":0,"href":"https:\/\/www.invarena.cz\/index.php?rest_route=\/wp\/v2\/posts\/22728\/revisions"}],"wp:attachment":[{"href":"https:\/\/www.invarena.cz\/index.php?rest_route=%2Fwp%2Fv2%2Fmedia&parent=22728"}],"wp:term":[{"taxonomy":"category","embeddable":true,"href":"https:\/\/www.invarena.cz\/index.php?rest_route=%2Fwp%2Fv2%2Fcategories&post=22728"},{"taxonomy":"post_tag","embeddable":true,"href":"https:\/\/www.invarena.cz\/index.php?rest_route=%2Fwp%2Fv2%2Ftags&post=22728"}],"curies":[{"name":"wp","href":"https:\/\/api.w.org\/{rel}","templated":true}]}}