{"id":22736,"date":"2015-09-15T13:54:48","date_gmt":"2015-09-15T11:54:48","guid":{"rendered":"http:\/\/www.invarena.cz\/?p=22736"},"modified":"2015-09-15T13:54:48","modified_gmt":"2015-09-15T11:54:48","slug":"blizi-se-mezinarodni-den-neslysicich","status":"publish","type":"post","link":"https:\/\/www.invarena.cz\/?p=22736","title":{"rendered":"Bl\u00ed\u017e\u00ed se Mezin\u00e1rodn\u00ed den nesly\u0161\u00edc\u00edch"},"content":{"rendered":"<p><strong>Mezin\u00e1rodn\u00ed den nesly\u0161\u00edc\u00edch po\u0159\u00e1d\u00e1 Nemocnice Havl\u00ed\u010dk\u016fv Brod spole\u010dn\u011b s vyso\u010dinsk\u00fdm Svazem nesly\u0161\u00edc\u00edch a nedosl\u00fdchav\u00fdch v \u010cR.<\/strong> <!--more--><\/p>\n<p>Havl\u00ed\u010dk\u016fv Brod \u2013 Uskute\u010dn\u00ed se 23. z\u00e1\u0159\u00ed od 8 do 12 hodin ve vestibulu nemocnice. C\u00edlem akce je \u0161\u00ed\u0159it z\u00e1kladn\u00ed informace o sv\u011bt\u011b osob se sluchov\u00fdm posti\u017een\u00edm. &#8222;Ka\u017edoro\u010dn\u011b se p\u0159ipojujeme k t\u00e9to akci, nebo\u0165 se sna\u017e\u00edme b\u00fdt bezbari\u00e9rovou nemocnic\u00ed a b\u00fdt na\u0161im pacient\u016fm bl\u00ed\u017e. Budeme nap\u0159\u00edklad informovat klienty o ve\u0161ker\u00fdch mo\u017enostech vy\u0161et\u0159en\u00ed sluchu v r\u00e1mci na\u0161ich ORL ambulanc\u00ed,&#8220; informovala mluv\u010d\u00ed nemocnice Petra \u010cerno.<\/p>\n<p>Havl\u00ed\u010dkobrodsk\u00fd den\u00edk<br \/>\n<a href=\"http:\/\/havlickobrodsky.denik.cz\/\">http:\/\/havlickobrodsky.denik.cz\/<\/a><\/p>\n","protected":false},"excerpt":{"rendered":"<div class=\"mh-excerpt\"><p>Mezin\u00e1rodn\u00ed den nesly\u0161\u00edc\u00edch po\u0159\u00e1d\u00e1 Nemocnice Havl\u00ed\u010dk\u016fv Brod spole\u010dn\u011b s vyso\u010dinsk\u00fdm Svazem nesly\u0161\u00edc\u00edch a nedosl\u00fdchav\u00fdch v \u010cR.<\/p>\n<\/div>","protected":false},"author":1,"featured_media":14808,"comment_status":"open","ping_status":"closed","sticky":false,"template":"","format":"standard","meta":{"footnotes":""},"categories":[9],"tags":[],"class_list":["post-22736","post","type-post","status-publish","format-standard","has-post-thumbnail","hentry","category-zpravy"],"_links":{"self":[{"href":"https:\/\/www.invarena.cz\/index.php?rest_route=\/wp\/v2\/posts\/22736","targetHints":{"allow":["GET"]}}],"collection":[{"href":"https:\/\/www.invarena.cz\/index.php?rest_route=\/wp\/v2\/posts"}],"about":[{"href":"https:\/\/www.invarena.cz\/index.php?rest_route=\/wp\/v2\/types\/post"}],"author":[{"embeddable":true,"href":"https:\/\/www.invarena.cz\/index.php?rest_route=\/wp\/v2\/users\/1"}],"replies":[{"embeddable":true,"href":"https:\/\/www.invarena.cz\/index.php?rest_route=%2Fwp%2Fv2%2Fcomments&post=22736"}],"version-history":[{"count":0,"href":"https:\/\/www.invarena.cz\/index.php?rest_route=\/wp\/v2\/posts\/22736\/revisions"}],"wp:featuredmedia":[{"embeddable":true,"href":"https:\/\/www.invarena.cz\/index.php?rest_route=\/wp\/v2\/media\/14808"}],"wp:attachment":[{"href":"https:\/\/www.invarena.cz\/index.php?rest_route=%2Fwp%2Fv2%2Fmedia&parent=22736"}],"wp:term":[{"taxonomy":"category","embeddable":true,"href":"https:\/\/www.invarena.cz\/index.php?rest_route=%2Fwp%2Fv2%2Fcategories&post=22736"},{"taxonomy":"post_tag","embeddable":true,"href":"https:\/\/www.invarena.cz\/index.php?rest_route=%2Fwp%2Fv2%2Ftags&post=22736"}],"curies":[{"name":"wp","href":"https:\/\/api.w.org\/{rel}","templated":true}]}}