{"id":22744,"date":"2015-09-17T10:50:44","date_gmt":"2015-09-17T08:50:44","guid":{"rendered":"http:\/\/www.invarena.cz\/?p=22744"},"modified":"2015-09-17T10:50:44","modified_gmt":"2015-09-17T08:50:44","slug":"socialni-pracovnici-si-vymenovali-zkusenosti-na-odbornem-seminari-v-litomysli","status":"publish","type":"post","link":"https:\/\/www.invarena.cz\/?p=22744","title":{"rendered":"Soci\u00e1ln\u00ed pracovn\u00edci si vym\u011b\u0148ovali zku\u0161enosti na odborn\u00e9m semin\u00e1\u0159i v Litomy\u0161li"},"content":{"rendered":"<p><strong>Inspirovat se zku\u0161enostmi zahrani\u010dn\u00edch soci\u00e1ln\u00edch pracovn\u00edk\u016f a vyu\u017e\u00edt jejich poznatky pro dobrou praxi v \u010cesk\u00e9 republice bylo hlavn\u00edm c\u00edlem odborn\u00e9ho semin\u00e1\u0159e, kter\u00fd se 15. z\u00e1\u0159\u00ed uskute\u010dnil v Litomy\u0161li. <\/strong><!--more--><\/p>\n<p>ilustra\u010dn\u00ed foto: ruthiebabe \/ stock.xchng<\/p>\n<p>Ministerstvo pr\u00e1ce a soci\u00e1ln\u00edch v\u011bc\u00ed ve spolupr\u00e1ci s Asociac\u00ed ob\u010dansk\u00fdch poraden pozvalo k debat\u011b prezidentku Mezin\u00e1rodn\u00ed federace soci\u00e1ln\u00edch pracovn\u00edk\u016f Ruth Stark z Velk\u00e9 Brit\u00e1nie. Slovo v r\u00e1mci hlavn\u00edch p\u0159\u00edsp\u011bvk\u016f dostali i odborn\u00edci z Ma\u010farska a Bosny a Hercegoviny.<br \/>\n<!--more--><br \/>\n\u201eNa soci\u00e1ln\u00ed pracovn\u00edky jsou dnes kladeny velk\u00e9 n\u00e1roky a stoj\u00ed p\u0159ed nimi velk\u00e9 v\u00fdzvy, zejm\u00e9na v oblasti etiky pr\u00e1ce s lidmi,\u201c uvedl David Posp\u00ed\u0161il, \u0159editel Odboru soci\u00e1ln\u00edch slu\u017eeb, soci\u00e1ln\u00ed pr\u00e1ce a soci\u00e1ln\u00edho bydlen\u00ed MPSV. \u201eJsem proto r\u00e1d, \u017ee se zde m\u016f\u017eeme inspirovat i od zahrani\u010dn\u00edch koleg\u016f,\u201c dodal Posp\u00ed\u0161il.<br \/>\nPo s\u00e9rii \u00favodn\u00edch p\u0159edn\u00e1\u0161ek semin\u00e1\u0159 s n\u00e1zvem Dobr\u00e1 praxe v soci\u00e1ln\u00ed pr\u00e1ci \u2013 inspirace a p\u0159\u00edle\u017eitosti pokra\u010doval formou workshop\u016f, kde si \u00fa\u010dastn\u00edci m\u011bli mo\u017enost p\u0159edat zku\u0161enosti a informace o aktu\u00e1ln\u00ed situaci ve vybran\u00fdch oblastech v\u00fdkonu soci\u00e1ln\u00ed pr\u00e1ce, nap\u0159\u00edklad v oblasti pr\u00e1ce s p\u0159edlu\u017een\u00fdmi klienty, komunitn\u00ed pr\u00e1ce nebo soci\u00e1ln\u00ed pr\u00e1ce v obci. <\/p>\n<p>Petr Hab\u00e1\u0148<br \/>\ntiskov\u00fd mluv\u010d\u00ed MPSV<\/p>\n","protected":false},"excerpt":{"rendered":"<div class=\"mh-excerpt\"><p>Inspirovat se zku\u0161enostmi zahrani\u010dn\u00edch soci\u00e1ln\u00edch pracovn\u00edk\u016f a vyu\u017e\u00edt jejich poznatky pro dobrou praxi v \u010cesk\u00e9 republice bylo hlavn\u00edm c\u00edlem odborn\u00e9ho semin\u00e1\u0159e, kter\u00fd se 15. z\u00e1\u0159\u00ed <a class=\"mh-excerpt-more\" href=\"https:\/\/www.invarena.cz\/?p=22744\" title=\"Soci\u00e1ln\u00ed pracovn\u00edci si vym\u011b\u0148ovali zku\u0161enosti na odborn\u00e9m semin\u00e1\u0159i v Litomy\u0161li\">[&#8230;]<\/a><\/p>\n<\/div>","protected":false},"author":1,"featured_media":18701,"comment_status":"open","ping_status":"closed","sticky":false,"template":"","format":"standard","meta":{"footnotes":""},"categories":[7],"tags":[],"class_list":["post-22744","post","type-post","status-publish","format-standard","has-post-thumbnail","hentry","category-spolecnost"],"_links":{"self":[{"href":"https:\/\/www.invarena.cz\/index.php?rest_route=\/wp\/v2\/posts\/22744","targetHints":{"allow":["GET"]}}],"collection":[{"href":"https:\/\/www.invarena.cz\/index.php?rest_route=\/wp\/v2\/posts"}],"about":[{"href":"https:\/\/www.invarena.cz\/index.php?rest_route=\/wp\/v2\/types\/post"}],"author":[{"embeddable":true,"href":"https:\/\/www.invarena.cz\/index.php?rest_route=\/wp\/v2\/users\/1"}],"replies":[{"embeddable":true,"href":"https:\/\/www.invarena.cz\/index.php?rest_route=%2Fwp%2Fv2%2Fcomments&post=22744"}],"version-history":[{"count":0,"href":"https:\/\/www.invarena.cz\/index.php?rest_route=\/wp\/v2\/posts\/22744\/revisions"}],"wp:featuredmedia":[{"embeddable":true,"href":"https:\/\/www.invarena.cz\/index.php?rest_route=\/wp\/v2\/media\/18701"}],"wp:attachment":[{"href":"https:\/\/www.invarena.cz\/index.php?rest_route=%2Fwp%2Fv2%2Fmedia&parent=22744"}],"wp:term":[{"taxonomy":"category","embeddable":true,"href":"https:\/\/www.invarena.cz\/index.php?rest_route=%2Fwp%2Fv2%2Fcategories&post=22744"},{"taxonomy":"post_tag","embeddable":true,"href":"https:\/\/www.invarena.cz\/index.php?rest_route=%2Fwp%2Fv2%2Ftags&post=22744"}],"curies":[{"name":"wp","href":"https:\/\/api.w.org\/{rel}","templated":true}]}}