{"id":22747,"date":"2015-09-17T11:11:37","date_gmt":"2015-09-17T09:11:37","guid":{"rendered":"http:\/\/www.invarena.cz\/?p=22747"},"modified":"2015-09-17T11:40:55","modified_gmt":"2015-09-17T09:40:55","slug":"poskytovatele-socialnich-sluzeb-v-breclavi-se-boji-ze-skonci-kvuli-penezum","status":"publish","type":"post","link":"https:\/\/www.invarena.cz\/?p=22747","title":{"rendered":"Poskytovatel\u00e9 soci\u00e1ln\u00edch slu\u017eeb v B\u0159eclavi se boj\u00ed, \u017ee skon\u010d\u00ed. Kv\u016fli pen\u011bz\u016fm"},"content":{"rendered":"<p><strong>Vzru\u0161en\u00e1 debata prov\u00e1zela pond\u011bln\u00ed hlasov\u00e1n\u00ed b\u0159eclavsk\u00fdch zastupitel\u016f \u2028o\u00a0podob\u011b minim\u00e1ln\u00ed s\u00edt\u011b soci\u00e1ln\u00edch slu\u017eeb ve m\u011bst\u011b pro p\u0159\u00ed\u0161t\u00ed rok. P\u0159i\u0161li sluchov\u011b posti\u017een\u00ed i\u00a0dal\u0161\u00ed p\u0159\u00edjemci t\u011bchto slu\u017eeb. Z\u00a0obavy, co je\u00a0\u010dek\u00e1.<\/strong><!--more--><\/p>\n<div class=\"dv3-clanek-content-left bbtext\">\n<p>ilustra\u010dn\u00ed foto: atp_tyreseus Flickr.com<\/p>\n<p>&nbsp;<\/p>\n<p>P\u0159echod agendy z\u00a0ministerstva pr\u00e1ce a soci\u00e1ln\u00edch v\u011bc\u00ed na kraje toti\u017e znamen\u00e1 velk\u00e9 zm\u011bny v\u00a0p\u0159erozd\u011blov\u00e1n\u00ed dotac\u00ed. \u201eKraj nut\u00ed obce, aby se jasn\u011b a rychle vyj\u00e1d\u0159ily, jak\u00e9 soci\u00e1ln\u00ed slu\u017eby pot\u0159ebuj\u00ed a jak\u00e9 ne. Bude to daleko tvrd\u0161\u00ed ne\u017e to bylo. Ka\u017ed\u00fd bude muset obh\u00e1jit svoji pot\u0159ebnost,&#8220; uvedl m\u00edstostarosta m\u011bsta Jaroslav V\u00e1lka (\u010cSSD).<\/p>\n<p>B\u0159eclav\u0161t\u00ed radn\u00ed se nakonec rozhodli ze \u0161k\u00e1ly zhruba dvou des\u00edtek organizac\u00ed pln\u011b podpo\u0159it jen Remedii a charitu, kter\u00fdm zvedli p\u0159\u00edsp\u011bvek v\u00a0sou\u010dtu o\u00a0dva miliony korun. Naproti tomu b\u0159eclavsk\u00e9 TyfloCentrum pro nevidom\u00e9, spolek nesly\u0161\u00edc\u00edch a IQ Roma servis se musej\u00ed pro p\u0159\u00ed\u0161t\u00ed rok spokojit od m\u011bsta shodn\u011b jen s\u00a0dvaceti tis\u00edci. \u201ePokud n\u00e1s nepodpo\u0159\u00ed kraj, nebude mo\u017en\u00e9 tuto slu\u017ebu d\u00e1le provozovat,&#8220; reagovala na zastupitelstvu soci\u00e1ln\u00ed pracovnice TyfloCentra Elena V\u00fdtiskov\u00e1.<\/p>\n<p>Podepisuj\u00ed petici<\/p>\n<p>Obavy o\u00a0p\u0159e\u017eit\u00ed vyj\u00e1d\u0159il tak\u00e9 spolek nesly\u0161\u00edc\u00edch, kter\u00fd za za zachov\u00e1n\u00ed soci\u00e1ln\u00edch slu\u017eeb pro nesly\u0161\u00edc\u00ed dokonce zorganizoval v\u00a0B\u0159eclavi petici. V\u010dera na n\u00ed bylo 175\u00a0podpis\u016f. \u201eM\u011bsto by m\u011blo b\u00fdt garantem toho, aby tyto slu\u017eby ne\u0161ly do kytek,&#8220; zastal se men\u0161\u00edch poskytovatel\u016f soci\u00e1ln\u00edch slu\u017eeb opozi\u010dn\u00ed zastupitel Jakub Matu\u0161ka (Mlad\u00ed a Neklidn\u00ed).<\/p>\n<p>P\u0159idal se i\u00a0Lubo\u0161 Kr\u00e1tk\u00fd \u2028z\u00a0ODS. \u201eP\u0159ekvapilo m\u011b, \u017ee dv\u011bma organizac\u00edm navy\u0161ujeme p\u0159\u00edsp\u011bvek o\u00a0sto procent. Mysl\u00edm, \u017ee na ty men\u0161\u00ed se zapom\u00edn\u00e1,&#8220; zm\u00ednil v\u00a0diskuzi.<\/p>\n<p>P\u0159\u00edmo na charitu pak zac\u00edlila svou kritiku zastupitelka za KS\u010cM Adriana Lehutov\u00e1. \u201eNech\u00e1pu, pro\u010d m\u011bsto podporuje ty, kte\u0159\u00ed maj\u00ed mo\u017enost z\u00edskat pen\u00edze u\u00a0sv\u00fdch mate\u0159sk\u00fdch organizac\u00ed,&#8220; argumentovala s\u00a0odkazem na d\u00edky restituc\u00edm bohatou c\u00edrkev.<\/p>\n<p>V\u00e1lka ale takov\u00e9 \u00favahy odm\u00edtl. \u201eRozhodli jsme se podpo\u0159it ty slu\u017eby, kter\u00e9 ve m\u011bst\u011b a bl\u00edzk\u00fdch obc\u00edch nejv\u00edce pot\u0159ebujeme a nejsme schopn\u00ed je nahradit. Nap\u0159\u00edklad pe\u010dovatelskou slu\u017ebu, kter\u00e1 pom\u00e1h\u00e1 \u0159ad\u011b rodin,&#8220; objasnil v\u00fdb\u011br Remedie a charity,<\/p>\n<p>V\u00a0p\u0159\u00edpad\u011b Tyflocentra, spolku nesly\u0161\u00edc\u00edch a IQ Roma servisu podle n\u011bj dalo m\u011bsto kraji sv\u00fdm hodnocen\u00edm jasn\u011b najevo, \u017ee tyto slu\u017eby pova\u017euje rovn\u011b\u017e za pot\u0159ebn\u00e9. \u201eNicm\u00e9n\u011b rozhodli jsme se je nespolufinancovat v\u00a0pln\u00e9 v\u00fd\u0161i,&#8220; doplnil V\u00e1lka. Pr\u00e1v\u011b z\u00a0toho pramen\u00ed obavy t\u011bchto organizac\u00ed, \u017ee p\u0159ijdou o\u00a0pen\u011b\u017en\u00ed podporu kraje. Podm\u00ednky toti\u017e nejsou zcela jasn\u00e9.<\/p>\n<p>Krajsk\u00e9 zastupitelstvo bude o\u00a0materi\u00e1lu z\u00a0B\u0159eclavi hlasovat u\u017e ve \u010dtvrtek. Zastupitel\u00e9 m\u011bsta ho toti\u017e nakonec schv\u00e1lili. \u201eKdyby nepro\u0161el, znamenalo by to stop financov\u00e1n\u00ed soci\u00e1ln\u00edch slu\u017eeb ve m\u011bst\u011b a okol\u00ed,&#8220; oddechl si m\u00edstostarosta.<\/p>\n<p>Michal \u0160up\u00e1lek<br \/>\nB\u0159eclavsk\u00fd den\u00edk<br \/>\n<a href=\"http:\/\/breclavsky.denik.cz\/zpravy_region\/poskytovatele-socialnich-sluzeb-v-breclavi-se-boji-ze-skonci-kvuli-penezum-20150916.html\">http:\/\/breclavsky.denik.cz\/zpravy_region\/poskytovatele-socialnich-sluzeb-v-breclavi-se-boji-ze-skonci-kvuli-penezum-20150916.html<\/a><\/p>\n<\/div>\n","protected":false},"excerpt":{"rendered":"<div class=\"mh-excerpt\"><p>Vzru\u0161en\u00e1 debata prov\u00e1zela pond\u011bln\u00ed hlasov\u00e1n\u00ed b\u0159eclavsk\u00fdch zastupitel\u016f \u2028o\u00a0podob\u011b minim\u00e1ln\u00ed s\u00edt\u011b soci\u00e1ln\u00edch slu\u017eeb ve m\u011bst\u011b pro p\u0159\u00ed\u0161t\u00ed rok. P\u0159i\u0161li sluchov\u011b posti\u017een\u00ed i\u00a0dal\u0161\u00ed p\u0159\u00edjemci t\u011bchto slu\u017eeb. Z\u00a0obavy, <a class=\"mh-excerpt-more\" href=\"https:\/\/www.invarena.cz\/?p=22747\" title=\"Poskytovatel\u00e9 soci\u00e1ln\u00edch slu\u017eeb v B\u0159eclavi se boj\u00ed, \u017ee skon\u010d\u00ed. Kv\u016fli pen\u011bz\u016fm\">[&#8230;]<\/a><\/p>\n<\/div>","protected":false},"author":1,"featured_media":15037,"comment_status":"open","ping_status":"closed","sticky":false,"template":"","format":"standard","meta":{"footnotes":""},"categories":[1],"tags":[],"class_list":["post-22747","post","type-post","status-publish","format-standard","has-post-thumbnail","hentry","category-nezarazene"],"_links":{"self":[{"href":"https:\/\/www.invarena.cz\/index.php?rest_route=\/wp\/v2\/posts\/22747","targetHints":{"allow":["GET"]}}],"collection":[{"href":"https:\/\/www.invarena.cz\/index.php?rest_route=\/wp\/v2\/posts"}],"about":[{"href":"https:\/\/www.invarena.cz\/index.php?rest_route=\/wp\/v2\/types\/post"}],"author":[{"embeddable":true,"href":"https:\/\/www.invarena.cz\/index.php?rest_route=\/wp\/v2\/users\/1"}],"replies":[{"embeddable":true,"href":"https:\/\/www.invarena.cz\/index.php?rest_route=%2Fwp%2Fv2%2Fcomments&post=22747"}],"version-history":[{"count":0,"href":"https:\/\/www.invarena.cz\/index.php?rest_route=\/wp\/v2\/posts\/22747\/revisions"}],"wp:featuredmedia":[{"embeddable":true,"href":"https:\/\/www.invarena.cz\/index.php?rest_route=\/wp\/v2\/media\/15037"}],"wp:attachment":[{"href":"https:\/\/www.invarena.cz\/index.php?rest_route=%2Fwp%2Fv2%2Fmedia&parent=22747"}],"wp:term":[{"taxonomy":"category","embeddable":true,"href":"https:\/\/www.invarena.cz\/index.php?rest_route=%2Fwp%2Fv2%2Fcategories&post=22747"},{"taxonomy":"post_tag","embeddable":true,"href":"https:\/\/www.invarena.cz\/index.php?rest_route=%2Fwp%2Fv2%2Ftags&post=22747"}],"curies":[{"name":"wp","href":"https:\/\/api.w.org\/{rel}","templated":true}]}}