{"id":22751,"date":"2015-09-17T10:47:44","date_gmt":"2015-09-17T08:47:44","guid":{"rendered":"http:\/\/www.invarena.cz\/?p=22751"},"modified":"2015-09-17T10:47:44","modified_gmt":"2015-09-17T08:47:44","slug":"nemocnice-chrudim-mela-zavinit-ochrnuti-pacientky-soud-ji-proto-prirkl-odskodne-dva-miliony","status":"publish","type":"post","link":"https:\/\/www.invarena.cz\/?p=22751","title":{"rendered":"Nemocnice Chrudim m\u011bla zavinit ochrnut\u00ed pacientky, soud j\u00ed proto p\u0159i\u0159kl od\u0161kodn\u00e9 dva miliony"},"content":{"rendered":"<p><strong>Okresn\u00ed soud v Pardubic\u00edch rozhodl ve prosp\u011bch \u017eeny, kter\u00e1 byla v roce 2008 operov\u00e1na v Nemocnici Chrudim a po z\u00e1kroku j\u00ed kv\u016fli p\u0159eru\u0161en\u00ed nervu ochrnula lev\u00e1 ruka. Soud z\u00e1rove\u0148 Nemocnic\u00edm Pardubick\u00e9ho kraje, pod kter\u00e9 zdej\u0161\u00ed nemocnice spad\u00e1, na\u0159\u00eddil vyplatit \u017een\u011b od\u0161kodn\u00e9 ve v\u00fd\u0161i dvou milion\u016f korun. To se ale nemocnici nel\u00edb\u00ed.<\/strong> <!--more--><\/p>\n<p><a href=\"http:\/\/chrudimskenoviny.cz\/kategorie\/ekonomika\/nemocnice-chrudim-mela-zavinit-ochrnuti-pacientky-soud-ji-proto-prirkl-odskodne-\">CEL\u00dd \u010cL\u00c1NEK ZDE<\/a><\/p>\n<p>chrudimskenoviny.cz<br \/>\nilustra\u010dn\u00ed foto: Adam-Ciesielski-sxc.hu<\/p>\n","protected":false},"excerpt":{"rendered":"<div class=\"mh-excerpt\"><p>Okresn\u00ed soud v Pardubic\u00edch rozhodl ve prosp\u011bch \u017eeny, kter\u00e1 byla v roce 2008 operov\u00e1na v Nemocnici Chrudim a po z\u00e1kroku j\u00ed kv\u016fli p\u0159eru\u0161en\u00ed nervu ochrnula <a class=\"mh-excerpt-more\" href=\"https:\/\/www.invarena.cz\/?p=22751\" title=\"Nemocnice Chrudim m\u011bla zavinit ochrnut\u00ed pacientky, soud j\u00ed proto p\u0159i\u0159kl od\u0161kodn\u00e9 dva miliony\">[&#8230;]<\/a><\/p>\n<\/div>","protected":false},"author":1,"featured_media":14511,"comment_status":"open","ping_status":"closed","sticky":false,"template":"","format":"standard","meta":{"footnotes":""},"categories":[11],"tags":[],"class_list":["post-22751","post","type-post","status-publish","format-standard","has-post-thumbnail","hentry","category-zdravi"],"_links":{"self":[{"href":"https:\/\/www.invarena.cz\/index.php?rest_route=\/wp\/v2\/posts\/22751","targetHints":{"allow":["GET"]}}],"collection":[{"href":"https:\/\/www.invarena.cz\/index.php?rest_route=\/wp\/v2\/posts"}],"about":[{"href":"https:\/\/www.invarena.cz\/index.php?rest_route=\/wp\/v2\/types\/post"}],"author":[{"embeddable":true,"href":"https:\/\/www.invarena.cz\/index.php?rest_route=\/wp\/v2\/users\/1"}],"replies":[{"embeddable":true,"href":"https:\/\/www.invarena.cz\/index.php?rest_route=%2Fwp%2Fv2%2Fcomments&post=22751"}],"version-history":[{"count":0,"href":"https:\/\/www.invarena.cz\/index.php?rest_route=\/wp\/v2\/posts\/22751\/revisions"}],"wp:featuredmedia":[{"embeddable":true,"href":"https:\/\/www.invarena.cz\/index.php?rest_route=\/wp\/v2\/media\/14511"}],"wp:attachment":[{"href":"https:\/\/www.invarena.cz\/index.php?rest_route=%2Fwp%2Fv2%2Fmedia&parent=22751"}],"wp:term":[{"taxonomy":"category","embeddable":true,"href":"https:\/\/www.invarena.cz\/index.php?rest_route=%2Fwp%2Fv2%2Fcategories&post=22751"},{"taxonomy":"post_tag","embeddable":true,"href":"https:\/\/www.invarena.cz\/index.php?rest_route=%2Fwp%2Fv2%2Ftags&post=22751"}],"curies":[{"name":"wp","href":"https:\/\/api.w.org\/{rel}","templated":true}]}}