{"id":22755,"date":"2015-09-18T14:44:06","date_gmt":"2015-09-18T12:44:06","guid":{"rendered":"http:\/\/www.invarena.cz\/?p=22755"},"modified":"2015-09-18T14:44:06","modified_gmt":"2015-09-18T12:44:06","slug":"louny-proziji-den-bez-barier","status":"publish","type":"post","link":"https:\/\/www.invarena.cz\/?p=22755","title":{"rendered":"Louny pro\u017eij\u00ed Den bez bari\u00e9r"},"content":{"rendered":"<p><strong>V\u00fdjime\u010dn\u00fd den, Den bez bari\u00e9r, se uskute\u010dn\u00ed v Lounech u\u017e p\u0159\u00ed\u0161t\u00ed p\u00e1tek, 25. z\u00e1\u0159\u00ed. Ka\u017ed\u00fd z\u00e1jemce si p\u0159i n\u011bm bude krom\u011b jin\u00e9ho moci vyzkou\u0161et jak\u00e9 to je, pohybovat se na voz\u00ed\u010dku nebo s jin\u00fdm pomocn\u00fdm prvkem p\u0159i pohybov\u00e9m hendikepu.<\/strong><!--more--><\/p>\n<p>Pro z\u00e1jemce budou p\u0159ipraveny jednotliv\u00e9 zaj\u00edmav\u00e9 a snad i z\u00e1bavn\u00e9 \u00fakoly s malou p\u0159\u00edjemnou odm\u011bnou za jejich spln\u011bn\u00ed.<\/p>\n<p>K p\u0159\u00edle\u017eitosti takto v\u00fdznamn\u00e9ho dne bude p\u0159edstaven i nov\u00fd pomocn\u00edk a pr\u016fvodce m\u011bstem z hlediska p\u0159\u00edstupnosti \u2013 Atlas p\u0159\u00edstupnosti objekt\u016f na \u00fazem\u00ed m\u011bsta Loun. Ten byl zpracov\u00e1n v pr\u016fb\u011bhu leto\u0161n\u00edho roku.<\/p>\n<p>Pozv\u00e1n\u00ed na jist\u011b zaj\u00edmav\u00e9 p\u00e1te\u010dn\u00ed setk\u00e1n\u00ed p\u0159ijala i Zde\u0148ka Moc\u0148\u00e1kov\u00e1, kter\u00e1 je p\u0159edsedkyn\u00ed okresn\u00ed organizace v Lounech, Svazu t\u011blesn\u011b posti\u017een\u00fdch v \u010cesk\u00e9 republice. S pan\u00ed Zde\u0148kou si budete moci popov\u00eddat o t\u011blesn\u00e9m hendikepu. Den bez bari\u00e9r se uskute\u010dn\u00ed p\u0159\u00edmo na centr\u00e1ln\u00edm M\u00edrov\u00e9m n\u00e1m\u011bst\u00ed. Dopoledne, od 11 hodin, bude program ur\u010den pro \u0161koly, odpoledne, od 14 hodin, pro \u0161irokou ve\u0159ejnost.<\/p>\n<p>Blanka Tom\u00e1\u0161kov\u00e1<br \/>\n\u017dateck\u00fd a lounsk\u00fd den\u00edk<br \/>\n<a href=\"http:\/\/www.zatecky.denik.cz\/\">http:\/\/www.zatecky.denik.cz\/<\/a><\/p>\n","protected":false},"excerpt":{"rendered":"<div class=\"mh-excerpt\"><p>V\u00fdjime\u010dn\u00fd den, Den bez bari\u00e9r, se uskute\u010dn\u00ed v Lounech u\u017e p\u0159\u00ed\u0161t\u00ed p\u00e1tek, 25. z\u00e1\u0159\u00ed. Ka\u017ed\u00fd z\u00e1jemce si p\u0159i n\u011bm bude krom\u011b jin\u00e9ho moci vyzkou\u0161et jak\u00e9 <a class=\"mh-excerpt-more\" href=\"https:\/\/www.invarena.cz\/?p=22755\" title=\"Louny pro\u017eij\u00ed Den bez bari\u00e9r\">[&#8230;]<\/a><\/p>\n<\/div>","protected":false},"author":1,"featured_media":13212,"comment_status":"open","ping_status":"closed","sticky":false,"template":"","format":"standard","meta":{"footnotes":""},"categories":[9],"tags":[],"class_list":["post-22755","post","type-post","status-publish","format-standard","has-post-thumbnail","hentry","category-zpravy"],"_links":{"self":[{"href":"https:\/\/www.invarena.cz\/index.php?rest_route=\/wp\/v2\/posts\/22755","targetHints":{"allow":["GET"]}}],"collection":[{"href":"https:\/\/www.invarena.cz\/index.php?rest_route=\/wp\/v2\/posts"}],"about":[{"href":"https:\/\/www.invarena.cz\/index.php?rest_route=\/wp\/v2\/types\/post"}],"author":[{"embeddable":true,"href":"https:\/\/www.invarena.cz\/index.php?rest_route=\/wp\/v2\/users\/1"}],"replies":[{"embeddable":true,"href":"https:\/\/www.invarena.cz\/index.php?rest_route=%2Fwp%2Fv2%2Fcomments&post=22755"}],"version-history":[{"count":0,"href":"https:\/\/www.invarena.cz\/index.php?rest_route=\/wp\/v2\/posts\/22755\/revisions"}],"wp:featuredmedia":[{"embeddable":true,"href":"https:\/\/www.invarena.cz\/index.php?rest_route=\/wp\/v2\/media\/13212"}],"wp:attachment":[{"href":"https:\/\/www.invarena.cz\/index.php?rest_route=%2Fwp%2Fv2%2Fmedia&parent=22755"}],"wp:term":[{"taxonomy":"category","embeddable":true,"href":"https:\/\/www.invarena.cz\/index.php?rest_route=%2Fwp%2Fv2%2Fcategories&post=22755"},{"taxonomy":"post_tag","embeddable":true,"href":"https:\/\/www.invarena.cz\/index.php?rest_route=%2Fwp%2Fv2%2Ftags&post=22755"}],"curies":[{"name":"wp","href":"https:\/\/api.w.org\/{rel}","templated":true}]}}