{"id":22757,"date":"2015-09-17T11:22:27","date_gmt":"2015-09-17T09:22:27","guid":{"rendered":"http:\/\/www.invarena.cz\/?p=22757"},"modified":"2015-09-17T11:22:27","modified_gmt":"2015-09-17T09:22:27","slug":"na-kopci-cekalo-devatenact-medaili","status":"publish","type":"post","link":"https:\/\/www.invarena.cz\/?p=22757","title":{"rendered":"Na kopci \u010dekalo devaten\u00e1ct medail\u00ed"},"content":{"rendered":"<p><strong>Vrcholem ka\u017ed\u00e9 atletick\u00e9 sezony je Mistrovstv\u00ed \u010cesk\u00e9 republiky. Na tomto &#8222;kopci&#8220; se v\u011bt\u0161inou tak\u00e9 rozhoduje, zda bude n\u011bkdo reprezentovat je\u0161t\u011b na vy\u0161\u0161\u00ed \u00farovni. Porovnat se s dom\u00e1c\u00ed konkurenc\u00ed b\u00fdv\u00e1 pro v\u011bt\u0161inu atlet\u016f to nejv\u00edc, co mohou dok\u00e1zat.<\/strong> <!--more--><\/p>\n<p>Pardubice \u2013 V Olomouci se konalo mezin\u00e1rodn\u00ed mistrovstv\u00ed v atletice handicapovan\u00fdch a borci z Hv\u011bzda SKP Pardubice byli hodn\u011b vid\u011bt.<\/p>\n<p>Na Hanou vyrazila deseti\u010dlenn\u00e1 skupina. V kraji syre\u010dk\u016f pak jej\u00ed osazenstvo z\u00edskalo p\u011bt mezin\u00e1rodn\u00edch medail\u00ed a hned \u010dtrn\u00e1ct n\u00e1rodn\u00edch cenn\u00fdch kov\u016f. Z to bylo \u0161est mistrovsk\u00fdch titul\u016f.<\/p>\n<p>Mnoho discipl\u00edn bylo vyhl\u00e1\u0161eno s poslu\u010dovan\u00fdmi kategoriemi, tak\u017ee o v\u00fdsledku nakonec nerozhodovala jen vzd\u00e1lenost, ale i p\u0159epo\u010dtov\u00e9 koeficienty.<\/p>\n<p>\u010ceskou jedni\u010dkou ve sprintech a b\u011bz\u00edch se stal spastik Old\u0159ich Brych, kter\u00fd posb\u00edral prvn\u00ed p\u0159\u00ed\u010dky v r\u00e1mci \u010desk\u00e9 konkurence v b\u011bhu na 200 m (28,98 s), 400 m (1:17,16 min) i 800m(2:38,32 min). Dv\u011b mezin\u00e1rodn\u00ed medaile a prvenstv\u00ed v o\u0161t\u011bpu si z Olomouce odvezl voz\u00ed\u010dk\u00e1\u0159 Jan N\u011bme\u010dek, za v\u00fdkon 18,71 m. K tomuto zlatu p\u0159idal je\u0161t\u011b st\u0159\u00edbro ve vrhu koul\u00ed, za v\u00fdkon 7,36 m. Dal\u0161\u00edm medailistou na voz\u00edku se stal Leo\u0161 Krou\u017eel, kter\u00fd zv\u00edt\u011bzil v hodu o\u0161t\u011bpem v\u00fdkonem 8,43 m. Nav\u00edc skon\u010dil \u010dtvrt\u00fd v hodu diskem, v osobn\u00edm rekordu 9,47 m.<\/p>\n<p>Velkou radost zp\u016fsobil nov\u00fd \u010desk\u00fd rekord v hodu diskem amput\u00e1\u0159e Jaroslava Petrou\u0161e. Ten si zlat\u00fdm v\u00fdkonem 38,43 m vybojoval \u00fa\u010dast na leto\u0161n\u00edm MS v Kataru. Mezi \u017eenami p\u0159\u00edkladn\u011b reprezentovala Hv\u011bzdu spasti\u010dka Vendula P\u00edsa\u0159\u00edkov\u00e1, kter\u00e1 do Pardubic vezla dv\u011b bronzov\u00e9 medaile (z hodu diskem v\u00fdkonem 4,68 m a z hodu ku\u017eelkou 10,40 m). Ve vrhu koul\u00ed byla v\u00fdkonem 2,64 m \u010dtvrt\u00e1. T\u0159et\u00ed p\u0159\u00ed\u010dku si vybojoval amput\u00e1\u0159 Luk\u00e1\u0161 \u0160t\u011bpj\u00e1k, v\u00fdkonem 13,57 m v hodu o\u0161t\u011bpem a \u010dtvrt\u00fd byl v disku, v\u00fdkonem 20,74 m.<\/p>\n<p>V nejnap\u00ednav\u011bj\u0161\u00ed z\u00e1vod se prom\u011bnil hod ku\u017eelkou \u2013 kvadruplegik\u016f. Hv\u011bzda vyslala do boj\u016f hned kvarteto. Nejv\u00fd\u0161e, a to na t\u0159et\u00ed m\u00edsto, se vyhoupl Jan Van\u011bk, v nejlep\u0161\u00edm leto\u0161n\u00edm maximu 24,80 m. Za n\u00edm skon\u010dil Michal Enge (22,56 m), p\u00e1tou p\u0159\u00ed\u010dku obsadil Martin Zach (22,23 m) a \u0161est\u00fd byl Petr Veseck\u00fd (20,99 m). V\u0161echny tyto v\u00fdkony jsou lep\u0161\u00ed A limitu na MS. Reprezentovat na\u0161\u00ed republiku v\u0161ak mohou maxim\u00e1ln\u011b t\u0159i. V z\u00e1vod\u011b kvadruplegik\u016f v hodu diskem si Petr Veseck\u00fd zlep\u0161il osobn\u00ed maximum o t\u0159icet centimetr\u016f na 8,56 m. Jan Van\u011bk p\u0159edvedl slu\u0161n\u00fdch 7,63 metru.<\/p>\n<p>Pardubick\u00fd den\u00edk<br \/>\n<a href=\"http:\/\/pardubicky.denik.cz\/\">http:\/\/pardubicky.denik.cz\/<\/a><\/p>\n","protected":false},"excerpt":{"rendered":"<div class=\"mh-excerpt\"><p>Vrcholem ka\u017ed\u00e9 atletick\u00e9 sezony je Mistrovstv\u00ed \u010cesk\u00e9 republiky. Na tomto &#8222;kopci&#8220; se v\u011bt\u0161inou tak\u00e9 rozhoduje, zda bude n\u011bkdo reprezentovat je\u0161t\u011b na vy\u0161\u0161\u00ed \u00farovni. Porovnat se <a class=\"mh-excerpt-more\" href=\"https:\/\/www.invarena.cz\/?p=22757\" title=\"Na kopci \u010dekalo devaten\u00e1ct medail\u00ed\">[&#8230;]<\/a><\/p>\n<\/div>","protected":false},"author":1,"featured_media":7022,"comment_status":"open","ping_status":"closed","sticky":false,"template":"","format":"standard","meta":{"footnotes":""},"categories":[9],"tags":[],"class_list":["post-22757","post","type-post","status-publish","format-standard","has-post-thumbnail","hentry","category-zpravy"],"_links":{"self":[{"href":"https:\/\/www.invarena.cz\/index.php?rest_route=\/wp\/v2\/posts\/22757","targetHints":{"allow":["GET"]}}],"collection":[{"href":"https:\/\/www.invarena.cz\/index.php?rest_route=\/wp\/v2\/posts"}],"about":[{"href":"https:\/\/www.invarena.cz\/index.php?rest_route=\/wp\/v2\/types\/post"}],"author":[{"embeddable":true,"href":"https:\/\/www.invarena.cz\/index.php?rest_route=\/wp\/v2\/users\/1"}],"replies":[{"embeddable":true,"href":"https:\/\/www.invarena.cz\/index.php?rest_route=%2Fwp%2Fv2%2Fcomments&post=22757"}],"version-history":[{"count":0,"href":"https:\/\/www.invarena.cz\/index.php?rest_route=\/wp\/v2\/posts\/22757\/revisions"}],"wp:featuredmedia":[{"embeddable":true,"href":"https:\/\/www.invarena.cz\/index.php?rest_route=\/wp\/v2\/media\/7022"}],"wp:attachment":[{"href":"https:\/\/www.invarena.cz\/index.php?rest_route=%2Fwp%2Fv2%2Fmedia&parent=22757"}],"wp:term":[{"taxonomy":"category","embeddable":true,"href":"https:\/\/www.invarena.cz\/index.php?rest_route=%2Fwp%2Fv2%2Fcategories&post=22757"},{"taxonomy":"post_tag","embeddable":true,"href":"https:\/\/www.invarena.cz\/index.php?rest_route=%2Fwp%2Fv2%2Ftags&post=22757"}],"curies":[{"name":"wp","href":"https:\/\/api.w.org\/{rel}","templated":true}]}}