{"id":22765,"date":"2015-09-17T23:20:41","date_gmt":"2015-09-17T21:20:41","guid":{"rendered":"http:\/\/www.invarena.cz\/?p=22765"},"modified":"2015-09-17T23:20:41","modified_gmt":"2015-09-17T21:20:41","slug":"karlovarsky-kraj-by-konecne-mohl-mit-vlastni-hospic-v-nejdku","status":"publish","type":"post","link":"https:\/\/www.invarena.cz\/?p=22765","title":{"rendered":"Karlovarsk\u00fd kraj by kone\u010dn\u011b mohl m\u00edt vlastn\u00ed hospic, v Nejdku"},"content":{"rendered":"<p><strong>Karlovarsk\u00fd kraj by mohl m\u00edt kone\u010dn\u011b vlastn\u00ed kamenn\u00fd hospic. Vzniknout by podle pl\u00e1nu Karlovarsk\u00e9ho kraje mohl v Za\u0159\u00edzen\u00ed n\u00e1sledn\u00e9 rehabilita\u010dn\u00ed a hospicov\u00e9 p\u00e9\u010de Nejdek (REHOS).<\/strong><!--more--><\/p>\n<p> Podle studie by m\u011bl st\u00e1t asi 70 milion\u016f korun, \u0159ekl dnes \u010cTK karlovarsk\u00fd hejtman Martin Havel (\u010cSSD) p\u0159i otev\u0159en\u00ed nov\u011b vybudovan\u00e9 odpo\u010dinkov\u00e9 z\u00f3ny v nejdeck\u00e9m za\u0159\u00edzen\u00ed.<br \/>\n    &#8222;Zat\u00edm je to ve f\u00e1zi studie. Je to zat\u00edm p\u0159ed projektem a my se budeme sna\u017eit prosadit do rozpo\u010dtu pot\u0159ebn\u00e9 prost\u0159edky na jeho stavbu. Mysl\u00edme si, \u017ee kamenn\u00fd hospic je skute\u010dn\u011b t\u0159eba a dlu\u017e\u00edme to lidem,&#8220; \u0159ekl Havel.<br \/>\n    REHOS, kter\u00fd u\u017e nyn\u00ed provozuje 12 hospicov\u00fdch l\u016f\u017eek, je jedna z m\u00e1la p\u0159\u00edsp\u011bvkov\u00fdch organizac\u00ed kraje, kter\u00e9 si provozn\u011b vysta\u010d\u00ed bez krajsk\u00e9ho p\u0159\u00edsp\u011bvku. Proto je podle hejtmana i re\u00e1ln\u00e1 \u0161ance, \u017ee by i hospic mohl fungovat bez n\u00e1kladn\u00e9 provozn\u00ed dotace od kraje. Z\u00e1le\u017eet ale podle n\u011bj bude na jedn\u00e1n\u00ed se zdravotn\u00edmi poji\u0161\u0165ovnami.<br \/>\n    Podle projektu by nov\u00e1 budova v are\u00e1lu nejdeck\u00e9 l\u00e9\u010debny m\u011bla nab\u00eddnout 23 l\u016f\u017eek pro nevyl\u00e9\u010diteln\u00e9 pacienty. P\u0159est\u011bhovala by se do n\u011bj i l\u016f\u017eka, kterou jsou zat\u00edm v hlavn\u00ed budov\u011b, \u0159ekla dnes \u0159editelka REHOS Olga Pokorn\u00e1.<br \/>\n    L\u00e9\u010debna, kdysi zn\u00e1m\u00e1 sp\u00ed\u0161e jako m\u00edsto, odkud se po sv\u00fdch neodch\u00e1z\u00ed, pro\u0161la v posledn\u00edch letech radik\u00e1ln\u00ed p\u0159em\u011bnou. &#8222;Zat\u00edmco d\u0159\u00edve zde byli pacienti i roky a dokonce i osm let, nyn\u00ed jsou u n\u00e1s v \u0159\u00e1dech t\u00fddn\u016f a pak se vrac\u00ed dom\u016f,&#8220; uvedla Pokorn\u00e1.<br \/>\n    L\u00e9\u010debna si dok\u00e1\u017ee vyd\u011blat i na sv\u016fj rozvoj. Dnes otev\u0159en\u00e9 centrum aktivn\u00edho odpo\u010dinku s hrac\u00edmi a posilovac\u00edmi prvky st\u00e1lo 3,5 milionu, p\u0159i\u010dem\u017e kraj p\u0159isp\u011bl jen 300.000 korun.<br \/>\n    Karlovarsk\u00fd kraj je jedn\u00edm ze dvou kraj\u016f, kter\u00e9 nemaj\u00ed st\u00e1l\u00e9 hospicov\u00e9 za\u0159\u00edzen\u00ed. Funguje zde takzvan\u00fd mobiln\u00ed hospic, kdy zdravotni\u010dt\u00ed a soci\u00e1ln\u00ed pracovn\u00edci doj\u00ed\u017ed\u011bj\u00ed za pacienty dom\u016f.<br \/>\n    Podle n\u00e1m\u011bstka hejtmana Karlovarsk\u00e9ho kraje Jakuba P\u00e1nika (\u010cSSD) se ale r\u00fdsuje i mo\u017enost vzniku hospice na Chebsku. Z\u00e1jem o jeho vznik projevil \u0159\u00e1d Milosrdn\u00fdch sester, kter\u00fd ve spolupr\u00e1ci s krajem a m\u011bsty na Chebsku hled\u00e1 vhodn\u00fd pozemek.<\/p>\n","protected":false},"excerpt":{"rendered":"<div class=\"mh-excerpt\"><p>Karlovarsk\u00fd kraj by mohl m\u00edt kone\u010dn\u011b vlastn\u00ed kamenn\u00fd hospic. Vzniknout by podle pl\u00e1nu Karlovarsk\u00e9ho kraje mohl v Za\u0159\u00edzen\u00ed n\u00e1sledn\u00e9 rehabilita\u010dn\u00ed a hospicov\u00e9 p\u00e9\u010de Nejdek (REHOS).<\/p>\n<\/div>","protected":false},"author":1,"featured_media":0,"comment_status":"open","ping_status":"closed","sticky":false,"template":"","format":"standard","meta":{"footnotes":""},"categories":[9],"tags":[],"class_list":["post-22765","post","type-post","status-publish","format-standard","hentry","category-zpravy"],"_links":{"self":[{"href":"https:\/\/www.invarena.cz\/index.php?rest_route=\/wp\/v2\/posts\/22765","targetHints":{"allow":["GET"]}}],"collection":[{"href":"https:\/\/www.invarena.cz\/index.php?rest_route=\/wp\/v2\/posts"}],"about":[{"href":"https:\/\/www.invarena.cz\/index.php?rest_route=\/wp\/v2\/types\/post"}],"author":[{"embeddable":true,"href":"https:\/\/www.invarena.cz\/index.php?rest_route=\/wp\/v2\/users\/1"}],"replies":[{"embeddable":true,"href":"https:\/\/www.invarena.cz\/index.php?rest_route=%2Fwp%2Fv2%2Fcomments&post=22765"}],"version-history":[{"count":0,"href":"https:\/\/www.invarena.cz\/index.php?rest_route=\/wp\/v2\/posts\/22765\/revisions"}],"wp:attachment":[{"href":"https:\/\/www.invarena.cz\/index.php?rest_route=%2Fwp%2Fv2%2Fmedia&parent=22765"}],"wp:term":[{"taxonomy":"category","embeddable":true,"href":"https:\/\/www.invarena.cz\/index.php?rest_route=%2Fwp%2Fv2%2Fcategories&post=22765"},{"taxonomy":"post_tag","embeddable":true,"href":"https:\/\/www.invarena.cz\/index.php?rest_route=%2Fwp%2Fv2%2Ftags&post=22765"}],"curies":[{"name":"wp","href":"https:\/\/api.w.org\/{rel}","templated":true}]}}