{"id":22769,"date":"2015-09-18T11:06:24","date_gmt":"2015-09-18T09:06:24","guid":{"rendered":"http:\/\/www.invarena.cz\/?p=22769"},"modified":"2015-09-18T11:06:24","modified_gmt":"2015-09-18T09:06:24","slug":"michaela-marksova-navyseni-duchodu-o-par-korun-bych-povazovala-za-vysmech","status":"publish","type":"post","link":"https:\/\/www.invarena.cz\/?p=22769","title":{"rendered":"Michaela Marksov\u00e1: Nav\u00fd\u0161en\u00ed d\u016fchod\u016f o p\u00e1r korun bych pova\u017eovala za v\u00fdsm\u011bch"},"content":{"rendered":"<p><strong>Ministerstvo pr\u00e1ce a soci\u00e1ln\u00edch v\u011bc\u00ed pracuje na n\u00e1vrhu d\u016fstojn\u00e9 valorizace penz\u00ed v roce 2016 pro v\u00edce ne\u017e 2,8 milionu d\u016fchodc\u016f.<\/strong><!--more--><\/p>\n<p>Kv\u016fli n\u00edzk\u00e9mu r\u016fstu spot\u0159ebitelsk\u00fdch cen a re\u00e1ln\u00fdch mezd, na z\u00e1klad\u011b kter\u00e9ho by se podle platn\u00e9 legislativy zv\u00fd\u0161ily d\u016fchody pro p\u0159\u00ed\u0161t\u00ed rok o pouh\u00e9 \u010dty\u0159i des\u00edtky korun, se koalice dohodla na dal\u0161\u00edm nav\u00fd\u0161en\u00ed jednor\u00e1zov\u00e9ho p\u0159\u00edsp\u011bvku d\u016fchodci o 900 korun. Za ka\u017ed\u00fd jednotliv\u00fd m\u011bs\u00edc v roce se tak v\u0161echny penze zv\u00fd\u0161\u00ed o 115 korun.<\/p>\n<p>Pr\u00e1v\u011b toto je \u010d\u00e1stka, se kterou p\u016fvodn\u011b po\u010d\u00edtala automatick\u00e1 valorizace. Jednalo by se ale o \u010d\u00e1stku pr\u016fm\u011brnou, tak\u017ee lid\u00e9 s ni\u017e\u0161\u00edmi d\u016fchody by dostali m\u00e9n\u011b. <\/p>\n<p>Z\u00e1kon o d\u016fchodov\u00e9m poji\u0161t\u011bn\u00ed stanov\u00ed, \u017ee pro zv\u00fd\u0161en\u00ed d\u016fchod\u016f v pravideln\u00e9m term\u00ednu od ledna se valorizace ur\u010duje podle \u00fadaj\u016f \u010cesk\u00e9ho statistick\u00e9ho \u00fa\u0159adu. U pr\u016fm\u011brn\u00e9ho starobn\u00edho d\u016fchodu zv\u00fd\u0161en\u00ed \u010din\u00ed \u010d\u00e1stku odpov\u00eddaj\u00edc\u00ed 100 % r\u016fstu \u00fahrnn\u00e9ho indexu spot\u0159ebitelsk\u00fdch cen a d\u00e1le t\u00e9\u017e \u010d\u00e1stku odpov\u00eddaj\u00edc\u00ed jedn\u00e9 t\u0159etin\u011b r\u016fstu re\u00e1ln\u00fdch mezd. Z\u00e1kon tyto parametry p\u0159esn\u011b a v\u00fdslovn\u011b stanovuje a neumo\u017e\u0148uje \u017e\u00e1dn\u00e9 jin\u00e9 ne\u017e takto vypo\u010dten\u00e9 zv\u00fd\u0161en\u00ed d\u016fchod\u016f. Podle hodnot, kter\u00e9 v z\u00e1\u0159\u00ed zve\u0159ejnil \u010cesk\u00fd statistick\u00fd \u00fa\u0159ad, by tak do\u0161lo k nav\u00fd\u0161en\u00ed d\u016fchod\u016f v roce 2016 o pouh\u00fdch 40 korun. <\/p>\n<p>\u201eZv\u00fd\u0161en\u00ed d\u016fchod\u016f o p\u00e1r korun bych pova\u017eovala za v\u00fdsm\u011bch zejm\u00e9na senior\u016fm, kte\u0159\u00ed cel\u00fd \u017eivot poctiv\u011b pracovali. Ministerstvo pr\u00e1ce a soci\u00e1ln\u00edch v\u011bc\u00ed na ja\u0159e leto\u0161n\u00edho roku p\u0159i\u0161lo s n\u00e1vrhem na garantovan\u00e9 zv\u00fd\u0161en\u00ed d\u016fchod\u016f v pr\u016fm\u011bru o 200 korun obdobn\u011b, jako tomu bylo pro leto\u0161n\u00ed rok. Tento n\u00e1vrh ale nepodpo\u0159ilo ministerstvo financ\u00ed. Sou\u010dasnou koali\u010dn\u00ed dohodu tak pova\u017euji za kompromisn\u00ed \u0159e\u0161en\u00ed,\u201c uvedla ministryn\u011b pr\u00e1ce a soci\u00e1ln\u00edch v\u011bc\u00ed Michaela Marksov\u00e1. <\/p>\n<p>Na ja\u0159e leto\u0161n\u00edho roku podle jej\u00edch slov vl\u00e1da po diskuzi nakonec schv\u00e1lila n\u00e1vrh na v\u00fdplatu jednor\u00e1zov\u00e9ho p\u0159\u00edsp\u011bvku v\u0161em d\u016fchodc\u016fm ve v\u00fd\u0161i 600 korun v celkov\u00e9 v\u00fd\u0161i 1,7 miliardy korun s c\u00edlem vyplatit jej v prosinci tohoto roku. K tomu, aby mohl b\u00fdt jednor\u00e1zov\u00fd p\u0159\u00edsp\u011bvek d\u016fchodc\u016fm skute\u010dn\u011b vyplacen, bylo nezbytn\u00e9, aby byl n\u00e1vrh z\u00e1kona v poslaneck\u00e9 sn\u011bmovn\u011b schv\u00e1len v re\u017eimu jednoho \u010dten\u00ed. Tento postup ov\u0161em zablokovaly opozi\u010dn\u00ed strany ODS a TOP09. <\/p>\n<p>Aby se senior\u016fm vykompenzovala n\u00edzk\u00e1 valorizace, dohodla se nyn\u00ed koalice na dal\u0161\u00edm nav\u00fd\u0161en\u00ed jednor\u00e1zov\u00e9ho p\u0159\u00edsp\u011bvku d\u016fchodci, a to vzhledem k rozpo\u010dtov\u00fdm mo\u017enostem o dal\u0161\u00edch 300 korun. Jednor\u00e1zov\u00fd p\u0159\u00edsp\u011bvek v celkov\u00e9 v\u00fd\u0161i 900 korun bude vyplacen v\u0161em lidem, kte\u0159\u00ed pob\u00edraj\u00ed d\u016fchod, v \u00fanoru. Pro v\u0161echny ty, kte\u0159\u00ed pob\u00edraj\u00ed d\u016fchod, to bude spolu se z\u00e1konnou valorizac\u00ed znamenat m\u011bs\u00ed\u010dn\u00ed nav\u00fd\u0161en\u00ed o 115 korun. Tato \u010d\u00e1stka bude pro v\u0161echny stejn\u00e1. <\/p>\n<p>Nav\u00fd\u0161en\u00ed o 300 korun znamen\u00e1 zv\u00fd\u0161en\u00ed n\u00e1klad\u016f ze st\u00e1tn\u00edho rozpo\u010dtu o 0,85 miliardy korun, celkov\u011b tak vl\u00e1da na nav\u00fd\u0161en\u00ed penz\u00ed v roce 2016 vy\u010dlen\u00ed 3,85 miliardy korun. P\u016fvodn\u00ed n\u00e1vrh MPSV po\u010d\u00edtal s nav\u00fd\u0161en\u00edm prost\u0159edk\u016f na d\u016fchody o 5,5 miliardy korun. <\/p>\n<p>Petr Hab\u00e1\u0148<br \/>\ntiskov\u00fd mluv\u010d\u00ed MPSV<\/p>\n","protected":false},"excerpt":{"rendered":"<div class=\"mh-excerpt\"><p>Ministerstvo pr\u00e1ce a soci\u00e1ln\u00edch v\u011bc\u00ed pracuje na n\u00e1vrhu d\u016fstojn\u00e9 valorizace penz\u00ed v roce 2016 pro v\u00edce ne\u017e 2,8 milionu d\u016fchodc\u016f.<\/p>\n<\/div>","protected":false},"author":1,"featured_media":16410,"comment_status":"open","ping_status":"closed","sticky":false,"template":"","format":"standard","meta":{"footnotes":""},"categories":[1],"tags":[],"class_list":["post-22769","post","type-post","status-publish","format-standard","has-post-thumbnail","hentry","category-nezarazene"],"_links":{"self":[{"href":"https:\/\/www.invarena.cz\/index.php?rest_route=\/wp\/v2\/posts\/22769","targetHints":{"allow":["GET"]}}],"collection":[{"href":"https:\/\/www.invarena.cz\/index.php?rest_route=\/wp\/v2\/posts"}],"about":[{"href":"https:\/\/www.invarena.cz\/index.php?rest_route=\/wp\/v2\/types\/post"}],"author":[{"embeddable":true,"href":"https:\/\/www.invarena.cz\/index.php?rest_route=\/wp\/v2\/users\/1"}],"replies":[{"embeddable":true,"href":"https:\/\/www.invarena.cz\/index.php?rest_route=%2Fwp%2Fv2%2Fcomments&post=22769"}],"version-history":[{"count":0,"href":"https:\/\/www.invarena.cz\/index.php?rest_route=\/wp\/v2\/posts\/22769\/revisions"}],"wp:featuredmedia":[{"embeddable":true,"href":"https:\/\/www.invarena.cz\/index.php?rest_route=\/wp\/v2\/media\/16410"}],"wp:attachment":[{"href":"https:\/\/www.invarena.cz\/index.php?rest_route=%2Fwp%2Fv2%2Fmedia&parent=22769"}],"wp:term":[{"taxonomy":"category","embeddable":true,"href":"https:\/\/www.invarena.cz\/index.php?rest_route=%2Fwp%2Fv2%2Fcategories&post=22769"},{"taxonomy":"post_tag","embeddable":true,"href":"https:\/\/www.invarena.cz\/index.php?rest_route=%2Fwp%2Fv2%2Ftags&post=22769"}],"curies":[{"name":"wp","href":"https:\/\/api.w.org\/{rel}","templated":true}]}}