{"id":22779,"date":"2015-09-18T15:55:54","date_gmt":"2015-09-18T13:55:54","guid":{"rendered":"http:\/\/www.invarena.cz\/?p=22779"},"modified":"2015-09-18T15:55:54","modified_gmt":"2015-09-18T13:55:54","slug":"festival-souzneni-dnes-startuje","status":"publish","type":"post","link":"https:\/\/www.invarena.cz\/?p=22779","title":{"rendered":"Festival Souzn\u011bn\u00ed dnes startuje"},"content":{"rendered":"<p><strong>Souzn\u011bn\u00ed, festival zdravotn\u011b posti\u017een\u00fdch, po\u0159\u00e1dan\u00fd ob\u010dansk\u00fdm sdru\u017een\u00edm Aragonit, si u\u017e v regionu na\u0161el \u0159adu p\u0159\u00edznivc\u016f.<\/strong> <!--more--><\/p>\n<p>Chebsko, Karlovarsk\u00fd kraj \u2013 Leto\u0161n\u00ed, XVI. ro\u010dn\u00edk se odehraje u\u017e 18. a 19. z\u00e1\u0159\u00ed v Chebu, Franti\u0161kov\u00fdch L\u00e1zn\u00edch a Karlov\u00fdch Varech. Skl\u00e1d\u00e1 se z p\u011bti koncert\u016f, kdy jeden je pro d\u011bti ze z\u00e1kladn\u00edch \u0161kol v Chebu a potom po dvou pro ve\u0159ejnost ve Franti\u0161kov\u00fdch L\u00e1zn\u00edch a Karlov\u00fdch Varech. Chebsk\u00e1 \u010d\u00e1st se odehraje v p\u00e1tek od 10 hodin v takzvan\u00e9 My\u0161\u00e1rn\u011b. Pak n\u00e1sleduje kolon\u00e1dn\u00ed koncert ve franti\u0161kol\u00e1ze\u0148sk\u00e9m alt\u00e1nu u Franti\u0161ka. Ve\u010der se host\u00e9 festu pobav\u00ed od 19 hodin v Divadle Bo\u017eeny N\u011bmcov\u00e9 ve Franti\u0161kov\u00fdch L\u00e1zn\u00edch. Do Karlov\u00fdch Var\u016f m\u00ed\u0159\u00ed Souzn\u011bn\u00ed v sobotu, kde se od 14 hodin uskute\u010dn\u00ed kolon\u00e1dn\u00ed koncert p\u0159ed Thermalem a v tomto objektu pak ve\u010dern\u00ed galakoncert od 19 hodin.<\/p>\n<p>Chebsk\u00fd den\u00edk<br \/>\n<a href=\"http:\/\/chebsky.denik.cz\/\">http:\/\/chebsky.denik.cz\/<\/a><\/p>\n","protected":false},"excerpt":{"rendered":"<div class=\"mh-excerpt\"><p>Souzn\u011bn\u00ed, festival zdravotn\u011b posti\u017een\u00fdch, po\u0159\u00e1dan\u00fd ob\u010dansk\u00fdm sdru\u017een\u00edm Aragonit, si u\u017e v regionu na\u0161el \u0159adu p\u0159\u00edznivc\u016f.<\/p>\n<\/div>","protected":false},"author":1,"featured_media":7488,"comment_status":"open","ping_status":"closed","sticky":false,"template":"","format":"standard","meta":{"footnotes":""},"categories":[9],"tags":[],"class_list":["post-22779","post","type-post","status-publish","format-standard","has-post-thumbnail","hentry","category-zpravy"],"_links":{"self":[{"href":"https:\/\/www.invarena.cz\/index.php?rest_route=\/wp\/v2\/posts\/22779","targetHints":{"allow":["GET"]}}],"collection":[{"href":"https:\/\/www.invarena.cz\/index.php?rest_route=\/wp\/v2\/posts"}],"about":[{"href":"https:\/\/www.invarena.cz\/index.php?rest_route=\/wp\/v2\/types\/post"}],"author":[{"embeddable":true,"href":"https:\/\/www.invarena.cz\/index.php?rest_route=\/wp\/v2\/users\/1"}],"replies":[{"embeddable":true,"href":"https:\/\/www.invarena.cz\/index.php?rest_route=%2Fwp%2Fv2%2Fcomments&post=22779"}],"version-history":[{"count":0,"href":"https:\/\/www.invarena.cz\/index.php?rest_route=\/wp\/v2\/posts\/22779\/revisions"}],"wp:featuredmedia":[{"embeddable":true,"href":"https:\/\/www.invarena.cz\/index.php?rest_route=\/wp\/v2\/media\/7488"}],"wp:attachment":[{"href":"https:\/\/www.invarena.cz\/index.php?rest_route=%2Fwp%2Fv2%2Fmedia&parent=22779"}],"wp:term":[{"taxonomy":"category","embeddable":true,"href":"https:\/\/www.invarena.cz\/index.php?rest_route=%2Fwp%2Fv2%2Fcategories&post=22779"},{"taxonomy":"post_tag","embeddable":true,"href":"https:\/\/www.invarena.cz\/index.php?rest_route=%2Fwp%2Fv2%2Ftags&post=22779"}],"curies":[{"name":"wp","href":"https:\/\/api.w.org\/{rel}","templated":true}]}}