{"id":22808,"date":"2015-09-26T13:19:59","date_gmt":"2015-09-26T11:19:59","guid":{"rendered":"http:\/\/www.invarena.cz\/?p=22808"},"modified":"2015-09-29T19:53:59","modified_gmt":"2015-09-29T17:53:59","slug":"ze-zdraveho-kluka-mam-bezmocneho-clovicka","status":"publish","type":"post","link":"https:\/\/www.invarena.cz\/?p=22808","title":{"rendered":"Ze zdrav\u00e9ho kluka m\u00e1m BEZMOCN\u00c9HO \u010cLOV\u00cd\u010cKA"},"content":{"rendered":"<p><strong>Syn Marcely (41) z Brna z\u016fstal po b\u011b\u017en\u00e9 operaci bez kysl\u00edku a m\u00e1 rozs\u00e1hl\u00e9 po\u0161kozen\u00ed mozku * Maminka o n\u011bj s l\u00e1skou pe\u010duje<\/strong><!--more--><\/p>\n<p>ilustra\u010dn\u00ed foto Jomphong FreeDigitalPhotos<\/p>\n<p>P\u00c1R MINUT, KTER\u00c9 DOSLOVA ZM\u011aN\u00cd \u017dIVOT CEL\u00c9 RODINY. MARCELA (41) A V\u00cdTEK (48) KOCI\u00c1NOVI ODVEZLI P\u0158ED P\u011aTI LETY DO NEMOCNICE ZDRAV\u00c9 D\u00cdT\u011a NA \u00bbBAN\u00c1LN\u00cd\u00ab OPERACI KR\u010cN\u00cdCH MANDL\u00cd. O P\u00c1R DN\u00cd POZD\u011aJI SE MUSELI STRACHOVAT O JEHO \u017dIVOT. DOM\u016e SE JIM PAK MAT\u011aJ (9) VR\u00c1TIL S T\u011a\u017dK\u00ddM POSTI\u017dEN\u00cdM. NEVZDALI TO! O MAT\u00ddSKA SE S L\u00c1SKOU STARAJ\u00cd I P\u0158ESTO, \u017dE M\u011aS\u00cd\u010cN\u011a JE P\u00c9\u010cE VYJDE NA V\u00cdCE NE\u017d 50 TIS\u00cdC KORUN, A DOUFAJ\u00cd, \u017dE NOV\u00c9 MEDIC\u00cdNSK\u00c9 POZNATKY MOHOU MAT\u00ddSK\u016eV STAV ZLEP\u0160IT\u2026<\/p>\n<p>Marcela s V\u00edtkem se sezn\u00e1mili po internetu. P\u0159esko\u010dila jiskra, po roce a p\u016fl byla svatba, pak Marcela ot\u011bhotn\u011bla. &#8222;Man\u017eel v\u011bd\u011bl p\u0159edem, \u017ee to bude kluk. Dok\u00e1zal to ale sk\u00e1lopevn\u011b tutlat cel\u00fdch dev\u011bt m\u011bs\u00edc\u016f. J\u00e1 cht\u011bla b\u00fdt p\u0159ekvapen\u00e1, a tak jsem p\u0159i po\u0159izov\u00e1n\u00ed v\u00fdbavi\u010dky, co se t\u00fdk\u00e1 barev, vyb\u00edrala r\u016fzn\u011b. Ur\u010dit\u011b ale pak Mat\u00fdskovi nevadilo, \u017ee jezdil v \u010derven\u00e9m ko\u010d\u00e1rku,&#8220; usm\u00edv\u00e1 se Marcela. Jen\u017ee po \u010dase za\u010daly Mat\u011bje st\u00e1le \u010dast\u011bji zlobit ang\u00edny. I proto jeho rodi\u010de souhlasili s doporu\u010dovanou operac\u00ed kr\u010dn\u00edch mandl\u00ed, ban\u00e1ln\u00ed, jak \u0159\u00edkali l\u00e9ka\u0159i. Mat\u011bj se j\u00ed podrobil ve t\u0159ech a p\u016fl letech 26. dubna 2010 v brn\u011bnsk\u00e9 d\u011btsk\u00e9 nemocnici.<\/p>\n<p>Za\u010dal krv\u00e1cet, nikdo nepomohl<\/p>\n<p>Prvn\u00ed kv\u011btnov\u00fd den, tedy p\u011bt dn\u00ed po operaci, za\u010dal Mat\u00fdsek v nemocnici z krku velmi siln\u011b krv\u00e1cet a musel akutn\u011b znovu na operaci. Jen\u017ee p\u0159esn\u00e9 m\u00edsto krv\u00e1cen\u00ed l\u00e9ka\u0159i nena\u0161li, a tak mu do r\u00e1ny po mandl\u00edch v\u0161ili tampony. Mat\u011bje pak odvezli na b\u011b\u017en\u00fd pokoj, p\u0159esto\u017ee mu hrozily dal\u0161\u00ed komplikace.<br \/>\n&#8222;Na no\u010dn\u00ed sm\u011bn\u011b byla pouze jedna l\u00e9ka\u0159ka, kter\u00e1 slou\u017eila sou\u010dasn\u011b na p\u0159\u00edjmov\u00e9 ambulanci v jin\u00e9 budov\u011b a vykon\u00e1vala nav\u00edc konzili\u00e1rn\u00ed \u010dinnost po cel\u00e9m are\u00e1lu nemocnice. Nedlouho po operaci za\u010dal Mat\u011bj zvracet a znovu krv\u00e1cet. Sna\u017eila jsem se p\u0159ivolat sestru pomoc\u00ed pohotovostn\u00edho tla\u010d\u00edtka. Marn\u011b. Pozd\u011bji se uk\u00e1zalo, \u017ee tla\u010d\u00edtko nefungovalo. N\u00e1sledn\u011b mi Mat\u00fdsek zkolaboval v n\u00e1ru\u010d\u00ed. L\u00e9ka\u0159ka, kter\u00e1 p\u0159i\u0161la a\u017e po mnoha minut\u00e1ch, zjistila, \u017ee m\u00e1 z\u00e1stavu. Zah\u00e1jila resuscitaci, ale tu hned p\u0159eru\u0161ila a \u0161la si n\u011bkam sama hledat ambuvak (resuscita\u010dn\u00ed set \u2013 pozn. red.). Teprve a\u017e po dal\u0161\u00edch, pro Mat\u011bje kritick\u00fdch minut\u00e1ch p\u0159i\u0161el t\u00fdm z odd\u011blen\u00ed ARO. Mat\u00fdskovy \u017eivotn\u00ed funkce obnovil asi a\u017e po 35 minut\u00e1ch. Pot\u00e9 byl uveden do um\u011bl\u00e9ho sp\u00e1nku,&#8220; vzpom\u00edn\u00e1 se slzami v o\u010d\u00edch Marcela Koci\u00e1nov\u00e1. Pozd\u011bji bylo Mat\u011bjovi diagnostikov\u00e1no rozs\u00e1hl\u00e9 po\u0161kozen\u00ed mozku z d\u016fvodu dlouh\u00e9ho \u010dasu bez kysl\u00edku. Zhruba po dal\u0161\u00edch dvou hodin\u00e1ch za\u010dal Mat\u011bj z krku op\u011bt krv\u00e1cet, tentokr\u00e1te byli l\u00e9ka\u0159i s n\u00e1lezem p\u0159esn\u00e9ho m\u00edsta ji\u017e \u00fasp\u011b\u0161n\u00ed a krv\u00e1cen\u00ed zastavili. Bohu\u017eel u\u017e pozd\u011b. &#8222;Dokto\u0159i n\u00e1s p\u0159ipravovali na to, \u017ee Mat\u00fdsek zem\u0159e. Na\u0161t\u011bst\u00ed se rozhodl bojovat, za\u010dal op\u011bt d\u00fdchat, h\u00fdbat rukama a dokonce otev\u0159el i o\u010di. Odborn\u00edci \u0159\u00edkaj\u00ed, \u017ee jsou d\u011bti v takov\u00fdchto situac\u00edch siln\u011bj\u0161\u00ed ne\u017e dosp\u011bl\u00ed, co\u017e se u Mat\u011bje potvrdilo,&#8220; tvrd\u00ed Marcela Koci\u00e1nov\u00e1.<\/p>\n<p>P\u011bt m\u011bs\u00edc\u016f v nemocnici<\/p>\n<p>Syna \u010dekaly dal\u0161\u00ed operace, celkem p\u011bt. T\u0159i t\u00fddny str\u00e1vil s m\u00e1mou v Ostrav\u011b, kde podstoupil l\u00e9\u010dbu v hyperbarick\u00e9 komo\u0159e (p\u0159etlakov\u00e1 l\u00e9\u010dba kysl\u00edkem \u2013 pozn. red.) a terapii baz\u00e1ln\u00ed stimulace (m\u00e1 za c\u00edl zlep\u0161it vn\u00edm\u00e1n\u00ed t\u011b\u017ece nemocn\u00fdch pacient\u016f \u2013 pozn. red.). &#8222;Kv\u016fli jeho stavu jsme prosili, zda by ho mohli z brn\u011bnsk\u00e9 d\u011btsk\u00e9 nemocnice p\u0159epravit vrtuln\u00edkem. Arogantn\u011b n\u00e1m dali najevo, \u017ee si ho u\u017e nezaslou\u017e\u00ed a \u017ee vrtuln\u00edk m\u016f\u017ee blokovat pro n\u011bkoho jin\u00e9ho. Dokonce \u0159ekli, jestli si mysl\u00edm, \u017ee vrtuln\u00edky nepadaj\u00ed. Skv\u011ble se k n\u00e1m naopak zachovali v Ostrav\u011b. Zpo\u010d\u00e1tku jsem m\u011bla strach na Mat\u00fdska jen s\u00e1hnout. Ob\u00e1vala jsem se, \u017ee ho pol\u00e1mu. Ze zdrav\u00e9ho d\u00edt\u011bte m\u00e1te \u010dlov\u00ed\u010dka, kter\u00fd m\u00e1 deset hadi\u010dek a je bez kost\u00ed na hlav\u011b. Pomohla mi a\u017e zdravotn\u00ed sest\u0159i\u010dka. Dala mi ho do n\u00e1ru\u010de a ode\u0161la pry\u010d. V Ostrav\u011b bylo \u00fa\u017easn\u00e9, \u017ee jsem si za Mat\u00fdskem mohla lehnout do postele a p\u0159itulit se k n\u011bmu,&#8220; vzpom\u00edn\u00e1 Marcela s t\u00edm, \u017ee dom\u016f se syn vr\u00e1til a\u017e po p\u011bti m\u011bs\u00edc\u00edch, tedy v \u0159\u00edjnu 2010, kdy m\u011bl slavit \u010dtvrt\u00e9 narozeniny.<\/p>\n<p>P\u016fl roku skoro nespala<\/p>\n<p>N\u00e1sleduj\u00edc\u00ed dva roky Koci\u00e1novi upravovali byt kv\u016fli Mat\u011bjov\u00fdm pot\u0159eb\u00e1m. &#8222;P\u016fl roku jsem u n\u011bj sed\u011bla ve dne v noci. M\u011bla jsem strach, \u017ee by se mu mohlo op\u011bt p\u0159it\u00ed\u017eit. Nespala jsem, proto\u017ee m\u011b Mat\u011bj pot\u0159eboval ka\u017edou hodinu, ka\u017edou minutu. Odpo\u010d\u00edvala jsem aspo\u0148 ve chv\u00edli, kdy k n\u00e1m p\u0159i\u0161la na v\u00fdpomoc zdravotn\u00ed sest\u0159i\u010dka. Bylo to \u0161est hodin t\u00fddn\u011b. Kritick\u00e9 byly ale cel\u00e9 prvn\u00ed dva roky. Po\u0159\u00e1d to byl pro n\u00e1s \u0161ok,&#8220; m\u00edn\u00ed Marcela. Pak se dlouho u Koci\u00e1n\u016f vst\u00e1valo u\u017e ve \u010dty\u0159i hodiny. V tu dobu dost\u00e1val Mat\u011bj prvn\u00ed tekutiny. P\u0159itom jich za den mus\u00ed vyp\u00edt litr a p\u016fl. J\u00eddlo je mu zav\u00e1d\u011bno hadi\u010dkou do \u017ealudku p\u011btkr\u00e1t denn\u011b. V\u0161e mus\u00ed m\u00edt rozmixovan\u00e9. &#8222;Dost\u00e1v\u00e1 v\u0161e, co j\u00edme my. P\u0159i\u0161lo mi, \u017ee pokud to zvl\u00e1dne, tak pro\u010d mu to nedop\u0159\u00e1t. N\u011bkdy j\u00ed i pusou. Chutnaj\u00ed mu broskve s pi\u0161koty, \u0161vestky naopak vyplivoval. Ale jen tak pozn\u00e1v\u00e1me, zda v\u016fbec vn\u00edm\u00e1, co chce a co odm\u00edt\u00e1. Dost\u00e1v\u00e1 i kulat\u00e9 l\u00edz\u00e1tko na \u0161pejli do pusy, kter\u00e9 si jen tak po\u017evykuje. Odborn\u00edci \u0159\u00edkali, \u017ee si i tak m\u016f\u017ee vzpomenout na n\u011bjak\u00fd sv\u016fj siln\u00fd z\u00e1\u017eitek. Mat\u00fdsek m\u00e1 na minuty napl\u00e1novan\u00fd denn\u00ed re\u017eim, kdy posledn\u00ed tekutiny dost\u00e1v\u00e1 dv\u011b hodin p\u0159ed p\u016flnoc\u00ed. I v noci je nutn\u00e9 Mat\u00fdska polohovat, ods\u00e1vat a p\u0159ebalovat. Mus\u00edme ho neust\u00e1le sledovat.&#8220; Mat\u00fdsek r\u00e1d cestuje autem, na zahr\u00e1dce m\u00e1 svoje polohovac\u00ed leh\u00e1tko. Rodi\u010de mu pou\u0161t\u011bj\u00ed poh\u00e1dky z doby, kdy byl je\u0161t\u011b zdrav\u00fd. Nejrad\u011bji m\u00e1 tu o Smol\u00ed\u010dkovi. &#8222;Kdy\u017e sly\u0161\u00ed \u0159\u00edkadla a p\u00edsni\u010dky pro d\u011bti, je na n\u011bm vid\u011bt, jak je spokojen\u00fd. R\u00e1d m\u00e1 p\u00edsni\u010dky od Michala Davida nebo Jaroslava Uhl\u00ed\u0159e. Mnoh\u00e9 napov\u00ed \u00bb\u0159e\u010d\u00ab jeho t\u011bla, o\u010d\u00ed, kolikr\u00e1t jako by cht\u011bl n\u011bco pov\u011bd\u011bt. M\u00e1 i kn\u00ed\u017eky odpov\u00eddaj\u00edc\u00ed jeho v\u011bku. Podle z\u00e1kona mus\u00ed nav\u0161t\u011bvovat \u0161kolu. Proto za n\u00edm chod\u00ed u\u010ditelka. V\u00fduka prob\u00edh\u00e1 formou rozpozn\u00e1v\u00e1n\u00ed v\u016fn\u00ed, reagov\u00e1n\u00ed na sv\u011btlo, teplo, osah\u00e1v\u00e1n\u00ed nejr\u016fzn\u011bj\u0161\u00edch pom\u016fcek v\u010detn\u011b jejich popisu,&#8220; prozrazuje Marcela.<\/p>\n<p>Radost a nad\u011bje jm\u00e9nem Honz\u00edk<\/p>\n<p>Postupem \u010dasu za\u010dali Koci\u00e1novi p\u0159em\u00fd\u0161let o druh\u00e9m d\u00edt\u011bti. P\u0159ed dv\u011bma roky p\u0159i\u0161el na sv\u011bt Honz\u00edk. Druh\u00e9ho porodu se Marcela b\u00e1la, proto\u017ee dob\u0159e v\u011bd\u011bla, co se v nemocnici m\u016f\u017ee st\u00e1t. &#8222;Honz\u00edk byl pl\u00e1novan\u00fd. Cht\u011bli jsme \u0159e\u0161it tak\u00e9 norm\u00e1ln\u00ed, b\u011b\u017en\u00e9 situace a posunout se n\u011bkam d\u00e1l. Neznamen\u00e1 to ale, \u017ee by \u0161el Mat\u00fdsek stranou. Ka\u017ed\u00fd je trochu jin\u00fd. Mat\u00fdsek byl klidn\u011bj\u0161\u00ed. Sice ob\u010das ud\u011blal n\u011bjakou tu lump\u00e1rnu, ale Honz\u00edk je \u017eiv\u011bj\u0161\u00ed. Existuje mezi nimi jak\u00e9si spojen\u00ed. Mat\u00fdsek pozn\u00e1, kdy\u017e br\u00e1\u0161ka p\u0159ijde. Honz\u00edk se projevuje hlasov\u011b nejen ve chv\u00edli, kdy Mat\u011bje pohlad\u00ed. Pokud si m\u00e1 vybrat na hran\u00ed mezi v\u00edce aut\u00ed\u010dky, v\u017edy s\u00e1hne po sanitce,&#8220; \u0159\u00edk\u00e1 Marcela. A\u017e m\u011bs\u00edc p\u0159ed narozen\u00edm druh\u00e9ho syna byli Koci\u00e1novi informov\u00e1ni o tom, \u017ee by Mat\u011bjovi mohly v budoucnu pomoci Honz\u00edkovy kmenov\u00e9 bu\u0148ky, odebran\u00e9 z pupe\u010dn\u00edkov\u00e9 krve p\u0159i porodu. Uk\u00e1zalo se, \u017ee z osmi z\u00e1kladn\u00edch a z\u00e1sadn\u00edch bod\u016f nutn\u00e9 vz\u00e1jemn\u00e9 shody vy\u0161ly v\u0161echny pozitivn\u011b! V\u00fdvoj v t\u00e9to oblasti jde velmi rychle dop\u0159edu a ji\u017e dnes um\u00ed kmenov\u00e9 bu\u0148ky, v n\u011bkter\u00fdch p\u0159\u00edpadech, vyl\u00e9\u010dit i mozkovou obrnu. Mat\u011bjov\u00fdm rodi\u010d\u016fm tedy svitla nad\u011bje\u2026<\/p>\n<p>Man\u017eel je mi oporou<\/p>\n<p>Mat\u011bj\u016fv kritick\u00fd stav byl i zkou\u0161kou vztahu jeho rodi\u010d\u016f. V devades\u00e1ti procentech kon\u010d\u00ed podobn\u00e9 p\u0159\u00edpady rodinn\u00fdm krachem, v\u011bt\u0161inou novou situaci nezvl\u00e1dnou mu\u017ei. &#8222;Bylo to t\u011b\u017ek\u00e9. V tu chv\u00edli ale pozn\u00e1te, zda se m\u016f\u017eete na partnera spolehnout, jakou je v\u00e1m oporou. Sna\u017eili jsme se v\u011bnovat i jeden druh\u00e9mu, ale bylo to m\u00e1lo. \u0158ekla jsem si, \u017ee Mat\u011bj to s\u00e1m nezvl\u00e1dne. S\u00e1m se nenapije, neoto\u010d\u00ed. Man\u017eel p\u0159i\u0161el na dlouhou dobu prakticky o dva lidi. Mo\u017enost zaj\u00edt do kina nebo do divadla by asi byla, ale stejn\u011b bych my\u0161lenkami byla jinde. P\u011bt let nev\u00edm, co je to dovolen\u00e1. Mus\u00edm b\u00fdt neust\u00e1le nabl\u00edzku, proto\u017ee Mat\u00fdsek m\u016f\u017ee n\u00e1hle onemocn\u011bt, a to tak, \u017ee doch\u00e1z\u00ed ke kritick\u00fdm stav\u016fm,&#8220; \u0159\u00edk\u00e1 Marcela s t\u00edm, \u017ee my\u0161lenka d\u00e1t Mat\u00fdska do \u00fastavu nep\u0159ipad\u00e1 v \u00favahu. &#8222;Je to moje d\u00edt\u011b a nen\u00ed mi jedno, co s n\u00edm bude.<br \/>\nMo\u017en\u00e1 by to v\u0161echny matky neud\u011blaly, ale j\u00e1 to takto nastaven\u00e9 m\u00e1m. Nen\u00ed v\u0161e ztraceno, ale na druhou stranu v\u00edme, \u017ee jedin\u00e9, co pro n\u011bj m\u016f\u017eeme nyn\u00ed ud\u011blat, je zajistit mu d\u016fstojn\u00fd \u017eivot v dom\u00e1c\u00ed p\u00e9\u010di. Byli bychom \u0161\u0165astn\u00ed, kdyby si s n\u00e1mi dok\u00e1zal aspo\u0148 pov\u00eddat,&#8220; p\u0159izn\u00e1v\u00e1 Marcela. A V\u00edtek Koci\u00e1n dod\u00e1v\u00e1: &#8222;Obdivuji man\u017eelku, \u017ee to dok\u00e1zala.<br \/>\nJe ve znamen\u00ed B\u00fdka, tak\u017ee se hned tak ned\u00e1.&#8220;<\/p>\n<p>Soud o od\u0161kodn\u011bn\u00ed<\/p>\n<p>Man\u017eel\u00e9 Koci\u00e1novi po\u017eaduj\u00ed u M\u011bstsk\u00e9ho soudu Brno po nemocnici 20 milion\u016f korun od\u0161kodn\u00e9ho, ze kter\u00fdch cht\u011bj\u00ed hradit Mat\u00fdskovu l\u00e9\u010dbu. M\u011bs\u00ed\u010dn\u011b vynalo\u017e\u00ed na o\u0161et\u0159en\u00ed syna p\u0159es 50 tis\u00edc korun, pen\u00edze sh\u00e1n\u011bj\u00ed i po sponzorech. Fakultn\u00ed nemocnice Brno nechce do skon\u010den\u00ed soudu situaci nijak komentovat. Mat\u011bj m\u00e1 tracheostomii na podporu d\u00fdch\u00e1n\u00ed, v\u00fdvod na odv\u00e1d\u011bn\u00ed p\u0159ebyte\u010dn\u00e9 tekutiny z mozku, sondu do \u017ealudku, mus\u00ed se pravideln\u011b ods\u00e1vat a je neust\u00e1le napojen\u00fd na monitor. Chyb\u00ed mu lebe\u010dn\u00ed kosti a m\u00e1 deformovan\u00e9 doln\u00ed kon\u010detiny.<\/p>\n<p>Aha! pro \u017eeny<\/p>\n","protected":false},"excerpt":{"rendered":"<div class=\"mh-excerpt\"><p>Syn Marcely (41) z Brna z\u016fstal po b\u011b\u017en\u00e9 operaci bez kysl\u00edku a m\u00e1 rozs\u00e1hl\u00e9 po\u0161kozen\u00ed mozku * Maminka o n\u011bj s l\u00e1skou pe\u010duje<\/p>\n<\/div>","protected":false},"author":1,"featured_media":14373,"comment_status":"open","ping_status":"closed","sticky":false,"template":"","format":"standard","meta":{"footnotes":""},"categories":[9],"tags":[],"class_list":["post-22808","post","type-post","status-publish","format-standard","has-post-thumbnail","hentry","category-zpravy"],"_links":{"self":[{"href":"https:\/\/www.invarena.cz\/index.php?rest_route=\/wp\/v2\/posts\/22808","targetHints":{"allow":["GET"]}}],"collection":[{"href":"https:\/\/www.invarena.cz\/index.php?rest_route=\/wp\/v2\/posts"}],"about":[{"href":"https:\/\/www.invarena.cz\/index.php?rest_route=\/wp\/v2\/types\/post"}],"author":[{"embeddable":true,"href":"https:\/\/www.invarena.cz\/index.php?rest_route=\/wp\/v2\/users\/1"}],"replies":[{"embeddable":true,"href":"https:\/\/www.invarena.cz\/index.php?rest_route=%2Fwp%2Fv2%2Fcomments&post=22808"}],"version-history":[{"count":0,"href":"https:\/\/www.invarena.cz\/index.php?rest_route=\/wp\/v2\/posts\/22808\/revisions"}],"wp:featuredmedia":[{"embeddable":true,"href":"https:\/\/www.invarena.cz\/index.php?rest_route=\/wp\/v2\/media\/14373"}],"wp:attachment":[{"href":"https:\/\/www.invarena.cz\/index.php?rest_route=%2Fwp%2Fv2%2Fmedia&parent=22808"}],"wp:term":[{"taxonomy":"category","embeddable":true,"href":"https:\/\/www.invarena.cz\/index.php?rest_route=%2Fwp%2Fv2%2Fcategories&post=22808"},{"taxonomy":"post_tag","embeddable":true,"href":"https:\/\/www.invarena.cz\/index.php?rest_route=%2Fwp%2Fv2%2Ftags&post=22808"}],"curies":[{"name":"wp","href":"https:\/\/api.w.org\/{rel}","templated":true}]}}