{"id":22831,"date":"2015-09-30T10:32:26","date_gmt":"2015-09-30T08:32:26","guid":{"rendered":"http:\/\/www.invarena.cz\/?p=22831"},"modified":"2015-09-30T10:32:36","modified_gmt":"2015-09-30T08:32:36","slug":"i-soukrome-domovy-senioru-potrebuji-pomoc-statu-ten-jim-ale-hazi-klacky-pod-nohy","status":"publish","type":"post","link":"https:\/\/www.invarena.cz\/?p=22831","title":{"rendered":"I soukrom\u00e9 domovy senior\u016f pot\u0159ebuj\u00ed pomoc st\u00e1tu. Ten jim ale \u201eh\u00e1z\u00ed klacky pod nohy\u201c"},"content":{"rendered":"<p>V \u010cesku \u017eije kolem t\u0159\u00ed milion\u016f senior\u016f a zhruba deset procent z nich je odk\u00e1z\u00e1no na pomoc druh\u00fdch. Zejm\u00e9na pro n\u011b jsou ur\u010dena za\u0159\u00edzen\u00ed nab\u00edzej\u00edc\u00ed speci\u00e1ln\u00ed p\u00e9\u010di, t\u011bch je v republice kolem p\u011bti set. \u0158ada z nich se ale navzdory tomu, \u017ee maj\u00ed plno, pot\u00fdk\u00e1 s existen\u010dn\u00edmi probl\u00e9my. Ty hl\u00e1s\u00ed zejm\u00e9na registrovan\u00e9 soukrom\u00e9 domovy pro seniory, kter\u00e9 se neobejdou bez st\u00e1tn\u00ed podpory. T\u00e9 se jim ale \u010dasto nedost\u00e1v\u00e1.<br \/>\n<!--more--><br \/>\nilustra\u010dn\u00ed foto: Photoxpress<\/p>\n<p>K jednomu z nej\u010dast\u011bj\u0161\u00edch m\u00fdt\u016f, kter\u00e9 panuj\u00ed okolo soukrom\u00fdch domov\u016f pro seniory, pat\u0159\u00ed ten, \u017ee pobyt v nich vyjde na n\u011bkolik des\u00edtek tis\u00edc m\u011bs\u00ed\u010dn\u011b. Registrovan\u00e1 soukrom\u00e1 za\u0159\u00edzen\u00ed se ale mus\u00ed \u0159\u00eddit stejnou \u00fahradovou vyhl\u00e1\u0161kou jako ta st\u00e1tn\u00ed. <\/p>\n<p>\u201eV \u010cesku existuje kolem 70 takzvan\u00fdch penzion\u016f pro seniory. Ty jsou ur\u010deny zejm\u00e9na pro sob\u011bsta\u010dn\u00e9 klienty, kte\u0159\u00ed maj\u00ed v objektech zpravidla samostatn\u00e9 bytov\u00e9 jednotky se zaji\u0161t\u011bn\u00fdm stravov\u00e1n\u00edm, programem a dopl\u0148kovou p\u00e9\u010d\u00ed. Za sv\u00e9 slu\u017eby si tato za\u0159\u00edzen\u00ed mohou m\u011bs\u00ed\u010dn\u011b \u00fa\u010dtovat prakticky libovolnou \u010d\u00e1stku. Za\u0159\u00edzen\u00ed, kter\u00e1 se staraj\u00ed o nemohouc\u00ed seniory nebo jsou jinak specializovan\u00e1, v\u0161ak mus\u00ed b\u00fdt registrovan\u00e1 a \u0159\u00edd\u00ed se stejn\u00fdmi pravidly, a\u0165 jsou st\u00e1tn\u00ed nebo soukrom\u00e1. Registrace klient\u016fm zaru\u010duje odbornost poskytovan\u00fdch slu\u017eeb a vhodnost technick\u00e9ho vybaven\u00ed. Z\u00e1rove\u0148 se v\u0161ak tyto domovy pro seniory mus\u00ed \u0159\u00eddit \u00fahradovou vyhl\u00e1\u0161kou, kter\u00e1 zejm\u00e9na pro soukrom\u00e1 za\u0159\u00edzen\u00ed p\u0159edstavuje obrovsk\u00fd probl\u00e9m. Na rozd\u00edl od st\u00e1tn\u00edch domov\u016f jsou ty soukrom\u00e9 toti\u017e \u010dasto p\u0159ehl\u00ed\u017eeny st\u00e1tem a pot\u0159ebn\u00e9 finan\u010dn\u00ed podpory se jim nedost\u00e1v\u00e1,\u201c popsala Hana \u010cervenkov\u00e1, \u0159editelka domova pro seniory Centrum Na Verand\u011b Beroun.<\/p>\n<p>Kdo by si tak myslel, \u017ee je provozov\u00e1n\u00ed soukrom\u00e9ho domova pro seniory v\u00fdnosn\u00fd byznys, pletl by se. Kv\u016fli nedostate\u010dn\u00e9 podpo\u0159e od st\u00e1tu je jejich provozovatel\u00e9 sp\u00ed\u0161e dotuj\u00ed. \u201eCeny stanoven\u00e9 \u00fahradovou vyhl\u00e1\u0161kou za pobyt v domov\u011b pro seniory pokr\u00fdvaj\u00ed n\u00e1klady zhruba z poloviny. \u00dahradov\u00e1 vyhl\u00e1\u0161ka stanovuje maxim\u00e1ln\u00ed cenu za pobyt a stravu. Tato \u010d\u00e1stka je nav\u00edc limitov\u00e1na v\u00fd\u0161\u00ed starobn\u00edho d\u016fchodu seniora, kter\u00e9mu z t\u00e9to sumy ze z\u00e1kona mus\u00ed zb\u00fdt je\u0161t\u011b 15 procent pro osobn\u00ed pot\u0159ebu. Nap\u0159\u00edklad senior s d\u016fchodem deset tis\u00edc korun tak v registrovan\u00e9m za\u0159\u00edzen\u00ed zaplat\u00ed za ve\u0161ker\u00e9 slu\u017eby 8500 korun a je \u00fapln\u011b jedno, zda je klientem st\u00e1tn\u00edho nebo soukrom\u00e9ho domova. N\u00e1klady na p\u00e9\u010di o jednoho klienta vyjdou ale minim\u00e1ln\u011b na dvojn\u00e1sobek,\u201c zd\u016fraznila Hana \u010cervenkov\u00e1.<\/p>\n<p>I soukrom\u00e1 za\u0159\u00edzen\u00ed mohou za\u017e\u00e1dat o dotace, ale nemaj\u00ed na n\u011b \u017e\u00e1dn\u00fd pr\u00e1vn\u00ed n\u00e1rok. P\u0159i rozd\u011blov\u00e1n\u00ed pen\u011bz st\u00e1t nav\u00edc up\u0159ednost\u0148uje st\u00e1tn\u00ed za\u0159\u00edzen\u00ed, t\u011bm soukrom\u00fdm t\u00e9m\u011b\u0159 nep\u0159isp\u00edv\u00e1. \u201eP\u0159i z\u0159izov\u00e1n\u00ed domova pro seniory jsme od St\u0159edo\u010desk\u00e9ho kraje nedostali na provoz ani korunu a dodnes je podpora ze strany st\u00e1tu nulov\u00e1. Zd\u016fvodn\u011bn\u00edm neposkytnut\u00ed financ\u00ed bylo, \u017ee nov\u00fd domov pro seniory pot\u0159eba nen\u00ed, proto\u017ee m\u00edst je v \u010cesku dostatek. P\u0159itom se domov zaplnil t\u00e9m\u011b\u0159 okam\u017eit\u011b po otev\u0159en\u00ed. Jeho kapacita je 50 l\u016f\u017eek, voln\u00fdch je jich nyn\u00ed jen dev\u011bt. St\u00e1t by si m\u011bl p\u0159edev\u0161\u00edm uv\u011bdomit, \u017ee soukrom\u00e1 za\u0159\u00edzen\u00ed v podstat\u011b supluj\u00ed jeho povinnosti postarat se o nesob\u011bsta\u010dn\u00e9 ob\u010dany a zajistit jim kvalitn\u00ed p\u00e9\u010di, co\u017e pouze st\u00e1tn\u00ed domovy nejsou zjevn\u011b schopny zajistit,\u201c uzav\u0159ela Hana \u010cervenkov\u00e1. <\/p>\n<p>Tiskov\u00e1 zpr\u00e1va &#8211; domova pro seniory CENTRUM NA VERAND\u011a BEROUN, z.\u00fa.<\/p>\n","protected":false},"excerpt":{"rendered":"<div class=\"mh-excerpt\"><p>V \u010cesku \u017eije kolem t\u0159\u00ed milion\u016f senior\u016f a zhruba deset procent z nich je odk\u00e1z\u00e1no na pomoc druh\u00fdch. Zejm\u00e9na pro n\u011b jsou ur\u010dena za\u0159\u00edzen\u00ed nab\u00edzej\u00edc\u00ed <a class=\"mh-excerpt-more\" href=\"https:\/\/www.invarena.cz\/?p=22831\" title=\"I soukrom\u00e9 domovy senior\u016f pot\u0159ebuj\u00ed pomoc st\u00e1tu. Ten jim ale \u201eh\u00e1z\u00ed klacky pod nohy\u201c\">[&#8230;]<\/a><\/p>\n<\/div>","protected":false},"author":1,"featured_media":19373,"comment_status":"open","ping_status":"closed","sticky":false,"template":"","format":"standard","meta":{"footnotes":""},"categories":[7],"tags":[],"class_list":["post-22831","post","type-post","status-publish","format-standard","has-post-thumbnail","hentry","category-spolecnost"],"_links":{"self":[{"href":"https:\/\/www.invarena.cz\/index.php?rest_route=\/wp\/v2\/posts\/22831","targetHints":{"allow":["GET"]}}],"collection":[{"href":"https:\/\/www.invarena.cz\/index.php?rest_route=\/wp\/v2\/posts"}],"about":[{"href":"https:\/\/www.invarena.cz\/index.php?rest_route=\/wp\/v2\/types\/post"}],"author":[{"embeddable":true,"href":"https:\/\/www.invarena.cz\/index.php?rest_route=\/wp\/v2\/users\/1"}],"replies":[{"embeddable":true,"href":"https:\/\/www.invarena.cz\/index.php?rest_route=%2Fwp%2Fv2%2Fcomments&post=22831"}],"version-history":[{"count":0,"href":"https:\/\/www.invarena.cz\/index.php?rest_route=\/wp\/v2\/posts\/22831\/revisions"}],"wp:featuredmedia":[{"embeddable":true,"href":"https:\/\/www.invarena.cz\/index.php?rest_route=\/wp\/v2\/media\/19373"}],"wp:attachment":[{"href":"https:\/\/www.invarena.cz\/index.php?rest_route=%2Fwp%2Fv2%2Fmedia&parent=22831"}],"wp:term":[{"taxonomy":"category","embeddable":true,"href":"https:\/\/www.invarena.cz\/index.php?rest_route=%2Fwp%2Fv2%2Fcategories&post=22831"},{"taxonomy":"post_tag","embeddable":true,"href":"https:\/\/www.invarena.cz\/index.php?rest_route=%2Fwp%2Fv2%2Ftags&post=22831"}],"curies":[{"name":"wp","href":"https:\/\/api.w.org\/{rel}","templated":true}]}}