{"id":22838,"date":"2015-09-24T12:36:47","date_gmt":"2015-09-24T10:36:47","guid":{"rendered":"http:\/\/www.invarena.cz\/?p=22838"},"modified":"2015-09-24T12:36:47","modified_gmt":"2015-09-24T10:36:47","slug":"chceme-vsem-prispet-stejne-velkou-castkou","status":"publish","type":"post","link":"https:\/\/www.invarena.cz\/?p=22838","title":{"rendered":"Chceme v\u0161em p\u0159isp\u011bt stejn\u011b velkou \u010d\u00e1stkou"},"content":{"rendered":"<p><strong>Prvn\u00ed velk\u00e1 akce nov\u00e9ho spolku byla i velk\u00fdm \u00fasp\u011bchem, koncert potvrdil, \u017ee se lid\u00e9 dok\u00e1\u017e\u00ed bavit a pom\u00e1hat druh\u00fdm sou\u010dasn\u011b<\/strong><!--more--><\/p>\n<p>Vimperk \u2013 Prvn\u00ed Koncert \u0160umavy na nohou se vyda\u0159il nad o\u010dek\u00e1v\u00e1n\u00ed. Chceme pod\u011bkovat v\u0161em, kte\u0159\u00ed na Koncert dorazili a v\u0161em t\u011bm, kdo si koupili vstupenky. Bez va\u0161\u00ed pomoci by se cel\u00fd Koncert a hlavn\u011b sb\u00edrka pro B\u00e1ru, Baru\u0161ku, Lucku, Jon\u00e1\u0161e, Pavl\u00edka a Tom\u00e1\u0161e nemohly uskute\u010dnit.<\/p>\n<p>My jsme si cel\u00fd ve\u010der u\u017eili a podle reakc\u00ed lid\u00ed na koncert\u011b v\u00edme, \u017ee si ho u\u017eili v\u0161ichni p\u0159\u00edtomn\u00ed. M\u00e1me velkou radost z toho, \u017ee koncert, kter\u00fd jsme organizovali poprv\u00e9 v \u017eivot\u011b, se n\u00e1m takto vyda\u0159il. A o to v\u00edc n\u00e1s mrz\u00ed, \u017ee se n\u00e1m nepoda\u0159ilo v\u0161em dostate\u010dn\u011b vysv\u011btlit na\u0161\u00ed my\u0161lenku, pro\u010d v\u011bci d\u011bl\u00e1me, tak jak je d\u011bl\u00e1me a po koncertu st\u00e1le nar\u00e1\u017e\u00edme na ot\u00e1zky, jak byla cel\u00e1 akce financov\u00e1na a \u0161lo v\u016fbec o charitativn\u00ed koncert? K mnoha lidem se dosud nedostala z\u00e1sadn\u00ed informace \u2013 ze vstupn\u00e9ho nejsou, nebyly a nebudou hrazeny n\u00e1klady na uspo\u0159\u00e1d\u00e1n\u00ed Koncertu \u0160umava na nohou. N\u00e1klady na kapely (krom\u011b Narttu), zvuka\u0159e, moder\u00e1torku, OSU, tiskov\u00e9 materi\u00e1ly, ochranku a ostatn\u00ed re\u017eii dos\u00e1hly v\u00fd\u0161e zhruba 200000 korun. V\u0161echny tyto prost\u0159edky jsme z\u00edskali od na\u0161ich gener\u00e1ln\u00edch partner\u016f. V\u00fdznamn\u011b n\u00e1m p\u0159isp\u011bly i dal\u0161\u00ed partne\u0159i a mnoho dal\u0161\u00edch drobn\u00fdch d\u00e1rc\u016f, pomohlo n\u00e1m i bezplatn\u00e9 zap\u016fj\u010den\u00ed s\u00e1lu pro koncert. V\u0161echny informace o tom, kdo n\u00e1s podporuje, naleznete na www.sumavananohou.cz pod odkazem &#8222;Podporuj\u00ed n\u00e1s&#8220;.<\/p>\n<p>Oproti tomu jsme v polovin\u011b \u010dervence vyhl\u00e1sili ve\u0159ejnou sb\u00edrku pro B\u00e1ru, Baru\u0161ku, Lucku, Jon\u00e1\u0161e, Pavl\u00edka a Tom\u00e1\u0161ka, kter\u00e1 prob\u00edhala od 15. \u010dervence do 19. z\u00e1\u0159\u00ed formou prodeje vstupenek. V\u0161echny pen\u00edze z ka\u017ed\u00e9 prodan\u00e9 vstupenky \u0161ly na zvl\u00e1\u0161tn\u00ed sb\u00edrkov\u00fd \u00fa\u010det, na kter\u00e9m je k 22. z\u00e1\u0159\u00ed n\u011bco m\u00e1lo p\u0159es 201000 korun. Tyto pen\u00edze budou pou\u017eity v\u00fdhradn\u011b za jedin\u00fdm \u00fa\u010delem \u2013 chceme za n\u011b nakoupit v\u011bci pro v\u00fd\u0161e jmenovan\u00e9 t\u011b\u017ece posti\u017een\u00e9 d\u011bti a mlad\u00e9 lidi a to v souladu s p\u0159\u00e1n\u00edm jejich rodi\u010d\u016f. P\u0159i vyhl\u00e1\u0161en\u00ed sb\u00edrky, kter\u00e1 je registrov\u00e1na na Krajsk\u00e9m \u00fa\u0159adu Jiho\u010desk\u00e9ho kraje, jsme se zav\u00e1zali, \u017ee 100 procent z v\u00fdt\u011b\u017eku ze vstupn\u00e9ho pou\u017eijeme na v\u011bci pro n\u011b. Konkr\u00e9tn\u011b se jedn\u00e1 o zdravotn\u00ed matraci a postel pro B\u00e1ru, p\u0159\u00edsp\u011bvek na autoseda\u010dku pro Lucku (m\u00edsto p\u016fvodn\u011b zam\u00fd\u0161len\u00e9ho termopytle), pro Baru\u0161ku budeme sh\u00e1n\u011bt hygienick\u00e9 pom\u016fcky. Pavl\u00edk pot\u0159ebuje jet do l\u00e1zn\u00ed a m\u00edt tablet, na kter\u00e9m si bude cvi\u010dit motoriku rukou. Jon\u00e1\u0161 je celkov\u011b nepohybliv\u00fd a pot\u0159ebuje benecykl \u2013 ko\u010d\u00e1rek pro dosp\u011blou osobu, a nakonec je tu Tom\u00e1\u0161, kter\u00fd ze sv\u00e9ho invalidn\u00edho voz\u00edku vyrostl a my chceme jemu a jeho rodin\u011b pomoci uhradit p\u0159\u00edsp\u011bvek, kter\u00fd p\u0159i jeho platb\u011b nepokryje poji\u0161\u0165ovna. Je tedy nutn\u00e9 zopakovat: n\u00e1\u0161 projekt m\u00e1 dva \u00fa\u010dty, na obou se se\u0161lo kolem dvou set tis\u00edc korun. Prvn\u00ed z t\u011bchto dvou set tis\u00edc poch\u00e1z\u00ed od sponzor\u016f, kte\u0159\u00ed v\u011bd\u011bli a v\u011bd\u00ed, \u017ee n\u00e1m p\u0159isp\u00edvaj\u00ed na koncert. Ten jsme dok\u00e1zali uspo\u0159\u00e1dat jen d\u00edky jejich laskav\u00e9 podpo\u0159e a je z v\u011bt\u0161iny zaplacen. Chyb\u00ed uhradit OSA, zvuka\u0159i a grafick\u00e9 materi\u00e1ly, kter\u00e9 jste vid\u011bli v Ciheln\u011b (ozna\u010den\u00ed parkovi\u0161\u0165, bar\u016f atd.). P\u0159edpokl\u00e1d\u00e1me, \u017ee n\u00e1m zbude p\u0159ibli\u017en\u011b dvacet tis\u00edc korun, kter\u00e9 pou\u017eijeme na organizaci dal\u0161\u00ed akce. Jakmile budeme \u00fa\u010detnictv\u00ed Koncertu uzav\u00edrat, p\u0159edlo\u017e\u00edme ho ke kontrole vimpersk\u00fdm radn\u00edm, Jiho\u010desk\u00e9mu kraji, kter\u00fd n\u00e1m dal grant na uspo\u0159\u00e1d\u00e1n\u00ed kulturn\u00ed akce, a tak\u00e9 ho zve\u0159ejn\u00edme.<\/p>\n<p>Na druh\u00e9m, sb\u00edrkov\u00e9m \u00fa\u010dtu, jsou pen\u00edze, kter\u00e9 jsme vybrali od v\u00e1s a od firem z Vimperku a okol\u00ed, kter\u00e9 nakupovaly vstupenky pro sv\u00e9 zam\u011bstnance. Na sb\u00edrkov\u00e9m \u00fa\u010dtu je, jak u\u017e bylo \u0159e\u010deno, k 21. z\u00e1\u0159\u00ed zhruba 201000 korun. Tuto \u010d\u00e1stku chceme rozd\u011blit rovn\u00fdm d\u00edlem podle po\u010dtu podporovan\u00fdch d\u011bt\u00ed na \u0161estiny a nakoupit jim v\u011bci, kter\u00e9 si p\u0159\u00e1ly ony a jejich rodi\u010de, a kter\u00e9 jim usnadn\u00ed \u017eivot.<\/p>\n<p>V polovin\u011b z\u00e1\u0159\u00ed u\u017e bylo jasn\u00e9, \u017ee nevybereme cel\u00fdch 290000 korun, kter\u00e9 bychom k tomuto \u00fa\u010delu z\u00edskali, kdyby se Cihelna vyprodala. Za\u017e\u00e1dali jsme tedy prost\u0159ednictv\u00edm na\u0161eho sympatizanta a \u010dlena u Nadace Jistota Komer\u010dn\u00ed banky o 72000 korun. \u010c\u00e1stka 280000 a\u017e 290000 korun je c\u00edlov\u00e1, proto\u017ee n\u00e1m umo\u017en\u00ed nakoupit v\u0161em d\u011btem v\u011bci v hodnot\u011b 45000 a\u017e 48000 korun bez rozd\u00edlu. Tolik toti\u017e stoj\u00ed benecykl pro Jon\u00e1\u0161e, Tom\u00e1\u0161\u016fv p\u0159\u00edsp\u011bvek na invalidn\u00ed voz\u00edk a tolik chceme p\u0159isp\u011bt i Lucce na novou autoseda\u010dku. Jednodu\u0161e nechceme d\u011blat mezi d\u011btmi rozd\u00edly a nakoupit v\u011bci v t\u00e9to cen\u011b i ostatn\u00edm. P\u0159edpokl\u00e1d\u00e1me, \u017ee na konci z\u00e1\u0159\u00ed se dozv\u00edme, zda jsme tento grant dostali, \u010di nikoli.<\/p>\n<p>I kdy\u017e je ke dni Koncertu sb\u00edrka ukon\u010dena, m\u016f\u017eete n\u00e1m pos\u00edlat pen\u00edze na \u010d\u00edslo \u00fa\u010dtu 267414472\/0300. Do pozn\u00e1mky, pros\u00edm, uv\u00e1d\u011bjte, slovo &#8222;dar&#8220;, nebo &#8222;d\u011bti&#8220; a\u0165 v\u00edme, \u017ee p\u0159isp\u00edv\u00e1te na n\u00e1kup v\u011bc\u00ed pro n\u011b.<\/p>\n<p>I v p\u0159\u00edpad\u011b sb\u00edrky plat\u00ed, \u017ee jej\u00ed \u00fa\u010detnictv\u00ed zve\u0159ejn\u00edme a nav\u00edc i p\u0159edlo\u017e\u00edme ke kontrole Krajsk\u00e9mu \u00fa\u0159adu Jiho\u010desk\u00e9ho kraje. Kdy\u017e se n\u00e1m nepoda\u0159\u00ed z\u00edskat celou \u010d\u00e1stku, za\u010dneme jednat s rodi\u010di, \u00fa\u0159ady pr\u00e1ce a zdravotn\u00edmi poji\u0161\u0165ovnami, jak jejich p\u0159\u00e1n\u00ed dofinancovat z jejich vlastn\u00edch, nebo jin\u00fdch zdroj\u016f. O postupu a pr\u016fb\u011bhu t\u011bchto jedn\u00e1n\u00ed v\u00e1s budeme d\u00e1le informovat.<\/p>\n<p>Nakonec jedno velk\u00e9 pod\u011bkov\u00e1n\u00ed m\u011bstu Vimperk, kter\u00e9 bylo jedn\u00edm z partner\u016f Koncertu. Nejen, \u017ee n\u00e1m pomohlo finan\u010dn\u00edm p\u0159\u00edsp\u011bvkem, ale M\u011bstsk\u00e9 kulturn\u00ed st\u0159edisko n\u00e1m zap\u016fj\u010dilo lavi\u010dky do s\u00e1lu, odpadkov\u00e9 ko\u0161e a stupn\u011b pod bic\u00ed a perkusy na p\u00f3dium. Moc n\u00e1m pomohla i skute\u010dnost, \u017ee jsme mohli plak\u00e1tovat zdarma na plak\u00e1tovac\u00edch ploch\u00e1ch, ve\u0159ejn\u00e9m osv\u011btlen\u00ed a hl\u00e1sit ozn\u00e1men\u00ed o Koncertu v m\u011bstsk\u00e9m rozhlase. M\u011bstsk\u00e1 policie n\u00e1m nav\u00edc zap\u016fj\u010dila z\u00e1brany do s\u00e1lu. M\u011bsto Vimperk reprezentovan\u00e9 vst\u0159\u00edcn\u00fdm postojem starostky Jaroslavy Martanov\u00e9 bylo opravdu d\u016fle\u017eit\u00fdm partnerem Koncertu. Na skute\u010dnost, \u017ee se n\u00e1s v Ciheln\u011b se\u0161lo kolem sedmi set, m\u016f\u017eeme b\u00fdt pr\u00e1vem hrd\u00ed. Dok\u00e1\u017eeme se spolu bavit a pom\u00e1hat si navz\u00e1jem, a to je skv\u011bl\u00e1 zpr\u00e1va. U\u017e te\u010f se t\u011b\u0161\u00edme na dal\u0161\u00ed ro\u010dn\u00edk.<\/p>\n<p>Prachatick\u00fd den\u00edk<br \/>\n<a href=\"http:\/\/prachaticky.denik.cz\/\">http:\/\/prachaticky.denik.cz\/<\/a><\/p>\n","protected":false},"excerpt":{"rendered":"<div class=\"mh-excerpt\"><p>Prvn\u00ed velk\u00e1 akce nov\u00e9ho spolku byla i velk\u00fdm \u00fasp\u011bchem, koncert potvrdil, \u017ee se lid\u00e9 dok\u00e1\u017e\u00ed bavit a pom\u00e1hat druh\u00fdm sou\u010dasn\u011b<\/p>\n<\/div>","protected":false},"author":1,"featured_media":19889,"comment_status":"open","ping_status":"closed","sticky":false,"template":"","format":"standard","meta":{"footnotes":""},"categories":[9],"tags":[],"class_list":["post-22838","post","type-post","status-publish","format-standard","has-post-thumbnail","hentry","category-zpravy"],"_links":{"self":[{"href":"https:\/\/www.invarena.cz\/index.php?rest_route=\/wp\/v2\/posts\/22838","targetHints":{"allow":["GET"]}}],"collection":[{"href":"https:\/\/www.invarena.cz\/index.php?rest_route=\/wp\/v2\/posts"}],"about":[{"href":"https:\/\/www.invarena.cz\/index.php?rest_route=\/wp\/v2\/types\/post"}],"author":[{"embeddable":true,"href":"https:\/\/www.invarena.cz\/index.php?rest_route=\/wp\/v2\/users\/1"}],"replies":[{"embeddable":true,"href":"https:\/\/www.invarena.cz\/index.php?rest_route=%2Fwp%2Fv2%2Fcomments&post=22838"}],"version-history":[{"count":0,"href":"https:\/\/www.invarena.cz\/index.php?rest_route=\/wp\/v2\/posts\/22838\/revisions"}],"wp:featuredmedia":[{"embeddable":true,"href":"https:\/\/www.invarena.cz\/index.php?rest_route=\/wp\/v2\/media\/19889"}],"wp:attachment":[{"href":"https:\/\/www.invarena.cz\/index.php?rest_route=%2Fwp%2Fv2%2Fmedia&parent=22838"}],"wp:term":[{"taxonomy":"category","embeddable":true,"href":"https:\/\/www.invarena.cz\/index.php?rest_route=%2Fwp%2Fv2%2Fcategories&post=22838"},{"taxonomy":"post_tag","embeddable":true,"href":"https:\/\/www.invarena.cz\/index.php?rest_route=%2Fwp%2Fv2%2Ftags&post=22838"}],"curies":[{"name":"wp","href":"https:\/\/api.w.org\/{rel}","templated":true}]}}