{"id":22841,"date":"2015-09-24T12:44:01","date_gmt":"2015-09-24T10:44:01","guid":{"rendered":"http:\/\/www.invarena.cz\/?p=22841"},"modified":"2015-09-24T12:44:01","modified_gmt":"2015-09-24T10:44:01","slug":"firmy-v-kraji-zamestnavaji-tisice-handicapovanych-lidi","status":"publish","type":"post","link":"https:\/\/www.invarena.cz\/?p=22841","title":{"rendered":"Firmy v kraji zam\u011bstn\u00e1vaj\u00ed tis\u00edce handicapovan\u00fdch lid\u00ed"},"content":{"rendered":"<p><strong>Lid\u00e9 s posti\u017een\u00edm se uplatn\u00ed v administrativ\u011b, v\u00fdrob\u011b textilu a elektrosou\u010d\u00e1stek i jako ostraha. Jejich mzda z\u00e1vis\u00ed na v\u00fdkonnosti.<\/strong> <!--more--><\/p>\n<p>ZL\u00cdNSK\u00dd KRAJ Zaplatit stovky tis\u00edc korun ro\u010dn\u011b do st\u00e1tn\u00edho rozpo\u010dtu, nebo zam\u011bstnat zdravotn\u011b posti\u017een\u00e9? Dilema, kter\u00e9 \u0159e\u0161\u00ed ze z\u00e1kona ka\u017ed\u00e1 firma s v\u00edce ne\u017e 25 zam\u011bstnanci. Ve Zl\u00ednsk\u00e9m kraji v takto velk\u00fdch spole\u010dnostech pracuje 129 tis\u00edc lid\u00ed a t\u00e9m\u011b\u0159 dev\u011bt tis\u00edc z nich tvo\u0159\u00ed pr\u00e1v\u011b zdravotn\u011b posti\u017een\u00ed.<\/p>\n<p>Nejv\u011bt\u0161\u00edmi zam\u011bstnavateli zdravotn\u011b posti\u017een\u00fdch v regionu jsou zl\u00ednsk\u00e1 v\u00fdrobn\u00ed dru\u017estva Integra a Obzor, vset\u00ednsk\u00e1 Irisa a krom\u011b\u0159\u00ed\u017esk\u00e1 spole\u010dnost Plastika. U v\u0161ech z nich tvo\u0159\u00ed zdravotn\u011b posti\u017een\u00ed v\u00edce ne\u017e polovinu v\u0161ech pracovn\u00edk\u016f. Na jejich mzdy a soci\u00e1ln\u00ed a zdravotn\u00ed poji\u0161t\u011bn\u00ed p\u0159isp\u00edv\u00e1 st\u00e1t.<\/p>\n<p>Z 270 zam\u011bstnanc\u016f Integry tvo\u0159\u00ed 80 procent zdravotn\u011b posti\u017een\u00ed. Maj\u00ed pot\u00ed\u017ee s pohybov\u00fdm \u00fastroj\u00edm, d\u00fdch\u00e1n\u00edm, ale i psychick\u00e9 probl\u00e9my.<\/p>\n<p>&#8222;Jak\u00e9 m\u00edsto je pro uchaze\u010de vhodn\u00e9, zji\u0161\u0165ujeme p\u0159i vstupn\u00edm pohovoru,&#8220; upozornil p\u0159edseda p\u0159edstavenstva zl\u00ednsk\u00e9ho v\u00fdrobn\u00edho dru\u017estva Integra Ji\u0159\u00ed Nesvadba.<\/p>\n<p>Posti\u017een\u00ed u Integry pracuj\u00ed nap\u0159\u00edklad v administrativ\u011b, potisku reklamn\u00edch p\u0159edm\u011bt\u016f, v\u00fdrob\u011b a prodeji textilu \u010di p\u0159i hl\u00edd\u00e1n\u00ed budov.<\/p>\n<p>Podobn\u011b jako Integra tak\u00e9 v\u00fdrobn\u00ed dru\u017estvo Obzor Zl\u00edn m\u00e1 se zam\u011bstn\u00e1v\u00e1n\u00edm zdravotn\u011b posti\u017een\u00fdch des\u00edtky let zku\u0161enost\u00ed. V sou\u010dasnosti ve spole\u010dnosti pracuje 178 posti\u017een\u00fdch \u010di zdravotn\u011b znev\u00fdhodn\u011bn\u00fdch lid\u00ed, co\u017e je zhruba 65 procent v\u0161ech jej\u00edch zam\u011bstnanc\u016f. Firma se dlouhodob\u011b specializuje na v\u00fdrobu elektroinstalac\u00ed, dal\u0161\u00edho elektrop\u0159\u00edslu\u0161enstv\u00ed a tak\u00e9 zdravotnick\u00fdch pot\u0159eb. Zdravotn\u011b posti\u017een\u00ed u n\u00ed najdou uplatn\u011bn\u00ed nap\u0159\u00edklad jako mont\u00e1\u017en\u00ed d\u011bln\u00edci.<\/p>\n<p>&#8222;Pracovn\u00edk\u016fm se zdravotn\u00edm handicapem vych\u00e1z\u00edme vst\u0159\u00edc pracovn\u00edm tempem i po\u010dtem p\u0159est\u00e1vek,&#8220; p\u0159ibl\u00ed\u017eil p\u0159edseda dru\u017estva Obzor Zl\u00edn Vladan Zejda.<\/p>\n<p>Jak u Obzoru, tak tak\u00e9 u Integry, se lid\u00e9 se zdravotn\u00edm posti\u017een\u00edm uch\u00e1zej\u00ed o pr\u00e1ci neust\u00e1le. P\u0159i hled\u00e1n\u00ed vhodn\u00fdch kandid\u00e1t\u016f na uvoln\u011bn\u00e9 pracovn\u00ed pozice spolupracuj\u00ed dlouhodob\u011b ob\u011b spole\u010dnosti s \u00fa\u0159adem pr\u00e1ce.<\/p>\n<p>Po\u010det zdravotn\u011b posti\u017een\u00fdch evidovan\u00fdch na \u00fa\u0159adech pr\u00e1ce ve Zl\u00ednsk\u00e9m kraji dos\u00e1hl ke konci srpna po\u010dtu 3 605 osob, tedy 15,3 procenta z celkov\u00e9ho po\u010dtu uchaze\u010d\u016f o pr\u00e1ci.<\/p>\n<p>&#8222;Jejich ochota a chu\u0165 pracovat \u010dasto z\u00e1le\u017e\u00ed na m\u00ed\u0159e posti\u017een\u00ed. Od toho se odv\u00edj\u00ed mo\u017enost naj\u00edt odpov\u00eddaj\u00edc\u00ed pracovn\u00ed uplatn\u011bn\u00ed,&#8220; sd\u011blila \u0159editelka zl\u00ednsk\u00e9ho \u00fa\u0159adu pr\u00e1ce Miriam Majdy\u0161ov\u00e1.<\/p>\n<p>Pot\u00ed\u017ee p\u0159i zam\u011bstn\u00e1v\u00e1n\u00ed zdravotn\u011b posti\u017een\u00fdch p\u016fsob\u00ed i to, \u017ee ve srovn\u00e1n\u00ed se zdravou populac\u00ed maj\u00ed mnohem \u010dast\u011bji ni\u017e\u0161\u00ed dosa\u017een\u00e9 vzd\u011bl\u00e1n\u00ed.<\/p>\n<p>Viktor Chr\u00e1st, redaktor MF DNES<\/p>\n<p>Mlad\u00e1 fronta DNES<\/p>\n","protected":false},"excerpt":{"rendered":"<div class=\"mh-excerpt\"><p>Lid\u00e9 s posti\u017een\u00edm se uplatn\u00ed v administrativ\u011b, v\u00fdrob\u011b textilu a elektrosou\u010d\u00e1stek i jako ostraha. Jejich mzda z\u00e1vis\u00ed na v\u00fdkonnosti.<\/p>\n<\/div>","protected":false},"author":1,"featured_media":1171,"comment_status":"open","ping_status":"closed","sticky":false,"template":"","format":"standard","meta":{"footnotes":""},"categories":[9],"tags":[],"class_list":["post-22841","post","type-post","status-publish","format-standard","has-post-thumbnail","hentry","category-zpravy"],"_links":{"self":[{"href":"https:\/\/www.invarena.cz\/index.php?rest_route=\/wp\/v2\/posts\/22841","targetHints":{"allow":["GET"]}}],"collection":[{"href":"https:\/\/www.invarena.cz\/index.php?rest_route=\/wp\/v2\/posts"}],"about":[{"href":"https:\/\/www.invarena.cz\/index.php?rest_route=\/wp\/v2\/types\/post"}],"author":[{"embeddable":true,"href":"https:\/\/www.invarena.cz\/index.php?rest_route=\/wp\/v2\/users\/1"}],"replies":[{"embeddable":true,"href":"https:\/\/www.invarena.cz\/index.php?rest_route=%2Fwp%2Fv2%2Fcomments&post=22841"}],"version-history":[{"count":0,"href":"https:\/\/www.invarena.cz\/index.php?rest_route=\/wp\/v2\/posts\/22841\/revisions"}],"wp:featuredmedia":[{"embeddable":true,"href":"https:\/\/www.invarena.cz\/index.php?rest_route=\/wp\/v2\/media\/1171"}],"wp:attachment":[{"href":"https:\/\/www.invarena.cz\/index.php?rest_route=%2Fwp%2Fv2%2Fmedia&parent=22841"}],"wp:term":[{"taxonomy":"category","embeddable":true,"href":"https:\/\/www.invarena.cz\/index.php?rest_route=%2Fwp%2Fv2%2Fcategories&post=22841"},{"taxonomy":"post_tag","embeddable":true,"href":"https:\/\/www.invarena.cz\/index.php?rest_route=%2Fwp%2Fv2%2Ftags&post=22841"}],"curies":[{"name":"wp","href":"https:\/\/api.w.org\/{rel}","templated":true}]}}