{"id":22857,"date":"2015-09-27T19:17:51","date_gmt":"2015-09-27T17:17:51","guid":{"rendered":"http:\/\/www.invarena.cz\/?p=22857"},"modified":"2015-09-27T19:17:51","modified_gmt":"2015-09-27T17:17:51","slug":"lide-venuji-i-duchody-aby-michaela-dychala","status":"publish","type":"post","link":"https:\/\/www.invarena.cz\/?p=22857","title":{"rendered":"Lid\u00e9 v\u011bnuj\u00ed i d\u016fchody. Aby Michaela d\u00fdchala"},"content":{"rendered":"<p><strong>L\u00e9ka\u0159i objevili u hol\u010di\u010dky genetickou poruchu, p\u0159i n\u00ed\u017e j\u00ed ochabuje d\u00fdchac\u00ed svalstvo. V Blatnici se skl\u00e1daj\u00ed na p\u0159\u00edstroj, kter\u00fd by j\u00ed ulevil<\/strong><!--more--><\/p>\n<p>Blatnice pod Svat\u00fdm Anton\u00ednkem \u2013 Spin\u00e1ln\u00ed svalov\u00e1 atrofie. Onemocn\u011bn\u00ed, p\u0159i kter\u00e9m \u010dlov\u011bku ochabuje svalstvo. Touto genetickou poruchou trp\u00ed i dvoulet\u00e1 Michaela Dubni\u010dkov\u00e1 z Blatnice pod Svat\u00fdm Anton\u00ednkem. &#8222;Mus\u00edme neust\u00e1le cvi\u010dit, abychom svaly pos\u00edlili. Na to existuje n\u011bkolik metod, zkou\u0161\u00edme v\u0161echno. Jezd\u00edme \u010dasto do l\u00e1zn\u00ed,&#8220; vyl\u00ed\u010dila matka Lenka Vysko\u010dilov\u00e1. Proto\u017ee nemoc m\u016f\u017ee p\u016fsobit krom\u011b jin\u00fdch tak\u00e9 t\u011b\u017ekosti p\u0159i d\u00fdch\u00e1n\u00ed, Michaela v sou\u010dasn\u00e9 dob\u011b pot\u0159ebuje p\u0159\u00edstroj na dechovou rehabilitaci. \u010casto se ozna\u010duje jako ka\u0161lac\u00ed asistent. Jeho cena p\u0159esahuje sto tis\u00edc korun. Vysko\u010dilov\u00e1 se kv\u016fli jeho koupi obr\u00e1tila na obecn\u00ed \u00fa\u0159ad s prosbou o pomoc. Starostka Lenka Fojt\u00edkov\u00e1 nab\u00eddla darem v\u00fdt\u011b\u017eek z dra\u017eby ob\u0159\u00edho hroznu, symbolu Blatnick\u00e9ho vinobran\u00ed, kter\u00e9 se odehr\u00e1lo o uplynul\u00e9m v\u00edkendu. &#8222;Hrozen za deset tis\u00edc korun koupil m\u00edstn\u00ed podnikatel,&#8220; informovala Fojt\u00edkov\u00e1.<br \/>\nKdy\u017e se Blatni\u010dt\u00ed i obyvatel\u00e9 okoln\u00edch obc\u00ed dozv\u011bd\u011bli o Michaelin\u011b osudu, zvedla se obrovsk\u00e1 vlna solidarity. Cht\u011bli p\u0159isp\u011bt. &#8222;Jen do \u00faterka v\u011bnovali je\u0161t\u011b \u0161estadvacet tis\u00edc korun. Nap\u0159\u00edklad d\u011bti z blatnick\u00e9 z\u00e1kladn\u00ed \u0161koly darovaly cel\u00fd zisk ze sb\u011bru pap\u00edru, moder\u00e1to\u0159i vinobran\u00ed se vzdali honor\u00e1\u0159e ve prosp\u011bch nemocn\u00e9 hol\u010di\u010dky a p\u0159isp\u011bl i \u017eensk\u00fd p\u011bveck\u00fd sbor. P\u0159i\u0161el tak\u00e9 star\u0161\u00ed p\u00e1n a v\u011bnoval ze sv\u00e9ho d\u016fchodu dva tis\u00edce korun,&#8220; pouk\u00e1zala na \u0161t\u011bdrost starostka.<br \/>\nV\u010dera odpoledne bylo na kont\u011b pro malou Michaelu zhruba p\u011btapades\u00e1t tis\u00edc. &#8222;Jedna obyvatelka Blatnice p\u0159inesla na p\u0159\u00edstroj dokonce cel\u00fd sv\u016fj d\u016fchod, asi deset tis\u00edc korun. To m\u011b velice dojalo. M\u00edstn\u00ed vina\u0159 poskytl dal\u0161\u00ed \u010dty\u0159i tis\u00edce. Ne\u0161t\u011bst\u00ed mal\u00e9 Michaely obec stmelilo,&#8220; \u0159ekla starostka. Pomoci se rozhodlo i veden\u00ed um\u011bleck\u00e9 \u0161koly ve Str\u00e1\u017enici. Po\u010d\u00e1tkem listopadu pl\u00e1nuje v Blatnici uspo\u0159\u00e1dat benefi\u010dn\u00ed koncert, jeho\u017e v\u00fdt\u011b\u017eek poputuje na podporu nemocn\u00e9ho d\u00edt\u011bte. &#8222;Takov\u00fd ohlas jsme ne\u010dekali. Chceme pod\u011bkovat v\u0161em, co p\u0159isp\u011bli. Jsme r\u00e1di, \u017ee lid\u00e9 nejsou lhostejn\u00ed,&#8220; vzk\u00e1zala Vysko\u010dilov\u00e1. Podle \u0159editelky hodon\u00ednsk\u00e9 nemocnice V\u011bry Dost\u00e1lov\u00e9 se o pacienty se spin\u00e1ln\u00ed muskul\u00e1rn\u00ed atrofi\u00ed staraj\u00ed p\u0159edev\u0161\u00edm l\u00e9ka\u0159i na specializovan\u00fdch vy\u0161\u0161\u00edch pracovi\u0161t\u00edch. &#8222;Mohou to b\u00fdt nap\u0159\u00edklad neurologick\u00e9 kliniky,&#8220; uvedla \u0159editelka. Nemoc je zap\u0159\u00ed\u010din\u011bn\u00e1 odum\u00edr\u00e1n\u00edm neuron\u016f v m\u00ed\u0161e, postihuje tedy nervovou soustavu. &#8222;Svaly miz\u00ed druhotn\u011b z d\u016fvodu ztr\u00e1ty kontaktu s neurony. Centr\u00e1ln\u00ed motoneuron funguje, ale motoneuron, kter\u00fd jej spojuje se svalem, pomalu funk\u010dnost ztr\u00e1c\u00ed. Posti\u017een\u00fd \u010dlov\u011bk postupn\u011b ochrnuje a ochabuje. To vede a\u017e k \u00famrt\u00ed. Atrofie m\u00e1 n\u011bkolik forem, n\u011bkter\u00e9 jsou m\u00e9n\u011b z\u00e1va\u017en\u00e9,&#8220; vysv\u011btlil brn\u011bnsk\u00fd neurolog Jaroslav Lneni\u010dka.<br \/>\nOchabl\u00e9 svalstvo vede v ur\u010dit\u00fdch p\u0159\u00edpadech k probl\u00e9m\u016fm s d\u00fdch\u00e1n\u00edm, proto posti\u017een\u00ed lid\u00e9 vyu\u017e\u00edvaj\u00ed ka\u0161lac\u00edho asistenta. To je p\u0159\u00edstroj, kter\u00fd vytv\u00e1\u0159\u00ed p\u0159etlak a n\u00e1hle podtlak. D\u00edky tomu se l\u00e9pe vyka\u0161l\u00e1vaj\u00ed hleny. &#8222;Na u\u017eivatele je napojen\u00fd pomoc\u00ed hadice, na jej\u00edm\u017e konci je maska na nos a \u00fasta. Je ur\u010den\u00fd p\u0159edev\u0161\u00edm pro lidi, co nemohou ka\u0161lat,&#8220; vysv\u011btlil aplika\u010dn\u00ed specialista firmy Linde Jakub N\u00e1pravn\u00edk s t\u00edm, \u017ee za\u0159\u00edzen\u00ed je mo\u017en\u00e9 si i pronajmout. S ka\u0161lac\u00edm asistentem m\u00e1 zku\u0161enost t\u0159eba l\u00e9ka\u0159ka Jana Tytlov\u00e1. &#8222;Zkou\u0161eli jsme ho po dobu n\u011bkolika m\u011bs\u00edc\u016f na dvou chlapc\u00edch, v\u00fdsledky jsou pozitivn\u00ed, cht\u011bli bychom p\u0159\u00edstroj koupit,&#8220; zhodnotila.<\/p>\n<p>&nbsp;<\/p>\n<p>ROMAN DOLEJSK\u00dd<br \/>\nHodon\u00ednsk\u00fd den\u00edk<br \/>\n<a href=\"http:\/\/hodoninsky.denik.cz\/\">http:\/\/hodoninsky.denik.cz\/<\/a><\/p>\n","protected":false},"excerpt":{"rendered":"<div class=\"mh-excerpt\"><p>L\u00e9ka\u0159i objevili u hol\u010di\u010dky genetickou poruchu, p\u0159i n\u00ed\u017e j\u00ed ochabuje d\u00fdchac\u00ed svalstvo. V Blatnici se skl\u00e1daj\u00ed na p\u0159\u00edstroj, kter\u00fd by j\u00ed ulevil<\/p>\n<\/div>","protected":false},"author":1,"featured_media":0,"comment_status":"open","ping_status":"closed","sticky":false,"template":"","format":"standard","meta":{"footnotes":""},"categories":[9],"tags":[],"class_list":["post-22857","post","type-post","status-publish","format-standard","hentry","category-zpravy"],"_links":{"self":[{"href":"https:\/\/www.invarena.cz\/index.php?rest_route=\/wp\/v2\/posts\/22857","targetHints":{"allow":["GET"]}}],"collection":[{"href":"https:\/\/www.invarena.cz\/index.php?rest_route=\/wp\/v2\/posts"}],"about":[{"href":"https:\/\/www.invarena.cz\/index.php?rest_route=\/wp\/v2\/types\/post"}],"author":[{"embeddable":true,"href":"https:\/\/www.invarena.cz\/index.php?rest_route=\/wp\/v2\/users\/1"}],"replies":[{"embeddable":true,"href":"https:\/\/www.invarena.cz\/index.php?rest_route=%2Fwp%2Fv2%2Fcomments&post=22857"}],"version-history":[{"count":0,"href":"https:\/\/www.invarena.cz\/index.php?rest_route=\/wp\/v2\/posts\/22857\/revisions"}],"wp:attachment":[{"href":"https:\/\/www.invarena.cz\/index.php?rest_route=%2Fwp%2Fv2%2Fmedia&parent=22857"}],"wp:term":[{"taxonomy":"category","embeddable":true,"href":"https:\/\/www.invarena.cz\/index.php?rest_route=%2Fwp%2Fv2%2Fcategories&post=22857"},{"taxonomy":"post_tag","embeddable":true,"href":"https:\/\/www.invarena.cz\/index.php?rest_route=%2Fwp%2Fv2%2Ftags&post=22857"}],"curies":[{"name":"wp","href":"https:\/\/api.w.org\/{rel}","templated":true}]}}