{"id":22869,"date":"2015-09-28T12:21:59","date_gmt":"2015-09-28T10:21:59","guid":{"rendered":"http:\/\/www.invarena.cz\/?p=22869"},"modified":"2015-09-28T12:21:59","modified_gmt":"2015-09-28T10:21:59","slug":"pruzkum-tvrdi-ze-cesi-patri-mezi-nejcistotnejsi-evropany","status":"publish","type":"post","link":"https:\/\/www.invarena.cz\/?p=22869","title":{"rendered":"Pr\u016fzkum tvrd\u00ed, \u017ee \u010ce\u0161i pat\u0159\u00ed mezi nej\u010distotn\u011bj\u0161\u00ed Evropany"},"content":{"rendered":"<p><strong>\u010ce\u0161i pat\u0159\u00ed v Evrop\u011b mezi nej\u010distotn\u011bj\u0161\u00ed n\u00e1rody. Tvrd\u00ed to alespo\u0148 ned\u00e1vn\u00fd pr\u016fzkum zji\u0161\u0165uj\u00edc\u00ed hygienick\u00e9 n\u00e1vyky v n\u011bkolika evropsk\u00fdch st\u00e1tech. Osobn\u00ed hygienu, tedy myt\u00ed t\u011bla a vlas\u016f, \u010di\u0161t\u011bn\u00ed zub\u016f nebo holen\u00ed, pova\u017euje za velmi d\u016fle\u017eitou 76 procent \u010cech\u016f. <\/strong><!--more--><\/p>\n<p>foto: Studio CI Art Photl<\/p>\n<p>T\u00e9m\u011b\u0159 t\u0159i p\u011btiny \u010cech\u016f (58 procent) se t\u00e9to \u010dinnosti v\u011bnuje v\u00edce ne\u017e p\u016fl hodiny denn\u011b, t\u0159etina dot\u00e1zan\u00fdch dokonce v\u00edce ne\u017e 50 minut denn\u011b. Pr\u016fzkum provedla spole\u010dnost GfK pro spole\u010dnost, kter\u00e1 se zab\u00fdv\u00e1 v\u00fdrobou sanit\u00e1rn\u00ed techniky.<\/p>\n<p>V minul\u00fdch letech se podobn\u00e9 pr\u016fzkumy uskute\u010dnily i ve \u0160v\u00fdcarsku, N\u011bmecku, It\u00e1lii, \u0160pan\u011blsku, Nizozemsku, Francii, Brit\u00e1nii, Belgii, D\u00e1nsku, Norsku, Polsku a Slovensku.<\/p>\n<p>Ve srovn\u00e1n\u00ed s dal\u0161\u00edmi evropsk\u00fdmi n\u00e1rody vych\u00e1zej\u00ed \u010ce\u0161i jako ti \u010distotn\u011bj\u0161\u00ed. Pr\u016fzkum uk\u00e1zal, \u017ee jen 47 procent Evropan\u016f tr\u00e1v\u00ed osobn\u00ed hygienou v\u00edce ne\u017e 30 minut denn\u011b. Z pr\u016fzkumu vy\u0161li jako nej\u010distotn\u011bj\u0161\u00ed n\u00e1rody Pol\u00e1ci a Italov\u00e9, za m\u00e9n\u011b podstatnou pova\u017euj\u00ed osobn\u00ed hygienu Norov\u00e9, Nizozemci a Belgi\u010dan\u00e9.<\/p>\n<p>Minim\u00e1ln\u011b jednou za den se sprchuje t\u00e9m\u011b\u0159 osm z deseti \u010cech\u016f (78 procent), zat\u00edmco vanu si ka\u017ed\u00fd den napust\u00ed jen 11 procent respondent\u016f. &#8222;V obou p\u0159\u00edpadech jsme v\u0161ak nad evropsk\u00fdm pr\u016fm\u011brem&#8230;V\u00edce jak dv\u011b t\u0159etiny Evropan\u016f (69 procent) se sprchuje alespo\u0148 jednou denn\u011b, vanu si v\u0161ak napust\u00ed pouze \u0161est procent,&#8220; vypl\u00fdv\u00e1 z pr\u016fzkumu. Prvenstv\u00ed v t\u00e9to v\u011bci op\u011bt dr\u017e\u00ed Pol\u00e1ci, alespo\u0148 jednou denn\u011b se toti\u017e vysprchuje 84 procent z nich a vykoupe v\u00edce ne\u017e p\u011btina.<\/p>\n<p>N\u00e1v\u0161t\u011bva dom\u00e1c\u00ed toalety nen\u00ed pro velkou \u010d\u00e1st \u010cech\u016f bezprobl\u00e9mov\u00e1 &#8211; t\u00e9m\u011b\u0159 dv\u011b t\u0159etiny \u010cech\u016f otravuje z\u00e1pach a pocit ne\u010distoty, n\u00e1sleduje spot\u0159eba vody (41 procent) a pap\u00edru (24 procent). Z\u00e1pach a pocit ne\u010distoty znepokojuj\u00ed pr\u016fm\u011brn\u011b jen ka\u017ed\u00e9ho druh\u00e9ho Evropana. <\/p>\n<p>Dvan\u00e1ct procent \u010cech\u016f m\u00e1 nep\u0159\u00edjemn\u00fd pocit nedokonal\u00e9 o\u010disty po vykon\u00e1n\u00ed velk\u00e9 pot\u0159eby a tr\u00e1p\u00ed ho \u0161pinav\u00e9 spodn\u00ed pr\u00e1dlo. Podobn\u00e9 probl\u00e9my s hygienou tr\u00e1p\u00ed i 13 procent Evropan\u016f. V\u011bt\u0161ina z nich by tyto pot\u00ed\u017ee \u0159e\u0161ila pomoc\u00ed vody, a to nej\u010dast\u011bji toalety s vestav\u011bnou sprchou, n\u00e1sleduje bidet, ru\u010dn\u00ed sprcha a klasick\u00e1 sprcha, uv\u00e1d\u00ed pr\u016fzkum.<\/p>\n","protected":false},"excerpt":{"rendered":"<div class=\"mh-excerpt\"><p>\u010ce\u0161i pat\u0159\u00ed v Evrop\u011b mezi nej\u010distotn\u011bj\u0161\u00ed n\u00e1rody. Tvrd\u00ed to alespo\u0148 ned\u00e1vn\u00fd pr\u016fzkum zji\u0161\u0165uj\u00edc\u00ed hygienick\u00e9 n\u00e1vyky v n\u011bkolika evropsk\u00fdch st\u00e1tech. Osobn\u00ed hygienu, tedy myt\u00ed t\u011bla a <a class=\"mh-excerpt-more\" href=\"https:\/\/www.invarena.cz\/?p=22869\" title=\"Pr\u016fzkum tvrd\u00ed, \u017ee \u010ce\u0161i pat\u0159\u00ed mezi nej\u010distotn\u011bj\u0161\u00ed Evropany\">[&#8230;]<\/a><\/p>\n<\/div>","protected":false},"author":1,"featured_media":14563,"comment_status":"open","ping_status":"closed","sticky":false,"template":"","format":"standard","meta":{"footnotes":""},"categories":[11],"tags":[],"class_list":["post-22869","post","type-post","status-publish","format-standard","has-post-thumbnail","hentry","category-zdravi"],"_links":{"self":[{"href":"https:\/\/www.invarena.cz\/index.php?rest_route=\/wp\/v2\/posts\/22869","targetHints":{"allow":["GET"]}}],"collection":[{"href":"https:\/\/www.invarena.cz\/index.php?rest_route=\/wp\/v2\/posts"}],"about":[{"href":"https:\/\/www.invarena.cz\/index.php?rest_route=\/wp\/v2\/types\/post"}],"author":[{"embeddable":true,"href":"https:\/\/www.invarena.cz\/index.php?rest_route=\/wp\/v2\/users\/1"}],"replies":[{"embeddable":true,"href":"https:\/\/www.invarena.cz\/index.php?rest_route=%2Fwp%2Fv2%2Fcomments&post=22869"}],"version-history":[{"count":0,"href":"https:\/\/www.invarena.cz\/index.php?rest_route=\/wp\/v2\/posts\/22869\/revisions"}],"wp:featuredmedia":[{"embeddable":true,"href":"https:\/\/www.invarena.cz\/index.php?rest_route=\/wp\/v2\/media\/14563"}],"wp:attachment":[{"href":"https:\/\/www.invarena.cz\/index.php?rest_route=%2Fwp%2Fv2%2Fmedia&parent=22869"}],"wp:term":[{"taxonomy":"category","embeddable":true,"href":"https:\/\/www.invarena.cz\/index.php?rest_route=%2Fwp%2Fv2%2Fcategories&post=22869"},{"taxonomy":"post_tag","embeddable":true,"href":"https:\/\/www.invarena.cz\/index.php?rest_route=%2Fwp%2Fv2%2Ftags&post=22869"}],"curies":[{"name":"wp","href":"https:\/\/api.w.org\/{rel}","templated":true}]}}