{"id":22870,"date":"2015-09-28T12:25:31","date_gmt":"2015-09-28T10:25:31","guid":{"rendered":"http:\/\/www.invarena.cz\/?p=22870"},"modified":"2015-09-28T12:36:34","modified_gmt":"2015-09-28T10:36:34","slug":"svaty-vaclav-pozdravi-po-poledni-jarmarecniky","status":"publish","type":"post","link":"https:\/\/www.invarena.cz\/?p=22870","title":{"rendered":"Svat\u00fd V\u00e1clav pozdrav\u00ed po poledni jarmare\u010dn\u00edky"},"content":{"rendered":"<p><strong>Tradi\u010dn\u00ed Svatov\u00e1clavsk\u00fd jarmark po\u0159\u00e1d\u00e1 v pond\u011bl\u00ed 28. z\u00e1\u0159\u00ed centr\u00e1ln\u00ed ostravsk\u00fd m\u011bstsk\u00fd obvod Moravsk\u00e1 Ostrava a P\u0159\u00edvoz. Jarmark se uskute\u010dn\u00ed od 10 do 18 hodin na n\u00e1m\u011bst\u00ed Svatopluka \u010cecha v P\u0159\u00edvoze.<\/strong><!--more--><\/p>\n<p>foto: ministranti.info<\/p>\n<p>&#8222;Hlavn\u00ed sc\u00e9nou jarmarku bude kn\u00ed\u017eec\u00ed dv\u016fr, kde se vyst\u0159\u00edd\u00e1 b\u011bhem dne \u0159ada \u00fa\u010dinkuj\u00edc\u00edch. P\u0159ipraveny jsou koncerty st\u0159edov\u011bk\u00e9 hudby, \u0161erm\u00ed\u0159sk\u00e1 kl\u00e1n\u00ed, uk\u00e1zky ze sokolnictv\u00ed, nejen d\u011bti zaujme d\u00edlna s ra\u017ebou minc\u00ed, st\u0159edov\u011bk\u00e9 lazebnictv\u00ed nebo dobov\u00fd silom\u011br,&#8220; nast\u00ednila, co mohou lid\u00e9 na n\u00e1m\u011bst\u00ed naj\u00edt, starostka obvodu Petra Bernfeldov\u00e1 (Ostravak). Dv\u011b hodiny po poledni doraz\u00ed na jarmark s\u00e1m svat\u00fd V\u00e1clav s kn\u00ed\u017eec\u00edm pr\u016fvodem. <\/p>\n<p><strong>Doraz\u00ed i kn\u00ed\u017ee<\/strong><\/p>\n<p>V\u00edce ne\u017e 60 druh\u016f piv od 25 pivovar\u016f mohou ochutnat n\u00e1v\u0161t\u011bvn\u00edci leto\u0161n\u00edch Svatov\u00e1clavsk\u00fdch pivn\u00edch slavnost\u00ed, kter\u00e9 se uskute\u010dn\u00ed v ned\u011bli 27. a v pond\u011bl\u00ed 28. z\u00e1\u0159\u00ed v Z\u00e1mku Z\u00e1b\u0159eh. Akci zah\u00e1j\u00ed v sobotu ve 14 hodin slavnostn\u00ed pr\u016fvod svat\u00e9ho V\u00e1clava s jeho dru\u017einou. Po oba dny nebude krom\u011b piva chyb\u011bt ani kulturn\u00ed program. <\/p>\n<p><strong>Sv. V\u00e1clav na vinici i v kostele<\/strong><\/p>\n<p>Svatov\u00e1clavsk\u00e9 vinobran\u00ed<\/p>\n<p>Kde jinde oslavit sv\u00e1tek sv. V\u00e1clava ne\u017e v are\u00e1lu vinice, kterou kn\u00ed\u017ee V\u00e1clav podle legendy s\u00e1m zalo\u017eil. Vinobran\u00ed ve Svatov\u00e1clavsk\u00e9 vinici na Pra\u017esk\u00e9m hrad\u011b se uskute\u010dn\u00ed v ned\u011bli i v pond\u011bl\u00ed a p\u0159edstav\u00ed v\u00edna na\u0161ich nejv\u00fdznamn\u011bj\u0161\u00edch vina\u0159stv\u00ed. Gastronomick\u00fd z\u00e1\u017eitek dopln\u00ed nab\u00eddka grilovan\u00e9ho masa, s\u00fdr\u016f a pa\u0161tik. Vyzkou\u0161et si m\u016f\u017eete pr\u00e1ci s historick\u00fdm vina\u0159sk\u00fdm n\u00e1\u010din\u00edm a chyb\u011bt nebude ani cimb\u00e1lovka nebo ochutn\u00e1vka bur\u010d\u00e1ku. To v\u0161e s kr\u00e1sn\u00fdm v\u00fdhledem na Prahu.<\/p>\n<p>Pou\u0165 na Proseku<\/p>\n<p>V\u00edkendov\u00e1 Svatov\u00e1clavsk\u00e1 pou\u0165 na Proseku nab\u00eddne t\u0159eba ochutn\u00e1vku v\u00edn a bur\u010d\u00e1ku nebo kulturn\u00ed program. Sobotn\u00ed program za\u010d\u00edn\u00e1 v 11 hodin, v ned\u011bli se zahajuje u\u017e v 10 hodin. Vystoup\u00ed nap\u0159\u00edklad zp\u011bv\u00e1k Michal David a d\u011bti jist\u011b ocen\u00ed sk\u00e1kac\u00ed hrad nebo ochutn\u00e1vku d\u011btsk\u00fdch jogurt\u016f. Svat\u00fd V\u00e1clav s dru\u017einou na pou\u0165 doraz\u00ed v sobotu ve 14.45 hodin.<\/p>\n<p>Svatov\u00e1clavsk\u00fd koncert<\/p>\n<p>Ve svatov\u00edtsk\u00e9 katedr\u00e1le na v\u00e1s v p\u0159edve\u010der sv\u00e1tku sv. V\u00e1clava v 18 hodin \u010dek\u00e1 koncert v\u00e1\u017en\u00e9 hudby. Vystoup\u00ed tam Symfonick\u00fd dechov\u00fd orchestr Hudby Hradn\u00ed str\u00e1\u017ee a Policie \u010cesk\u00e9 republiky. Dirigovat bude V\u00e1clav Blahunek a Ji\u0159\u00ed Kub\u00edk, p\u0159edstav\u00ed se i K\u00fchn\u016fv sm\u00ed\u0161en\u00fd sbor.<\/p>\n<p>Slavnosti pod ocasem<\/p>\n<p>Slavit se bude i na V\u00e1clavsk\u00e9m n\u00e1m\u011bst\u00ed. O v\u00edkendu bude &#8222;pod ocasem&#8220; prob\u00edhat kulturn\u00ed a hudebn\u00ed program. Ob\u010derstven\u00ed nebo \u0159emesln\u00e9 v\u00fdrobky si m\u016f\u017eete zakoupit v n\u011bkolika st\u00e1nc\u00edch. V ned\u011bli se pak k horn\u00ed \u010d\u00e1sti V\u00e1clavsk\u00e9ho n\u00e1m\u011bst\u00ed vyd\u00e1 slavnostn\u00ed svatov\u00e1clavsk\u00fd pr\u016fvod s ko\u0148mi.<\/p>\n<p>Svatov\u00e1clavsk\u00e9 odpoledne<\/p>\n<p>M\u011bstsk\u00e1 \u010d\u00e1st Praha 13 p\u0159ipravila na sv\u00e1tek sv. V\u00e1clava sportovn\u00ed a kulturn\u00ed odpoledne pro d\u011bti i dosp\u011bl\u00e9. Jeho sou\u010d\u00e1st\u00ed bude t\u0159eba orienta\u010dn\u00ed b\u011bh o ceny. D\u00e1le si budete moci prohl\u00e9dnout t\u0159eba hasi\u010dsk\u00fd v\u016fz, nakoupit d\u00e1rky a ob\u010derstven\u00ed ve st\u00e1nc\u00edch nebo si poslechnout hudebn\u00ed vystoupen\u00ed. Program se uskute\u010dn\u00ed v Centr\u00e1ln\u00edm parku od 14 hodin.<\/p>\n<p>Hanspaulsk\u00e9 slavnosti<\/p>\n<p>St\u00e1nky s tradi\u010dn\u00edmi \u0159emesly, gastronomick\u00e9 speciality, peka\u0159sk\u00e9 v\u00fdrobky, dobr\u00e1 k\u00e1va a tak\u00e9 i bur\u010d\u00e1k a v\u00edno. To v\u0161echno na v\u00e1s \u010dek\u00e1 v pond\u011bln\u00ed od 14 hodin v parku na Hanspaulce. Zahraje t\u0159eba Ivan Hlas \u010di kapela Wooden Shoes.<\/p>\n<p>Pou\u0165 ve Star\u00e9 Boleslavi<\/p>\n<p>V den sv. V\u00e1clava se po cel\u00e9 republice konaj\u00ed i duchovn\u00ed akce. Ta nejv\u011bt\u0161\u00ed se od p\u00e1tku do pond\u011bl\u00ed uskute\u010dn\u00ed jako ka\u017ed\u00fd rok ve Star\u00e9 Boleslavi, kter\u00e1 m\u00e1 b\u00fdt takov\u00fdm nov\u00fdm Velehradem. V pond\u011bl\u00ed v 10 hodin za\u010dne na Mari\u00e1nsk\u00e9m n\u00e1m\u011bst\u00ed poutn\u00ed m\u0161e svat\u00e1. Jej\u00edm hlavn\u00edm celebrantem bude Msgre. Franti\u0161ek Radkovsk\u00fd, kazatelem pak pra\u017esk\u00fd arcibiskup kardin\u00e1l Dominik Duka. Na duchovn\u00ed program nav\u00e1\u017ee program kulturn\u00ed. Vystoup\u00ed t\u0159eba Marta Kubi\u0161ov\u00e1. Celou pou\u0165 ukon\u010d\u00ed slavnostn\u00ed oh\u0148ostroj.<\/p>\n<p>Svatov\u00e1clavsk\u00e1 m\u0161e<\/p>\n<p>Duchovn\u00ed program prob\u011bhne v pond\u011bl\u00ed tak\u00e9 ve svatov\u00edtsk\u00e9 katedr\u00e1le na Pra\u017esk\u00e9m hrad\u011b. Od 17 hodin si z\u00e1jemci mohou vyslechnout latinsky zp\u00edvan\u00e9 ne\u0161pory, kter\u00e9 uvede Pra\u017esk\u00fd katedr\u00e1ln\u00ed sbor. Od 18 hodin se uskute\u010dn\u00ed m\u0161e ke sv\u00e1tku sv. V\u00e1clava. Celebrovat ji bude pra\u017esk\u00fd arcibiskup Dominik Duka.<\/p>\n<p>Foto: Pou\u0165 Ve Star\u00e9 Boleslavi budou ostatky sv. V\u00e1clava.<br \/>\nFoto: archiv MAFRA<\/p>\n<p>Mutace &#8211; Mlad\u00e1 fronta DNES <\/p>\n","protected":false},"excerpt":{"rendered":"<div class=\"mh-excerpt\"><p>Tradi\u010dn\u00ed Svatov\u00e1clavsk\u00fd jarmark po\u0159\u00e1d\u00e1 v pond\u011bl\u00ed 28. z\u00e1\u0159\u00ed centr\u00e1ln\u00ed ostravsk\u00fd m\u011bstsk\u00fd obvod Moravsk\u00e1 Ostrava a P\u0159\u00edvoz. Jarmark se uskute\u010dn\u00ed od 10 do 18 hodin na <a class=\"mh-excerpt-more\" href=\"https:\/\/www.invarena.cz\/?p=22870\" title=\"Svat\u00fd V\u00e1clav pozdrav\u00ed po poledni jarmare\u010dn\u00edky\">[&#8230;]<\/a><\/p>\n<\/div>","protected":false},"author":1,"featured_media":22871,"comment_status":"open","ping_status":"closed","sticky":false,"template":"","format":"standard","meta":{"footnotes":""},"categories":[17],"tags":[],"class_list":["post-22870","post","type-post","status-publish","format-standard","has-post-thumbnail","hentry","category-kultura"],"_links":{"self":[{"href":"https:\/\/www.invarena.cz\/index.php?rest_route=\/wp\/v2\/posts\/22870","targetHints":{"allow":["GET"]}}],"collection":[{"href":"https:\/\/www.invarena.cz\/index.php?rest_route=\/wp\/v2\/posts"}],"about":[{"href":"https:\/\/www.invarena.cz\/index.php?rest_route=\/wp\/v2\/types\/post"}],"author":[{"embeddable":true,"href":"https:\/\/www.invarena.cz\/index.php?rest_route=\/wp\/v2\/users\/1"}],"replies":[{"embeddable":true,"href":"https:\/\/www.invarena.cz\/index.php?rest_route=%2Fwp%2Fv2%2Fcomments&post=22870"}],"version-history":[{"count":0,"href":"https:\/\/www.invarena.cz\/index.php?rest_route=\/wp\/v2\/posts\/22870\/revisions"}],"wp:featuredmedia":[{"embeddable":true,"href":"https:\/\/www.invarena.cz\/index.php?rest_route=\/wp\/v2\/media\/22871"}],"wp:attachment":[{"href":"https:\/\/www.invarena.cz\/index.php?rest_route=%2Fwp%2Fv2%2Fmedia&parent=22870"}],"wp:term":[{"taxonomy":"category","embeddable":true,"href":"https:\/\/www.invarena.cz\/index.php?rest_route=%2Fwp%2Fv2%2Fcategories&post=22870"},{"taxonomy":"post_tag","embeddable":true,"href":"https:\/\/www.invarena.cz\/index.php?rest_route=%2Fwp%2Fv2%2Ftags&post=22870"}],"curies":[{"name":"wp","href":"https:\/\/api.w.org\/{rel}","templated":true}]}}