{"id":22873,"date":"2015-09-29T06:46:24","date_gmt":"2015-09-29T04:46:24","guid":{"rendered":"http:\/\/www.invarena.cz\/?p=22873"},"modified":"2015-09-29T06:46:24","modified_gmt":"2015-09-29T04:46:24","slug":"eutanazie-na-slovensku-otec-odpojil-syna-od-pristroju","status":"publish","type":"post","link":"https:\/\/www.invarena.cz\/?p=22873","title":{"rendered":"Eutanazie na Slovensku: otec odpojil syna od p\u0159\u00edstroj\u016f"},"content":{"rendered":"<p><strong>Slovensk\u00e1 policie podez\u00edr\u00e1 \u0161esta\u010dty\u0159icetilet\u00e9ho mu\u017ee z Popradu na v\u00fdchod\u011b zem\u011b, \u017ee v sobotu odpojil od p\u0159\u00edstroj\u016f sv\u00e9ho \u010dty\u0159iadvacetilet\u00e9ho syna s po\u0161kozen\u00fdm mozkem. <\/strong><!--more--><\/p>\n<p>&#8222;Policie u\u017e mu\u017ee obvinila z vra\u017edy,&#8220; uvedl server Pravda.sk. Eutanazie nen\u00ed na Slovensku povolena.<br \/>\n    Otec Jozef podle policejn\u00ed verze v sobotu odpoledne p\u0159eru\u0161il vzduchovou ventilaci, kterou m\u011bl jeho syn Dominik napojenou na krk, a mlad\u00edk se udusil. Mlad\u00edkova matka byla tou dobou v nemocnici v Levo\u010di.<br \/>\n    &#8222;Kdy\u017e pro Jozefa p\u0159i\u0161li policist\u00e9, m\u011bl upito&#8230; Jestli se opil pot\u00e9, co chlapec zem\u0159el, anebo to ud\u011blal v opilosti, to a\u0165 si zjist\u00ed policie. M\u00e1lokdo si ale um\u00ed p\u0159edstavit, jak\u00e9 to je pe\u010dovat o takov\u00e9ho imobiln\u00edho \u010dlov\u011bka. Ned\u00e1v\u00e1 mu to ale pr\u00e1vo odpojit mu p\u0159\u00edstroj, kter\u00fd jej udr\u017euje p\u0159i \u017eivot\u011b,&#8220; \u0159ekla serveru Cas.sk sousedka.<br \/>\n    Vy\u0161et\u0159ovatel v Pre\u0161ov\u011b pova\u017euje p\u0159\u00edpad za &#8222;zvl\u00e1\u0161t\u011b z\u00e1va\u017en\u00fd zlo\u010din vra\u017edy&#8220;, a tak v p\u0159\u00edpad\u011b prok\u00e1z\u00e1n\u00ed viny hroz\u00ed obvin\u011bn\u00e9mu 20 a\u017e 25 let v\u011bzen\u00ed.<br \/>\n    Vzhledem k okolnostem by v\u0161ak podle n\u011bkter\u00fdch odborn\u00edk\u016f mohl b\u00fdt trest mnohem ni\u017e\u0161\u00ed. Svou roli tak\u00e9 mohl sehr\u00e1t psychick\u00fd stav otce, tedy vy\u0161et\u0159ov\u00e1n\u00ed by m\u011blo dok\u00e1zat, zda byl v dob\u011b \u010dinu p\u0159\u00ed\u010detn\u00fd. Okolnosti toti\u017e pr\u00fd mohly v\u00e9st k &#8222;moment\u00e1ln\u00ed&#8220; du\u0161evn\u00ed poru\u0161e.<br \/>\n    &#8222;V tomto p\u0159\u00edpadu je d\u016fle\u017eit\u00fd motiv. Pokud \u0161lo o nezvratn\u00fd zdravotn\u00ed stav, otec z\u0159ejm\u011b jednal v p\u0159esv\u011bd\u010den\u00ed, \u017ee synovi ulev\u00ed. \u0160lo by o tzv. usmrcen\u00ed ze soucitu,&#8220; \u0159ekl serveru Pravda.sk docent Peter Pol\u00e1k, podle kter\u00e9ho by soud v takov\u00e9m p\u0159\u00edpad\u011b mohl upustit od trestu, anebo jej zm\u00edrnit, t\u0159eba na deset let.<br \/>\n    Podobn\u00fd p\u0159\u00edpad p\u0159\u00edm\u00e9 eutanazie na Slovensku si v\u0161ak nepamatuje, a tak by verdikt mohl znamenat precedens. &#8222;Nev\u00edm, zda se na Slovensku najde soudce, kter\u00fd by si troufl neulo\u017eit \u017e\u00e1dn\u00fd trest,&#8220; uzav\u0159el Pol\u00e1k.<\/p>\n","protected":false},"excerpt":{"rendered":"<div class=\"mh-excerpt\"><p>Slovensk\u00e1 policie podez\u00edr\u00e1 \u0161esta\u010dty\u0159icetilet\u00e9ho mu\u017ee z Popradu na v\u00fdchod\u011b zem\u011b, \u017ee v sobotu odpojil od p\u0159\u00edstroj\u016f sv\u00e9ho \u010dty\u0159iadvacetilet\u00e9ho syna s po\u0161kozen\u00fdm mozkem.<\/p>\n<\/div>","protected":false},"author":1,"featured_media":0,"comment_status":"open","ping_status":"closed","sticky":false,"template":"","format":"standard","meta":{"footnotes":""},"categories":[9],"tags":[],"class_list":["post-22873","post","type-post","status-publish","format-standard","hentry","category-zpravy"],"_links":{"self":[{"href":"https:\/\/www.invarena.cz\/index.php?rest_route=\/wp\/v2\/posts\/22873","targetHints":{"allow":["GET"]}}],"collection":[{"href":"https:\/\/www.invarena.cz\/index.php?rest_route=\/wp\/v2\/posts"}],"about":[{"href":"https:\/\/www.invarena.cz\/index.php?rest_route=\/wp\/v2\/types\/post"}],"author":[{"embeddable":true,"href":"https:\/\/www.invarena.cz\/index.php?rest_route=\/wp\/v2\/users\/1"}],"replies":[{"embeddable":true,"href":"https:\/\/www.invarena.cz\/index.php?rest_route=%2Fwp%2Fv2%2Fcomments&post=22873"}],"version-history":[{"count":0,"href":"https:\/\/www.invarena.cz\/index.php?rest_route=\/wp\/v2\/posts\/22873\/revisions"}],"wp:attachment":[{"href":"https:\/\/www.invarena.cz\/index.php?rest_route=%2Fwp%2Fv2%2Fmedia&parent=22873"}],"wp:term":[{"taxonomy":"category","embeddable":true,"href":"https:\/\/www.invarena.cz\/index.php?rest_route=%2Fwp%2Fv2%2Fcategories&post=22873"},{"taxonomy":"post_tag","embeddable":true,"href":"https:\/\/www.invarena.cz\/index.php?rest_route=%2Fwp%2Fv2%2Ftags&post=22873"}],"curies":[{"name":"wp","href":"https:\/\/api.w.org\/{rel}","templated":true}]}}