{"id":22875,"date":"2015-09-29T09:25:29","date_gmt":"2015-09-29T07:25:29","guid":{"rendered":"http:\/\/www.invarena.cz\/?p=22875"},"modified":"2015-09-29T09:25:29","modified_gmt":"2015-09-29T07:25:29","slug":"na-posed-si-vyjedou-i-vozickari","status":"publish","type":"post","link":"https:\/\/www.invarena.cz\/?p=22875","title":{"rendered":"Na posed si vyjedou i voz\u00ed\u010dk\u00e1\u0159i"},"content":{"rendered":"<p><strong>Klimkovick\u00e9 sdru\u017een\u00ed vybavilo lesn\u00ed park t\u0159emi des\u00edtkami d\u0159ev\u011bn\u00fdch prvk\u016f<\/strong> <!--more--><\/p>\n<p>Ostrava \u2013 Prvn\u00ed posed pro voz\u00ed\u010dk\u00e1\u0159e je sou\u010d\u00e1st\u00ed nov\u011b dokon\u010den\u00e9 \u010d\u00e1sti lesn\u00edho parku v Klimkovic\u00edch. Otev\u0159ena byla v sobotu v r\u00e1mci u\u017e tradi\u010dn\u00edho Klimkovick\u00e9ho vzduchobran\u00ed. Lesn\u00ed park, kter\u00fd za\u010dalo z lesa vedle klimkovick\u00fdch l\u00e1zn\u00ed budovat ob\u010dansk\u00e9 sdru\u017een\u00ed \u010cist\u00e9 Klimkovice u\u017e v roce 2011 s podporou mnoha parter\u016f, se nyn\u00ed rozr\u016fst\u00e1 o dal\u0161\u00ed \u00faseky a tak\u00e9 o nov\u00e9 hrac\u00ed a cvi\u010debn\u00ed prvky. V\u011bt\u0161ina z nich je ur\u010dena i pro lidi s t\u011blesn\u00fdm posti\u017een\u00edm. Navrhovala je zahradn\u00ed architekta Iva \u0160krobov\u00e1 s klimkovickou architektkou Petrou \u0160evc\u016fjovou. Spolupracovaly p\u0159itom s fyzioterapeuty Sanatori\u00ed Klimkovice. Cvi\u010debn\u00ed prvky jsou koncipov\u00e1ny tak, aby je mohli vyu\u017e\u00edvat i lid\u00e9 s t\u011blesn\u00fdm posti\u017een\u00edm a dokonce i voz\u00ed\u010dk\u00e1\u0159i. &#8222;U\u017e p\u0159i budov\u00e1n\u00ed prvn\u00ed \u010d\u00e1sti lesn\u00edho parku jsem si uv\u011bdomil, \u017ee v\u0161echny prvky v n\u011bm mus\u00ed b\u00fdt dvoupatrov\u00e9, horizont\u00e1ln\u011b nebo vertik\u00e1ln\u011b. Tak\u017ee nap\u0159\u00edklad nov\u00fd posed s vyhl\u00eddkou do okol\u00ed m\u00e1 prvn\u00ed patro, na kter\u00e9 se d\u00e1 najet po plo\u0161in\u011b i s invalidn\u00edm voz\u00ed\u010dkem, a druh\u00e9 patro, kam se leze po \u017eeb\u0159\u00edku,&#8220; vysv\u011btlil p\u0159edseda ob\u010dansk\u00e9ho sdru\u017een\u00ed Jakub Unucka.<\/p>\n<p>Jak doplnil, sdru\u017een\u00ed vybavilo park celkem t\u0159emi des\u00edtkami r\u016fzn\u00fdch prvk\u016f. Posed, na kter\u00fd se dostanou i lid\u00e9 na voz\u00edku, je onou pov\u011bstnou &#8222;t\u0159e\u0161ni\u010dkou na dortu&#8220;. N\u00e1klady ve v\u00fd\u0161i 3 miliony korun pokryl z v\u011bt\u0161iny kraj.<\/p>\n<p>V\u0161echny prvky jsou d\u0159ev\u011bn\u00e9, aby nenaru\u0161ily r\u00e1z lesa. Vyr\u00e1b\u011bli je zku\u0161en\u00ed \u0159ezb\u00e1\u0159i. Dopl\u0148uj\u00ed prvn\u00ed \u010d\u00e1st lesn\u00edho parku, kter\u00fd zdob\u00ed i sochy zhotoven\u00e9 na \u0159ezb\u00e1\u0159sk\u00e9m sympoziu. Sou\u010d\u00e1st\u00ed nov\u011b otev\u00edran\u00e9 \u010d\u00e1sti jsou t\u00e9\u017e nau\u010dn\u00e9 okruhy s panely, kter\u00e9 popisuj\u00ed funkci lesa, informuj\u00ed o zaj\u00edmavostech Moravskoslezsk\u00e9ho kraje, upozor\u0148uj\u00ed na spr\u00e1vn\u00e9 ekologick\u00e9 chov\u00e1n\u00ed a v\u011bnuj\u00ed se i lidsk\u00e9mu zdrav\u00ed, kter\u00e9mu prosp\u00edv\u00e1 pohyb v p\u0159\u00edrod\u011b. Ani nyn\u00ed ale \u010dlenov\u00e9 klimkovick\u00e9ho sdru\u017een\u00ed neslo\u017e\u00ed ruce do kl\u00edna. &#8222;Cht\u011bli bychom handicapovan\u00fdm pomoci dostat se do \u00fadol\u00ed Polan\u010dice,&#8220; pl\u00e1nuje do budoucna Jakub Unucka.<\/p>\n<p>IVA MU\u0160\u00c1LKOV\u00c1<br \/>\nHav\u00ed\u0159ovsk\u00fd den\u00edk<br \/>\n<a href=\"http:\/\/www.havirovsky.denik.cz\/\">http:\/\/www.havirovsky.denik.cz\/<\/a><\/p>\n","protected":false},"excerpt":{"rendered":"<div class=\"mh-excerpt\"><p>Klimkovick\u00e9 sdru\u017een\u00ed vybavilo lesn\u00ed park t\u0159emi des\u00edtkami d\u0159ev\u011bn\u00fdch prvk\u016f<\/p>\n<\/div>","protected":false},"author":1,"featured_media":12418,"comment_status":"open","ping_status":"closed","sticky":false,"template":"","format":"standard","meta":{"footnotes":""},"categories":[9],"tags":[],"class_list":["post-22875","post","type-post","status-publish","format-standard","has-post-thumbnail","hentry","category-zpravy"],"_links":{"self":[{"href":"https:\/\/www.invarena.cz\/index.php?rest_route=\/wp\/v2\/posts\/22875","targetHints":{"allow":["GET"]}}],"collection":[{"href":"https:\/\/www.invarena.cz\/index.php?rest_route=\/wp\/v2\/posts"}],"about":[{"href":"https:\/\/www.invarena.cz\/index.php?rest_route=\/wp\/v2\/types\/post"}],"author":[{"embeddable":true,"href":"https:\/\/www.invarena.cz\/index.php?rest_route=\/wp\/v2\/users\/1"}],"replies":[{"embeddable":true,"href":"https:\/\/www.invarena.cz\/index.php?rest_route=%2Fwp%2Fv2%2Fcomments&post=22875"}],"version-history":[{"count":0,"href":"https:\/\/www.invarena.cz\/index.php?rest_route=\/wp\/v2\/posts\/22875\/revisions"}],"wp:featuredmedia":[{"embeddable":true,"href":"https:\/\/www.invarena.cz\/index.php?rest_route=\/wp\/v2\/media\/12418"}],"wp:attachment":[{"href":"https:\/\/www.invarena.cz\/index.php?rest_route=%2Fwp%2Fv2%2Fmedia&parent=22875"}],"wp:term":[{"taxonomy":"category","embeddable":true,"href":"https:\/\/www.invarena.cz\/index.php?rest_route=%2Fwp%2Fv2%2Fcategories&post=22875"},{"taxonomy":"post_tag","embeddable":true,"href":"https:\/\/www.invarena.cz\/index.php?rest_route=%2Fwp%2Fv2%2Ftags&post=22875"}],"curies":[{"name":"wp","href":"https:\/\/api.w.org\/{rel}","templated":true}]}}