{"id":22892,"date":"2015-09-30T09:59:54","date_gmt":"2015-09-30T07:59:54","guid":{"rendered":"http:\/\/www.invarena.cz\/?p=22892"},"modified":"2015-09-30T09:59:54","modified_gmt":"2015-09-30T07:59:54","slug":"nove-vyzvy-z-operacniho-programu-zamestnanost-cili-na-socialni-zaclenovani","status":"publish","type":"post","link":"https:\/\/www.invarena.cz\/?p=22892","title":{"rendered":"Nov\u00e9 v\u00fdzvy z Opera\u010dn\u00edho programu Zam\u011bstnanost c\u00edl\u00ed na soci\u00e1ln\u00ed za\u010dle\u0148ov\u00e1n\u00ed"},"content":{"rendered":"<p><strong>Na programy spojen\u00e9 se soci\u00e1ln\u00edm za\u010dle\u0148ov\u00e1n\u00edm vyhl\u00e1silo Ministerstvo pr\u00e1ce a soci\u00e1ln\u00edch v\u011bc\u00ed t\u0159i v\u00fdzvy z nov\u00e9ho Opera\u010dn\u00edho programu Zam\u011bstnanost. Prost\u0159edky budou ur\u010deny na pomoc chud\u00fdm, hendikepovan\u00fdm a jinak znev\u00fdhodn\u011bn\u00fdm lidem, u nich\u017e hroz\u00ed spole\u010densk\u00e1 izolace. Celkov\u00e1 alokace t\u011bchto v\u00fdzev p\u0159esahuje jednu miliardu korun.<\/strong><br \/>\n<!--more--><br \/>\nilustra\u010dn\u00ed foto: foxtongue \/ Flickr. com<\/p>\n<p>V\u00fdzva Podpora aktivit a program\u016f v r\u00e1mci soci\u00e1ln\u00edho za\u010dle\u0148ov\u00e1n\u00ed si klade za c\u00edl zv\u00fd\u0161it uplatnitelnost osob ohro\u017een\u00fdch soci\u00e1ln\u00edm vylou\u010den\u00edm nebo ji\u017e soci\u00e1ln\u011b vylou\u010den\u00fdch osob ve spole\u010dnosti a na trhu pr\u00e1ce. C\u00edlovou skupinou jsou lid\u00e9 se zdravotn\u00edm posti\u017een\u00edm, d\u00e1le ti, kte\u0159\u00ed jsou dlouhodob\u011b nebo opakovan\u011b bez pr\u00e1ce, ale i lid\u00e9, kte\u0159\u00ed bojuj\u00ed se z\u00e1vislostmi nebo jsou vystaveni dom\u00e1c\u00edmu n\u00e1sil\u00ed. <\/p>\n<p>V\u00fdzva Podpora proces\u016f ve slu\u017eb\u00e1ch a podpora rozvoje soci\u00e1ln\u00ed pr\u00e1ce je zam\u011b\u0159ena na rozvoj soci\u00e1ln\u00edch slu\u017eeb. Podpo\u0159eny mohou b\u00fdt tak\u00e9 projekty, kter\u00e9 vedou k v\u011bt\u0161\u00edmu vyu\u017e\u00edv\u00e1n\u00ed sd\u00edlen\u00e9 p\u00e9\u010de (kombinace neform\u00e1ln\u00ed p\u00e9\u010de poskytovan\u00e9 lidmi, kte\u0159\u00ed pe\u010duj\u00ed o osobu bl\u00edzkou, s p\u00e9\u010d\u00ed, kterou zaji\u0161\u0165uj\u00ed poskytovatel\u00e9 soci\u00e1ln\u00edch slu\u017eeb). \u201eTypick\u00fdm \u017eadatelem v t\u00e9to v\u00fdzv\u011b mohou b\u00fdt nap\u0159\u00edklad centra, kter\u00e1 nab\u00edzej\u00ed senior\u016fm pomoc v dom\u00e1cnosti, doprovod k l\u00e9ka\u0159i nebo zaji\u0161t\u011bn\u00ed ob\u011bd\u016f,\u201c vysv\u011btluje ministryn\u011b pr\u00e1ce a soci\u00e1ln\u00edch v\u011bc\u00ed Michaela Marksov\u00e1. <\/p>\n<p>T\u0159et\u00ed z v\u00fdzev s n\u00e1zvem Koordinovan\u00fd p\u0159\u00edstup k soci\u00e1ln\u011b vylou\u010den\u00fdm lokalit\u00e1m podpo\u0159\u00ed projekty, kter\u00e9 pom\u00e1haj\u00ed lidem \u017eij\u00edc\u00edm na \u00fazem\u00ed Ostravy, Krnova, Osobla\u017eska, Oder, Kadan\u011b, Roudnice nad Labem, Dub\u00ed, Chodova, Obrnic a \u0160t\u011bt\u00ed. Jde nap\u0159\u00edklad o aktivity napom\u00e1haj\u00edc\u00ed lidem ze soci\u00e1ln\u011b vylou\u010den\u00fdch lokalit v oblasti soci\u00e1ln\u00edch slu\u017eeb, bydlen\u00ed, mo\u017enosti zam\u011bstn\u00e1n\u00ed v r\u00e1mci soci\u00e1ln\u00edho podniku a v oblasti komunitn\u00ed soci\u00e1ln\u00ed pr\u00e1ce. D\u00e1le budou podporov\u00e1ny aktiviza\u010dn\u00ed a asisten\u010dn\u00ed motiva\u010dn\u00ed programy, kter\u00e9 napom\u00e1haj\u00ed k soci\u00e1ln\u00edmu za\u010dle\u0148ov\u00e1n\u00ed nebo prevenci soci\u00e1ln\u00edho vylou\u010den\u00ed. <\/p>\n<p>Podrobnosti ke ka\u017ed\u00e9 v\u00fdzv\u011b v\u010detn\u011b vymezen\u00ed opr\u00e1vn\u011bn\u00fdch \u017eadatel\u016f \u010di detailn\u00ed specifikace podporovan\u00fdch aktivit najdete na webov\u00fdch str\u00e1nk\u00e1ch Evropsk\u00e9ho soci\u00e1ln\u00edho fondu www.esfcr.czpod z\u00e1lo\u017ekou V\u00fdzvy. <\/p>\n<p>\u010c\u00edslo v\u00fdzvy<br \/>\nN\u00e1zev v\u00fdzvy<br \/>\nDatum zah\u00e1jen\u00ed p\u0159\u00edjmu \u017e\u00e1dost\u00ed o podporu<br \/>\nDatum ukon\u010den\u00ed p\u0159\u00edjmu \u017e\u00e1dost\u00ed o podporu<br \/>\nV\u00fd\u0161e alokace<br \/>\n(v mil. K\u010d)<br \/>\n03_15_022<br \/>\nPodpora aktivit a program\u016f v r\u00e1mci soci\u00e1ln\u00edho za\u010dle\u0148ov\u00e1n\u00ed<br \/>\nhttp:\/\/www.esfcr.cz\/vyzva-022-opz<br \/>\n29. 9. 2015<br \/>\n30. 11. 2015<br \/>\n300<br \/>\n03_15_023<br \/>\nPodpora proces\u016f ve slu\u017eb\u00e1ch a podpora rozvoje soci\u00e1ln\u00ed pr\u00e1ce<br \/>\nhttp:\/\/www.esfcr.cz\/vyzva-023-opz<br \/>\n1. 10. 2015<br \/>\n30. 11. 2015<br \/>\n250<br \/>\n03_15_026<br \/>\nKoordinovan\u00fd p\u0159\u00edstup k soci\u00e1ln\u011b vylou\u010den\u00fdm lokalit\u00e1m<br \/>\nhttp:\/\/www.esfcr.cz\/vyzva-026-opz<br \/>\n29. 9. 2015<br \/>\n31. 7. 2016<br \/>\n610 <\/p>\n<p>Petr Hab\u00e1\u0148<br \/>\ntiskov\u00fd mluv\u010d\u00ed MPSV<\/p>\n","protected":false},"excerpt":{"rendered":"<div class=\"mh-excerpt\"><p>Na programy spojen\u00e9 se soci\u00e1ln\u00edm za\u010dle\u0148ov\u00e1n\u00edm vyhl\u00e1silo Ministerstvo pr\u00e1ce a soci\u00e1ln\u00edch v\u011bc\u00ed t\u0159i v\u00fdzvy z nov\u00e9ho Opera\u010dn\u00edho programu Zam\u011bstnanost. Prost\u0159edky budou ur\u010deny na pomoc chud\u00fdm, <a class=\"mh-excerpt-more\" href=\"https:\/\/www.invarena.cz\/?p=22892\" title=\"Nov\u00e9 v\u00fdzvy z Opera\u010dn\u00edho programu Zam\u011bstnanost c\u00edl\u00ed na soci\u00e1ln\u00ed za\u010dle\u0148ov\u00e1n\u00ed\">[&#8230;]<\/a><\/p>\n<\/div>","protected":false},"author":1,"featured_media":16920,"comment_status":"open","ping_status":"closed","sticky":false,"template":"","format":"standard","meta":{"footnotes":""},"categories":[7],"tags":[],"class_list":["post-22892","post","type-post","status-publish","format-standard","has-post-thumbnail","hentry","category-spolecnost"],"_links":{"self":[{"href":"https:\/\/www.invarena.cz\/index.php?rest_route=\/wp\/v2\/posts\/22892","targetHints":{"allow":["GET"]}}],"collection":[{"href":"https:\/\/www.invarena.cz\/index.php?rest_route=\/wp\/v2\/posts"}],"about":[{"href":"https:\/\/www.invarena.cz\/index.php?rest_route=\/wp\/v2\/types\/post"}],"author":[{"embeddable":true,"href":"https:\/\/www.invarena.cz\/index.php?rest_route=\/wp\/v2\/users\/1"}],"replies":[{"embeddable":true,"href":"https:\/\/www.invarena.cz\/index.php?rest_route=%2Fwp%2Fv2%2Fcomments&post=22892"}],"version-history":[{"count":0,"href":"https:\/\/www.invarena.cz\/index.php?rest_route=\/wp\/v2\/posts\/22892\/revisions"}],"wp:featuredmedia":[{"embeddable":true,"href":"https:\/\/www.invarena.cz\/index.php?rest_route=\/wp\/v2\/media\/16920"}],"wp:attachment":[{"href":"https:\/\/www.invarena.cz\/index.php?rest_route=%2Fwp%2Fv2%2Fmedia&parent=22892"}],"wp:term":[{"taxonomy":"category","embeddable":true,"href":"https:\/\/www.invarena.cz\/index.php?rest_route=%2Fwp%2Fv2%2Fcategories&post=22892"},{"taxonomy":"post_tag","embeddable":true,"href":"https:\/\/www.invarena.cz\/index.php?rest_route=%2Fwp%2Fv2%2Ftags&post=22892"}],"curies":[{"name":"wp","href":"https:\/\/api.w.org\/{rel}","templated":true}]}}