{"id":22895,"date":"2015-10-01T09:25:46","date_gmt":"2015-10-01T07:25:46","guid":{"rendered":"http:\/\/www.invarena.cz\/?p=22895"},"modified":"2015-10-01T09:25:46","modified_gmt":"2015-10-01T07:25:46","slug":"krusne-hory-budou-bez-barier","status":"publish","type":"post","link":"https:\/\/www.invarena.cz\/?p=22895","title":{"rendered":"Kru\u0161n\u00e9 hory budou bez bari\u00e9r"},"content":{"rendered":"<p><strong>Hendikepovan\u00ed budou moci b\u011bhem n\u00e1sleduj\u00edc\u00edho v\u00edkendu st\u0159\u00edlet z luku nebo &#8222;poslouchat hory&#8220; <\/strong><!--more--><\/p>\n<p>Kru\u0161n\u00e9 hory \u2013 Destina\u010dn\u00ed agentura Kru\u0161n\u00e9 hory p\u0159ipravila na n\u00e1sleduj\u00edc\u00ed v\u00edkend akci pro hendikepovan\u00e9. Ti budou moci nav\u0161t\u00edvit n\u011bkolik m\u00edst, kde jsou p\u0159ipraveni p\u0159ij\u00edmat n\u011bjak\u00fdm zp\u016fsobem zdravotn\u011b znev\u00fdhodn\u011bn\u00e9 ob\u010dany neust\u00e1le, nebo na to budou p\u0159ipraveni speci\u00e1ln\u011b v z\u00e1v\u011bru tohoto t\u00fddne. Nejv\u00edce zapojen\u00fdch organizac\u00ed je z Mostecka. Akce s n\u00e1zvem Do Kru\u0161n\u00fdch hor bez bari\u00e9r je ur\u010dena hendikepovan\u00fdm lidem ze v\u0161ech kout\u016f \u010cesk\u00e9 republiky. &#8222;Kru\u0161n\u00e9 hory jsou kr\u00e1sn\u00e9. Maj\u00ed co nab\u00eddnout v\u0161em v\u011bkov\u00fdm skupin\u00e1m. Aby mohli lid\u00e9 s hendikepem p\u0159ijet do Kru\u0161n\u00fdch hor bez obav, p\u0159ipravili jsme pro n\u011b v\u00edkend pln\u00fd z\u00e1\u017eitk\u016f \u0161it\u00fd pr\u00e1v\u011b hendikepovan\u00fdm na m\u00edru,&#8220; \u0159ekla \u0159editelka Destina\u010dn\u00ed agentury Kru\u0161n\u00e9ho hory Eva Ma\u0159\u00edkov\u00e1. Podobn\u011b Kru\u0161noho\u0159\u00ed prezentovala v srpnu, kdy mohli lid\u00e9 nav\u0161t\u00edvit vybran\u00e1 m\u00edsta bez placen\u00ed vstupn\u00e9ho.<br \/>\nHendikepovan\u00ed mohou b\u011bhem nadch\u00e1zej\u00edc\u00edho v\u00edkendu p\u0159ijet nap\u0159\u00edklad do SportCentra Kl\u00ednovec, kde budou moci pod veden\u00edm instruktor\u016f st\u0159\u00edlet z luku. Ve Sport are\u00e1lu Kl\u00edny je bude \u010dekat vyj\u00ed\u017e\u010fka lanovkou. Na nevidom\u00e9 bude zam\u011b\u0159eno Offroadsafari, kter\u00e9 p\u0159edstav\u00ed Kru\u0161n\u00e9 hory prost\u0159ednictv\u00edm sluchov\u00fdch vjem\u016f. Destina\u010dn\u00ed agentura nyn\u00ed z\u00e1rove\u0148 ve spolupr\u00e1ci se Svazkem obc\u00ed regionu Kru\u0161n\u00fdch hor p\u0159ipravuje turistick\u00fd materi\u00e1l Do Kru\u0161n\u00fdch hor bez bari\u00e9r. &#8222;Turist\u00e9 s hendikepem, rodi\u010de s mal\u00fdmi d\u011btmi, m\u00e9n\u011b zdatn\u00ed sportovci a senio\u0159i tu najdou mo\u017enosti bezbari\u00e9rov\u00e9ho ubytov\u00e1n\u00ed, tipy na v\u00fdlety, cyklostezku vhodnou pro tuto skupinu turist\u016f a dal\u0161\u00ed zaj\u00edmavosti. Materi\u00e1l najdou v turistick\u00fdch informa\u010dn\u00edch centrech do konce leto\u0161n\u00edho roku,&#8220; doplnila Eva Ma\u0159\u00edkov\u00e1.<\/p>\n<p>MONIKA GORD\u00cdKOV\u00c1<br \/>\nMosteck\u00fd den\u00edk<br \/>\n<a href=\"http:\/\/www.mostecky.denik.cz\/\">http:\/\/www.mostecky.denik.cz\/<\/a><\/p>\n","protected":false},"excerpt":{"rendered":"<div class=\"mh-excerpt\"><p>Hendikepovan\u00ed budou moci b\u011bhem n\u00e1sleduj\u00edc\u00edho v\u00edkendu st\u0159\u00edlet z luku nebo &#8222;poslouchat hory&#8220;<\/p>\n<\/div>","protected":false},"author":1,"featured_media":5659,"comment_status":"open","ping_status":"closed","sticky":false,"template":"","format":"standard","meta":{"footnotes":""},"categories":[7],"tags":[],"class_list":["post-22895","post","type-post","status-publish","format-standard","has-post-thumbnail","hentry","category-spolecnost"],"_links":{"self":[{"href":"https:\/\/www.invarena.cz\/index.php?rest_route=\/wp\/v2\/posts\/22895","targetHints":{"allow":["GET"]}}],"collection":[{"href":"https:\/\/www.invarena.cz\/index.php?rest_route=\/wp\/v2\/posts"}],"about":[{"href":"https:\/\/www.invarena.cz\/index.php?rest_route=\/wp\/v2\/types\/post"}],"author":[{"embeddable":true,"href":"https:\/\/www.invarena.cz\/index.php?rest_route=\/wp\/v2\/users\/1"}],"replies":[{"embeddable":true,"href":"https:\/\/www.invarena.cz\/index.php?rest_route=%2Fwp%2Fv2%2Fcomments&post=22895"}],"version-history":[{"count":0,"href":"https:\/\/www.invarena.cz\/index.php?rest_route=\/wp\/v2\/posts\/22895\/revisions"}],"wp:featuredmedia":[{"embeddable":true,"href":"https:\/\/www.invarena.cz\/index.php?rest_route=\/wp\/v2\/media\/5659"}],"wp:attachment":[{"href":"https:\/\/www.invarena.cz\/index.php?rest_route=%2Fwp%2Fv2%2Fmedia&parent=22895"}],"wp:term":[{"taxonomy":"category","embeddable":true,"href":"https:\/\/www.invarena.cz\/index.php?rest_route=%2Fwp%2Fv2%2Fcategories&post=22895"},{"taxonomy":"post_tag","embeddable":true,"href":"https:\/\/www.invarena.cz\/index.php?rest_route=%2Fwp%2Fv2%2Ftags&post=22895"}],"curies":[{"name":"wp","href":"https:\/\/api.w.org\/{rel}","templated":true}]}}