{"id":22900,"date":"2015-10-18T09:30:46","date_gmt":"2015-10-18T07:30:46","guid":{"rendered":"http:\/\/www.invarena.cz\/?p=22900"},"modified":"2015-10-18T09:45:50","modified_gmt":"2015-10-18T07:45:50","slug":"kolik-stoji-zdravi-stat-vybere-experty-kteri-to-spocitaji-mf","status":"publish","type":"post","link":"https:\/\/www.invarena.cz\/?p=22900","title":{"rendered":"Kolik stoj\u00ed zdrav\u00ed? St\u00e1t vybere experty, kte\u0159\u00ed to spo\u010d\u00edtaj\u00ed"},"content":{"rendered":"<p><strong>Soudn\u00edch spor\u016f mezi pacienty a l\u00e9ka\u0159i p\u0159ib\u00fdv\u00e1. Vznikla kv\u016fli nim i nov\u00e1 profese: soudn\u00ed znalec na zdravotn\u00ed od\u0161kodn\u00e9.<\/strong><!--more--><\/p>\n<p>PRAHA Jak\u00e1 je spr\u00e1vn\u00e1 suma od\u0161kodn\u00e9ho za to, \u017ee se l\u00e9ka\u0159i spletli a vyoperovali pacientovi zdravou ledvinu m\u00edsto t\u00e9 nemocn\u00e9?<br \/>\nNov\u011b to bude posuzovat zcela nov\u00fd odborn\u00edk: specialista na zdravotn\u00ed od\u0161kodn\u00e9. Znaleck\u00fd obor nazvan\u00fd &#8222;Stanoven\u00ed nemateri\u00e1ln\u00ed \u00fajmy na zdrav\u00fd&#8220; zavedlo ministerstvo spravedlnosti letos v l\u00e9t\u011b. Nov\u00fd soudn\u00ed znalec bude muset um\u011bt ocenit, jak moc je \u00fajma na zdrav\u00ed pacienta vysok\u00e1. Tabulky k tomu u\u017e skoro dva roky neexistuj\u00ed a z\u00e1le\u017e\u00ed \u010dist\u011b na soudci, jak vysokou \u010d\u00e1stku \u017ealobci nebo jeho po\u0161kozen\u00e9 rodin\u011b p\u0159izn\u00e1. V\u00fdsledn\u00e1 vysouzen\u00e1 suma se mimo jin\u00e9 v\u00e1\u017ee k v\u011bku pacienta nebo k jeho pr\u00e1ci.<br \/>\nZdravotnick\u00e1 za\u0159\u00edzen\u00ed si t\u00e9to zm\u011bny zat\u00edm po\u0159\u00e1dn\u011b nev\u0161imla. &#8222;J\u00e1 to sly\u0161\u00edm prvn\u011b. A neum\u00edm si up\u0159\u00edmn\u011b \u0159e\u010deno p\u0159edstavit, jak bude vypadat st\u00e1tn\u00ed zkou\u0161ka pro \u010dlov\u011bka, kter\u00fd m\u00e1 posoudit od\u0161kodn\u00e9 za zka\u017een\u00fd meniskus kolena nebo za po\u0161kozen\u00ed zdrav\u00ed spolujezdce u autonehody. J\u00e1 bych jako anesteziolog necht\u011bl, aby m\u00e9 chyby posuzoval \u010dlov\u011bk, kter\u00fd se zab\u00fdv\u00e1 ortopedi\u00ed. Nem\u016f\u017ee tomu prost\u011b v\u016fbec rozum\u011bt,&#8220; komentuje novinku viceprezident \u010cesk\u00e9 l\u00e9ka\u0159sk\u00e9 komory Zden\u011bk Mrozek.<br \/>\nNar\u00e1\u017e\u00ed t\u00edm na fakt, \u017ee vyhl\u00e1\u0161ka ministerstva spravedlnosti z leto\u0161n\u00edho l\u00e9ta ur\u010duje, v jak\u00fdch oborech se specialist\u00e9 na zdravotn\u00ed od\u0161kodn\u011bn\u00ed budou \u0161kolit. Bohu\u017eel sem nap\u0159\u00edklad nepat\u0159\u00ed porodnictv\u00ed, co\u017e je p\u0159itom jedna z nej\u010dast\u011bji \u017ealovan\u00fdch oblast\u00ed ve zdravotnictv\u00ed.<br \/>\n&#8222;Nijak to nerespektuje existuj\u00edc\u00ed l\u00e9ka\u0159sk\u00e9 obory a nikdo to tak\u00e9 s n\u00e1mi coby s l\u00e9ka\u0159skou komorou neprojedn\u00e1val, tak\u017ee to moc nech\u00e1pu,&#8220; dod\u00e1v\u00e1 Mrozek.<\/p>\n<p>L\u00e9ka\u0159i v defenziv\u011b<\/p>\n<p>I p\u0159es skepsi \u010cesk\u00e9 l\u00e9ka\u0159sk\u00e9 komory je u\u017e te\u010f jasn\u00e9, \u017ee nov\u00fd znaleck\u00fd obor m\u00e1 p\u0159ed sebou sv\u011btlou budoucnost. Pr\u00e1vn\u00edci si dnes rozhodn\u011b na nedostatek klient\u016f, kte\u0159\u00ed se cht\u011bj\u00ed soudit s l\u00e9ka\u0159i, nest\u011b\u017euj\u00ed. &#8222;Takov\u00fdch \u017ealob st\u00e1le p\u0159ib\u00fdv\u00e1,&#8220; \u0159\u00edk\u00e1 specialista na zdravotnick\u00e9 pr\u00e1vo Ond\u0159ej Dost\u00e1l.<br \/>\nA stoup\u00e1 i v\u00fd\u0161e od\u0161kodn\u00e9ho. Zat\u00edm nejvy\u0161\u0161\u00ed p\u0159iznan\u00e9 od\u0161kodn\u00e9 dos\u00e1hlo \u010d\u00e1stky p\u0159es t\u0159icet milion\u016f korun. &#8222;To b\u00fdv\u00e1 v p\u0159\u00edpadech, kdy se jedn\u00e1 o d\u00edt\u011b nezvratn\u011b po\u0161kozen\u00e9, a o dal\u0161\u00ed \u00fajmy \u2013 nap\u0159\u00edklad fakt, \u017ee rodina mus\u00ed upravit byt, auto a dal\u0161\u00ed v\u011bci pro posti\u017een\u00e9ho p\u0159\u00edbuzn\u00e9ho,&#8220; vypr\u00e1v\u00ed pr\u00e1vn\u00edk Petr \u0160ustek, kter\u00fd v\u011bt\u0161inou h\u00e1j\u00ed nemocnice proti pacient\u016fm. &#8222;Kop\u00edrujeme zahrani\u010d\u00ed. Rozt\u00e1\u010d\u00ed se u n\u00e1s spir\u00e1la pojistek kv\u016fli p\u0159ib\u00fdvaj\u00edc\u00edm \u017ealob\u00e1m. D\u0159\u00edv bylo mo\u017en\u00e9, aby se nemocnice pojistila na p\u011bt deset milion\u016f korun pro p\u0159\u00edpad chyby. Dnes by takov\u00e1 pojistka byla pova\u017eov\u00e1na za hloupou,&#8220; \u0159\u00edk\u00e1 pr\u00e1vn\u00edk.<br \/>\nNemocnice se tak dnes poji\u0161\u0165uj\u00ed na minim\u00e1ln\u011b 30 milion\u016f korun a stoj\u00ed je to miliony ro\u010dn\u011b. Na druh\u00e9 stran\u011b pacienti maj\u00ed u\u017e skoro dva roky mnohem v\u011bt\u0161\u00ed \u0161anci vysoudit od\u0161kodn\u00e9, jak\u00e9 odpov\u00edd\u00e1 zdravotn\u00ed \u00fajm\u011b. A nikoliv p\u00e1r des\u00edtek tis\u00edc korun, jako tomu bylo d\u0159\u00edve, ne\u017e za\u010dal platit nov\u00fd ob\u010dansk\u00fd z\u00e1kon\u00edk.<\/p>\n<p>&#8212;<\/p>\n<p>Fakta Jak roste od\u0161kodn\u00e9 P\u0159\u00edpady vysok\u00e9ho od\u0161kodn\u011bn\u00ed za zni\u010den\u00e9 zdrav\u00ed: 16 milion\u016f korun musela zaplatit prost\u011bjovsk\u00e1 nemocnice za po\u0161kozen\u00ed zdrav\u00ed \u010dty\u0159let\u00e9ho chlapce, jemu\u017e se p\u0159i ban\u00e1ln\u00edm z\u00e1kroku nen\u00e1vratn\u011b po\u0161kodil mozek. 12 milion\u016f korun m\u011bli dostat rodi\u010de dvan\u00e1ctilet\u00e9ho Martina Kol\u00e1\u0159e, jemu\u017e se zastavilo srdce pot\u00e9, co jej l\u00e9ka\u0159i Nemocnice Na Bulovce operovali kv\u016fli pozd\u011b diagnostikovan\u00e9mu zauzlen\u00ed st\u0159ev. 2 miliony korun od\u0161kodn\u00e9ho musela podle soudu Nemocnice Na Bulovce zaplatit za zni\u010den\u00ed zdrav\u00ed d\u00edvky, kter\u00e1 zem\u0159ela po omylem vp\u00edchnut\u00e9 injekci chloridu draseln\u00e9ho.<\/p>\n<p>O autorovi: Lenka Petr\u00e1\u0161ov\u00e1, redaktorka MF DNES<\/p>\n","protected":false},"excerpt":{"rendered":"<div class=\"mh-excerpt\"><p>Soudn\u00edch spor\u016f mezi pacienty a l\u00e9ka\u0159i p\u0159ib\u00fdv\u00e1. Vznikla kv\u016fli nim i nov\u00e1 profese: soudn\u00ed znalec na zdravotn\u00ed od\u0161kodn\u00e9.<\/p>\n<\/div>","protected":false},"author":1,"featured_media":13881,"comment_status":"open","ping_status":"closed","sticky":false,"template":"","format":"standard","meta":{"footnotes":""},"categories":[1],"tags":[],"class_list":["post-22900","post","type-post","status-publish","format-standard","has-post-thumbnail","hentry","category-nezarazene"],"_links":{"self":[{"href":"https:\/\/www.invarena.cz\/index.php?rest_route=\/wp\/v2\/posts\/22900","targetHints":{"allow":["GET"]}}],"collection":[{"href":"https:\/\/www.invarena.cz\/index.php?rest_route=\/wp\/v2\/posts"}],"about":[{"href":"https:\/\/www.invarena.cz\/index.php?rest_route=\/wp\/v2\/types\/post"}],"author":[{"embeddable":true,"href":"https:\/\/www.invarena.cz\/index.php?rest_route=\/wp\/v2\/users\/1"}],"replies":[{"embeddable":true,"href":"https:\/\/www.invarena.cz\/index.php?rest_route=%2Fwp%2Fv2%2Fcomments&post=22900"}],"version-history":[{"count":0,"href":"https:\/\/www.invarena.cz\/index.php?rest_route=\/wp\/v2\/posts\/22900\/revisions"}],"wp:featuredmedia":[{"embeddable":true,"href":"https:\/\/www.invarena.cz\/index.php?rest_route=\/wp\/v2\/media\/13881"}],"wp:attachment":[{"href":"https:\/\/www.invarena.cz\/index.php?rest_route=%2Fwp%2Fv2%2Fmedia&parent=22900"}],"wp:term":[{"taxonomy":"category","embeddable":true,"href":"https:\/\/www.invarena.cz\/index.php?rest_route=%2Fwp%2Fv2%2Fcategories&post=22900"},{"taxonomy":"post_tag","embeddable":true,"href":"https:\/\/www.invarena.cz\/index.php?rest_route=%2Fwp%2Fv2%2Ftags&post=22900"}],"curies":[{"name":"wp","href":"https:\/\/api.w.org\/{rel}","templated":true}]}}