{"id":22902,"date":"2015-10-01T07:12:13","date_gmt":"2015-10-01T05:12:13","guid":{"rendered":"http:\/\/www.invarena.cz\/?p=22902"},"modified":"2015-10-01T07:12:24","modified_gmt":"2015-10-01T05:12:24","slug":"vlada-nesouhlasi-s-navrhem-na-odskodneni-obeti-sterilizace","status":"publish","type":"post","link":"https:\/\/www.invarena.cz\/?p=22902","title":{"rendered":"Vl\u00e1da nesouhlas\u00ed s n\u00e1vrhem na od\u0161kodn\u011bn\u00ed ob\u011bt\u00ed sterilizace"},"content":{"rendered":"<p><strong>Ob\u011bti protipr\u00e1vn\u00edch sterilizac\u00ed z minul\u00fdch desetilet\u00ed se z\u0159ejm\u011b nedo\u010dkaj\u00ed od\u0161kodn\u011bn\u00ed od st\u00e1tu, jak ho navrhl t\u00fdm ministra pro lidsk\u00e1 pr\u00e1va Ji\u0159\u00edho Dienstbiera (\u010cSSD). Premi\u00e9r Bohuslav Sobotka (\u010cSSD) po no\u010dn\u00edm jedn\u00e1n\u00ed vl\u00e1dy bez dal\u0161\u00edch podrobnost\u00ed novin\u00e1\u0159\u016fm \u0159ekl, \u017ee vl\u00e1da s n\u00e1vrhem nesouhlas\u00ed. <\/strong><!--more--><\/p>\n<p>foto: M.R.Hasan \/ Flickr.com<\/p>\n<p>Podle n\u00e1vrhu m\u011bly \u017eeny dostat od\u0161kodn\u011bn\u00ed a\u017e 300.000 korun. U\u017e p\u0159ed dne\u0161n\u00edm jedn\u00e1n\u00edm byly n\u011bkter\u00e9 resorty proti. Podle nich se ob\u011bti mohly kv\u016fli od\u0161kodn\u00e9mu obr\u00e1tit na soud a m\u011blo by tak\u00e9 sta\u010dit, \u017ee se jim st\u00e1t u\u017e omluvil a pravidla z\u00e1kroku zm\u011bnil.<\/p>\n<p>S podez\u0159en\u00edm na nucen\u00e9 sterilizace v \u010cesku, a to p\u0159edev\u0161\u00edm romsk\u00fdch \u017een, p\u0159i\u0161lo v roce 2004 Evropsk\u00e9 centrum pro pr\u00e1va Rom\u016f (ERRC). Des\u00edtky \u017een se pak p\u0159ihl\u00e1sily ombudsmanovi, n\u011bkter\u00e9 se obr\u00e1tily i na soudy. Vl\u00e1dn\u00ed v\u00fdbor proti mu\u010den\u00ed navrhl zav\u00e9st od\u0161kodn\u00e9 u\u017e v roce 2006. V roce 2009 se za protipr\u00e1vn\u00ed z\u00e1kroky tehdej\u0161\u00ed kabinet omluvil. Za to, \u017ee st\u00e1t poru\u0161oval pr\u00e1va lid\u00ed a dosud je neod\u0161kodnil, \u010cR skl\u00edz\u00ed kritiku od mezin\u00e1rodn\u00edch organizac\u00ed.<\/p>\n<p>Nov\u00fd z\u00e1kon m\u011bl podle sv\u00fdch autor\u016f umo\u017enit od\u0161kodn\u00e9 ob\u011btem, kter\u00e9 ho nemohou kv\u016fli proml\u010den\u00ed dostat soudn\u00ed cestou. N\u00e1vrh vymezuje obdob\u00ed t\u00e9m\u011b\u0159 46 let od platnosti z\u00e1kona o zdrav\u00ed lidu do p\u0159ijet\u00ed nov\u00fdch norem. Od\u0161kodn\u00e9 by tedy mohlo p\u0159ipadnout osob\u00e1m, kter\u00e9 z\u00e1krok podstoupily mezi 1. \u010dervencem 1966 a 31. b\u0159eznem 2012. Pro sterilizaci se nerozhodly svobodn\u011b, ale po p\u0159esv\u011bd\u010dov\u00e1n\u00ed, hrozb\u011b odebr\u00e1n\u00ed d\u011bt\u00ed \u010di d\u00e1vek.<\/p>\n<p>Podle n\u00e1vrhu ob\u011bti mohly dostat omluvu, od\u0161kodn\u00e9 300.000 korun a tak\u00e9 n\u00e1hradu n\u00e1klad\u016f za p\u0159\u00edpadnou l\u00e9\u010dbu a rehabilitaci kv\u016fli po\u010det\u00ed d\u00edt\u011bte.<\/p>\n","protected":false},"excerpt":{"rendered":"<div class=\"mh-excerpt\"><p>Ob\u011bti protipr\u00e1vn\u00edch sterilizac\u00ed z minul\u00fdch desetilet\u00ed se z\u0159ejm\u011b nedo\u010dkaj\u00ed od\u0161kodn\u011bn\u00ed od st\u00e1tu, jak ho navrhl t\u00fdm ministra pro lidsk\u00e1 pr\u00e1va Ji\u0159\u00edho Dienstbiera (\u010cSSD). Premi\u00e9r Bohuslav <a class=\"mh-excerpt-more\" href=\"https:\/\/www.invarena.cz\/?p=22902\" title=\"Vl\u00e1da nesouhlas\u00ed s n\u00e1vrhem na od\u0161kodn\u011bn\u00ed ob\u011bt\u00ed sterilizace\">[&#8230;]<\/a><\/p>\n<\/div>","protected":false},"author":1,"featured_media":14607,"comment_status":"open","ping_status":"closed","sticky":false,"template":"","format":"standard","meta":{"footnotes":""},"categories":[6],"tags":[],"class_list":["post-22902","post","type-post","status-publish","format-standard","has-post-thumbnail","hentry","category-politika"],"_links":{"self":[{"href":"https:\/\/www.invarena.cz\/index.php?rest_route=\/wp\/v2\/posts\/22902","targetHints":{"allow":["GET"]}}],"collection":[{"href":"https:\/\/www.invarena.cz\/index.php?rest_route=\/wp\/v2\/posts"}],"about":[{"href":"https:\/\/www.invarena.cz\/index.php?rest_route=\/wp\/v2\/types\/post"}],"author":[{"embeddable":true,"href":"https:\/\/www.invarena.cz\/index.php?rest_route=\/wp\/v2\/users\/1"}],"replies":[{"embeddable":true,"href":"https:\/\/www.invarena.cz\/index.php?rest_route=%2Fwp%2Fv2%2Fcomments&post=22902"}],"version-history":[{"count":0,"href":"https:\/\/www.invarena.cz\/index.php?rest_route=\/wp\/v2\/posts\/22902\/revisions"}],"wp:featuredmedia":[{"embeddable":true,"href":"https:\/\/www.invarena.cz\/index.php?rest_route=\/wp\/v2\/media\/14607"}],"wp:attachment":[{"href":"https:\/\/www.invarena.cz\/index.php?rest_route=%2Fwp%2Fv2%2Fmedia&parent=22902"}],"wp:term":[{"taxonomy":"category","embeddable":true,"href":"https:\/\/www.invarena.cz\/index.php?rest_route=%2Fwp%2Fv2%2Fcategories&post=22902"},{"taxonomy":"post_tag","embeddable":true,"href":"https:\/\/www.invarena.cz\/index.php?rest_route=%2Fwp%2Fv2%2Ftags&post=22902"}],"curies":[{"name":"wp","href":"https:\/\/api.w.org\/{rel}","templated":true}]}}